{"id":4704,"date":"2021-03-30T10:16:40","date_gmt":"2021-03-30T10:16:40","guid":{"rendered":"https:\/\/wecreatedesign.co\/dev\/WP\/amec\/?p=4704"},"modified":"2021-03-30T10:16:40","modified_gmt":"2021-03-30T10:16:40","slug":"nova-estrategia-damec-transformadora-positiva-i-sostenible-2023","status":"publish","type":"post","link":"https:\/\/en.amec.es\/index.php\/2021\/03\/30\/nova-estrategia-damec-transformadora-positiva-i-sostenible-2023\/","title":{"rendered":"Nova Estrat\u00e8gia d&#8217;amec transformadora, positiva i sostenible 2023"},"content":{"rendered":"<p>Despr\u00e9s de la finalitzaci\u00f3 de l&#8217;estrat\u00e8gia\u00a0<em>Visi\u00f3 2020<\/em>, que va abastar el per\u00edode 2017-2020 i que va tenir com a resultat l&#8217;increment en un 37,3% de l&#8217;impacte en la competitivitat internacional dels membres de la comunitat,\u00a0<em><strong>amec<\/strong><\/em>\u00a0ha presentat a l&#8217;Assemblea General la nova\u00a0<strong>Estrat\u00e8gia d&#8217;<em>amec<\/em>\u00a0transformadora, positiva i sostenible 2023<\/strong>, que marca el rumb de l&#8217;entitat des de 2021 fins 2023.<\/p>\n<p>&nbsp;<\/p>\n<p>L&#8217;estrat\u00e8gia ha estat elaborada tenint en compte l&#8217;escenari de futur m\u00e9s plausible per a les empreses industrials internacionalitzades, observant les mesures de conting\u00e8ncia i l&#8217;efecte de les ajudes p\u00fabliques, tal com ha descrit l&#8217;<strong>Observatori<em>\u00a0amec<\/em><\/strong>\u00a0en un treball essencial de prospectiva. Aix\u00ed mateix, la nova estrat\u00e8gia s&#8217;ha dissenyat basant-se el prop\u00f2sit de amec, i la seva missi\u00f3: impulsar els factors clau de competitivitat a les empreses.<\/p>\n<p>&nbsp;<\/p>\n<p><img fetchpriority=\"high\" decoding=\"async\" src=\"http:\/\/wecreatedesign.co\/dev\/WP\/amec\/wp-content\/uploads\/2023\/03\/pilares-amec-2-redim-w585-h348.png\" alt=\"pilares-amec.PNG\" width=\"585\" height=\"348\" \/><\/p>\n<p>&nbsp;<\/p>\n<p>Els reptes i els objectius que planteja s&#8217;han elaborat segons els cinc pilars que sustenten tota l&#8217;actuaci\u00f3 d&#8217;<em><strong>amec<\/strong><\/em>: Comunitat, Mercat Internacional, Competitivitat, Prospectiva i Lobby. Aquestes s\u00f3n les seves claus:<\/p>\n<p>&nbsp;<\/p>\n<p><strong>-Comunitat<\/strong>:\u00a0<em><strong>amec<\/strong>\u00a0<\/em>potenciar\u00e0 la comunitat i la s&#8217;ampliar\u00e0, fent-la flexible, m\u00e9s din\u00e0mica i oberta a l&#8217;ecosistema. \u00c9s per aix\u00f2 que el Pla d&#8217;Actuaci\u00f3 2021, elaborat sobre la base de l&#8217;estrat\u00e8gia, preveu fer cr\u00e9ixer el moviment Positive Industry, sumant adhesions, aix\u00ed com potenciar la col\u00b7laboraci\u00f3 entre les seves empreses mitjan\u00e7ant l&#8217;\u00fas com\u00fa i habitual de la ZonaCo, la zona privada de la plataforma web, perqu\u00e8 les empreses membres comparteixin reptes, capacitats, dubtes i es donin suport unes en altres.<\/p>\n<p>&nbsp;<\/p>\n<p><strong>-Mercat Internacional<\/strong>:\u00a0<em><strong>amec<\/strong><\/em>\u00a0impulsar\u00e0 la digitalitzaci\u00f3 de la internacionalitzaci\u00f3, de la comercialitzaci\u00f3, de el servei t\u00e8cnic i postvenda de les empreses. Promour\u00e0 noves formes de pres\u00e8ncia a l&#8217;exterior i l&#8217;adaptaci\u00f3 de les empreses industrials de la comunitat a les noves regles internacionals. Per aix\u00f2, el 25% de les activitats seran digitals.<\/p>\n<p>&nbsp;<\/p>\n<p>En aquesta l\u00ednia, el Pla d&#8217;Actuaci\u00f3 2021 preveu potenciar la digitalitzaci\u00f3 de la internacionalitzaci\u00f3 mitjan\u00e7ant l&#8217;impuls dels sites sectorials i el foment de la participaci\u00f3 en marketplaces industrials internacionals.\u00a0<em><strong>amec<\/strong><\/em>\u00a0desenvolupar\u00e0 nous serveis per a la participaci\u00f3 de les seves empreses industrials a les noves fires i defensar\u00e0 els interessos de la comunitat. Tenint en compte un reinici de l&#8217;activitat firal a partir del segon semestre, l&#8217;activitat internacional ser\u00e0 molt important en la segona part de l&#8217;any.<\/p>\n<p>&nbsp;<\/p>\n<p><strong>-Competitivitat<\/strong>:\u00a0<em><strong>amec<\/strong><\/em>\u00a0treballar\u00e0 per desenvolupar la capacitat adaptativa en les empreses, impulsant nous models de lideratge. Tamb\u00e9 les acostar\u00e0 als nous reptes competitius: adopci\u00f3 d&#8217;un prop\u00f2sit, atracci\u00f3 de talent, transformaci\u00f3 digital, innovaci\u00f3 tecnol\u00f2gica i concentracions empresarials. Es proposa a m\u00e9s de contribuir a la sostenibilitat de la producci\u00f3 de les empreses membre. &#8220;L&#8217;objectiu que es marca amec \u00e9s que, com a m\u00ednim, el 75% dels nostres membres utilitzi la nova proposta de valor en competitivitat quan finalitzi el per\u00edode que abasta l&#8217;estrat\u00e8gia. Tamb\u00e9 ens proposem impactar en la capacitat adaptativa de, com a m\u00ednim, el 85% dels membres de 2021-2023 &#8220;, va explicar el director general d&#8217;amec durant l&#8217;Assemblea General.<\/p>\n<p>&nbsp;<\/p>\n<p>Aix\u00ed, el Pla d&#8217;Actuaci\u00f3 per a aquest any continuar\u00e0 amb el programa de formaci\u00f3 tan ben valorat pels executius que han participat, el Adaptive Industry. Tamb\u00e9 es proposa facilitar l&#8217;acc\u00e9s als fons de reactivaci\u00f3. &#8220;Treballarem per garantir que les nostres empreses tinguin acc\u00e9s als fons i que siguin beneficierias tamb\u00e9 quan aquests vagin dirigits a altres projectes&#8221;, va afirmar Tristany.<\/p>\n<p>&nbsp;<\/p>\n<p><strong>-Prospectiva<\/strong>: l&#8217;estrat\u00e8gia preveu millorar la capacitat prospectiva de les empreses d&#8217;amec perqu\u00e8 puguin tenir una bona adaptaci\u00f3 a l&#8217;entorn canviant. El treball de prospectiva que realitza l&#8217;Observatori\u00a0<em><strong>amec<\/strong><\/em>\u00a0ampliar\u00e0 el seu focus, i no nom\u00e9s seguir\u00e0 abastant els mercats internacionals, sin\u00f3 tamb\u00e9 aspectes com la tecnologia, el talent i la sostenibilitat. Aix\u00ed mateix, seguir\u00e0 realitzant una observaci\u00f3 de les tend\u00e8ncies de fons i dels escenaris de futur a curt i mig termini descrits en l&#8217;estrat\u00e8gia 2023.<\/p>\n<p>En la seva concreci\u00f3 en 2021, el Pla d&#8217;Actuaci\u00f3 preveu que un 60% de l&#8217;activitat de prospectiva ser\u00e0 m\u00e9s enll\u00e0 dels mercats.<\/p>\n<p>&nbsp;<\/p>\n<p><strong>-Lobby<\/strong>:\u00a0<em><strong>amec<\/strong><\/em>\u00a0promour\u00e0 els interessos de la ind\u00fastria en una etapa en qu\u00e8 augmentar\u00e0 el pes de les pol\u00edtiques p\u00fabliques, tant en l&#8217;\u00e0mbit de la regulaci\u00f3, que ser\u00e0 m\u00e9s gran, com en l&#8217;aplicaci\u00f3 de recursos per incentivar activitats, com els fons Next Generation UE, entre d&#8217;altres. &#8220;L&#8217;objectiu ser\u00e0 augmentar la capacitat d&#8217;influ\u00e8ncia, fer m\u00e9s estable la notorietat de la nova amec i de la ind\u00fastria i realitzar una tasca de lobby per posar la ind\u00fastria al centre com a garant de la prosperitat&#8221;.<\/p>\n<p>&nbsp;<\/p>\n<p>En 2021, la tasca de lobby posar\u00e0 el focus en els fons de reactivaci\u00f3, el seu acc\u00e9s per part dels membres i que aquests estiguin enfocats a la transformaci\u00f3 de les empreses.\u00a0<em><strong>amec<\/strong><\/em>\u00a0seguir\u00e0 difonent el document Claus per al Canvi de Model Productiu, que incideix en all\u00f2 que s&#8217;ha de fer per a la transformaci\u00f3 de la nostra ind\u00fastria per assegurar la seva competitivitat i, amb aix\u00f2, garantir una economia s\u00f2lida i diversificada.<\/p>\n<p>&nbsp;<\/p>\n<p>Aix\u00ed mateix, &#8220;augmentarem la nostra capacitat de lobby col\u00b7laborant amb altres organitzacions, com les patronals o el Industry Cl\u00faster Alliance, i donant visibilitat a la nostra acci\u00f3&#8221;, va destacar Tristany. Un exemple de l&#8217;acci\u00f3 per posar a la ind\u00fastria en el centre \u00e9s el proper acte Ind\u00fastria,\u00a0<a href=\"https:\/\/www.amec.es\/ca\/pl102\/agenda\/id105\/industria-last-call.htm\" target=\"_blank\" rel=\"noopener\"><strong>Last Call de el 12 d&#8217;abril<\/strong><\/a>, que comptar\u00e0 amb la pres\u00e8ncia a la seu d&#8217;<em><strong>amec<\/strong><\/em>\u00a0del secretari general d&#8217;Ind\u00fastria, Ra\u00fcl Blanco.<\/p>\n","protected":false},"excerpt":{"rendered":"<p>Despr\u00e9s de la finalitzaci\u00f3 de l&#8217;estrat\u00e8gia\u00a0Visi\u00f3 2020, que va abastar el per\u00edode 2017-2020 i que va tenir com a resultat l&#8217;increment en un 37,3% de l&#8217;impacte en la competitivitat internacional dels membres de la comunitat,\u00a0amec\u00a0ha presentat a l&#8217;Assemblea General la nova\u00a0Estrat\u00e8gia d&#8217;amec\u00a0transformadora, positiva i sostenible 2023, que marca el rumb de l&#8217;entitat des de 2021 [&hellip;]<\/p>\n","protected":false},"author":1,"featured_media":4705,"comment_status":"open","ping_status":"open","sticky":false,"template":"","format":"standard","meta":{"inline_featured_image":false,"footnotes":""},"categories":[27],"tags":[],"class_list":["post-4704","post","type-post","status-publish","format-standard","has-post-thumbnail","hentry","category-actualitat"],"acf":[],"_links":{"self":[{"href":"https:\/\/en.amec.es\/index.php\/wp-json\/wp\/v2\/posts\/4704","targetHints":{"allow":["GET"]}}],"collection":[{"href":"https:\/\/en.amec.es\/index.php\/wp-json\/wp\/v2\/posts"}],"about":[{"href":"https:\/\/en.amec.es\/index.php\/wp-json\/wp\/v2\/types\/post"}],"author":[{"embeddable":true,"href":"https:\/\/en.amec.es\/index.php\/wp-json\/wp\/v2\/users\/1"}],"replies":[{"embeddable":true,"href":"https:\/\/en.amec.es\/index.php\/wp-json\/wp\/v2\/comments?post=4704"}],"version-history":[{"count":0,"href":"https:\/\/en.amec.es\/index.php\/wp-json\/wp\/v2\/posts\/4704\/revisions"}],"wp:featuredmedia":[{"embeddable":true,"href":"https:\/\/en.amec.es\/index.php\/wp-json\/"}],"wp:attachment":[{"href":"https:\/\/en.amec.es\/index.php\/wp-json\/wp\/v2\/media?parent=4704"}],"wp:term":[{"taxonomy":"category","embeddable":true,"href":"https:\/\/en.amec.es\/index.php\/wp-json\/wp\/v2\/categories?post=4704"},{"taxonomy":"post_tag","embeddable":true,"href":"https:\/\/en.amec.es\/index.php\/wp-json\/wp\/v2\/tags?post=4704"}],"curies":[{"name":"wp","href":"https:\/\/api.w.org\/{rel}","templated":true}]}}