{"id":5182,"date":"2022-02-02T04:35:50","date_gmt":"2022-02-02T04:35:50","guid":{"rendered":"https:\/\/wecreatedesign.co\/dev\/WP\/amec\/?p=5182"},"modified":"2022-02-02T04:35:50","modified_gmt":"2022-02-02T04:35:50","slug":"amec-i-dues-empreses-de-la-comunitat-participen-en-el-debat-sobre-proveiment-i-relocalitzacio","status":"publish","type":"post","link":"https:\/\/en.amec.es\/index.php\/2022\/02\/02\/amec-i-dues-empreses-de-la-comunitat-participen-en-el-debat-sobre-proveiment-i-relocalitzacio\/","title":{"rendered":"amec i dues empreses de la comunitat participen en el debat sobre prove\u00efment i relocalitzaci\u00f3"},"content":{"rendered":"<div class=\"amplada-pagina descripcion\">\n<p><img fetchpriority=\"high\" decoding=\"async\" src=\"http:\/\/wecreatedesign.co\/dev\/WP\/amec\/wp-content\/uploads\/2023\/03\/logistica-2-redim-w626-h469.jpg\" alt=\"logistica.jpg\" width=\"626\" height=\"469\" \/>El director general d&#8217;\u00a0<em><strong>amec<\/strong><\/em>\u00a0,\u00a0<strong>Joan Tristany<\/strong>\u00a0, i dues empreses de la comunitat,\u00a0<strong>Tucai<\/strong>\u00a0i\u00a0<strong>Pirobloc<\/strong>\u00a0, tractaran el proper dia 16 de febrer sobre els\u00a0<strong>problemes de prove\u00efment i log\u00edstica de les empreses, i si s&#8217;est\u00e0 produint un possible fenomen de relocalitzaci\u00f3<\/strong>\u00a0, a un\u00a0<a href=\"https:\/\/bancsabadellhub.watchity.com\/player\/hub-empresa\/eec069e2-c699-4955-a154-967395b8d77c\/17484\" target=\"_blank\" rel=\"noopener\">webinar organitzat per\u00a0<strong>Banc Sabadell<\/strong><\/a>\u00a0. i moderat pel director d?Internacional de l?entitat,\u00a0<strong>Carlos Dalmau.<\/strong><\/p>\n<p>&nbsp;<\/p>\n<p>Una de les conseq\u00fc\u00e8ncies de la pand\u00e8mia mundial ha estat q\u00fcestionar les actuals cadenes de subministraments i plantejar una relocalitzaci\u00f3 dels centres de fabricaci\u00f3 acostant-los a Europa. Els participants respondran la pregunta sobre si el retorn de la fabricaci\u00f3 \u00e9s una alternativa viable. Aix\u00ed, el director general d&#8217;\u00a0<em><strong>amec<\/strong><\/em>\u00a0explicar\u00e0 qu\u00e8 passa, com ha evolucionat la crisi des de l&#8217;inici fins a l&#8217;actualitat, en quin moment ens trobem i com estan actuant les empreses industrials. Per la seva banda, el director general de Tucai,\u00a0<strong>Lloren\u00e7 Piera<\/strong>\u00a0, i el director general de Pirobloc,\u00a0<strong>Armand Vargas<\/strong>\u00a0, explicaran la seva experi\u00e8ncia i aportaran els seus casos concrets.<\/p>\n<p>&nbsp;<\/p>\n<p>El debat, que s&#8217;iciar\u00e0 a les 9:30 i s&#8217;emetr\u00e0 online (\u00a0<a href=\"https:\/\/bancsabadellhub.watchity.com\/player\/hub-empresa\/eec069e2-c699-4955-a154-967395b8d77c\/17484\" target=\"_blank\" rel=\"noopener\">inscripcions obertes aqu\u00ed<\/a>\u00a0), es complementar\u00e0 amb el punt de vista duaner i log\u00edstic que aportar\u00e0\u00a0<strong>Alejandro Arola<\/strong>\u00a0, president de la\u00a0<strong>Fundaci\u00f3 Duanera<\/strong>\u00a0, que tractar\u00e0 els criteris de selecci\u00f3 de pa\u00eds per apropar el prove\u00efment.<\/p>\n<\/div>\n","protected":false},"excerpt":{"rendered":"<p>El director general d&#8217;\u00a0amec\u00a0,\u00a0Joan Tristany\u00a0, i dues empreses de la comunitat,\u00a0Tucai\u00a0i\u00a0Pirobloc\u00a0, tractaran el proper dia 16 de febrer sobre els\u00a0problemes de prove\u00efment i log\u00edstica de les empreses, i si s&#8217;est\u00e0 produint un possible fenomen de relocalitzaci\u00f3\u00a0, a un\u00a0webinar organitzat per\u00a0Banc Sabadell\u00a0. i moderat pel director d?Internacional de l?entitat,\u00a0Carlos Dalmau. &nbsp; Una de les conseq\u00fc\u00e8ncies de [&hellip;]<\/p>\n","protected":false},"author":1,"featured_media":5185,"comment_status":"open","ping_status":"open","sticky":false,"template":"","format":"standard","meta":{"inline_featured_image":false,"footnotes":""},"categories":[27],"tags":[],"class_list":["post-5182","post","type-post","status-publish","format-standard","has-post-thumbnail","hentry","category-actualitat"],"acf":[],"_links":{"self":[{"href":"https:\/\/en.amec.es\/index.php\/wp-json\/wp\/v2\/posts\/5182","targetHints":{"allow":["GET"]}}],"collection":[{"href":"https:\/\/en.amec.es\/index.php\/wp-json\/wp\/v2\/posts"}],"about":[{"href":"https:\/\/en.amec.es\/index.php\/wp-json\/wp\/v2\/types\/post"}],"author":[{"embeddable":true,"href":"https:\/\/en.amec.es\/index.php\/wp-json\/wp\/v2\/users\/1"}],"replies":[{"embeddable":true,"href":"https:\/\/en.amec.es\/index.php\/wp-json\/wp\/v2\/comments?post=5182"}],"version-history":[{"count":0,"href":"https:\/\/en.amec.es\/index.php\/wp-json\/wp\/v2\/posts\/5182\/revisions"}],"wp:featuredmedia":[{"embeddable":true,"href":"https:\/\/en.amec.es\/index.php\/wp-json\/"}],"wp:attachment":[{"href":"https:\/\/en.amec.es\/index.php\/wp-json\/wp\/v2\/media?parent=5182"}],"wp:term":[{"taxonomy":"category","embeddable":true,"href":"https:\/\/en.amec.es\/index.php\/wp-json\/wp\/v2\/categories?post=5182"},{"taxonomy":"post_tag","embeddable":true,"href":"https:\/\/en.amec.es\/index.php\/wp-json\/wp\/v2\/tags?post=5182"}],"curies":[{"name":"wp","href":"https:\/\/api.w.org\/{rel}","templated":true}]}}