{"id":6325,"date":"2020-11-10T05:23:23","date_gmt":"2020-11-10T05:23:23","guid":{"rendered":"https:\/\/wecreatedesign.co\/dev\/WP\/amec\/?p=5368"},"modified":"2020-11-10T05:23:23","modified_gmt":"2020-11-10T05:23:23","slug":"la-comunitat-de-les-empreses-industrials-presenta-el-moviment-positive-industry","status":"publish","type":"post","link":"https:\/\/en.amec.es\/index.php\/2020\/11\/10\/la-comunitat-de-les-empreses-industrials-presenta-el-moviment-positive-industry\/","title":{"rendered":"La comunitat de les empreses industrials presenta el moviment Positive Industry"},"content":{"rendered":"<ul>\n<li><strong>En una\u00a0<a href=\"https:\/\/www.amec.es\/positiveindustry\" target=\"_blank\" rel=\"noopener\">declaraci\u00f3<\/a><\/strong><strong>, els directius de les empreses industrials reivindiquen la ind\u00fastria com un dels agents amb m\u00e9s poder de transformaci\u00f3 social i econ\u00f2mica i consideren que la seva actuaci\u00f3 ha de ser en benefici de totes les parts interessades (treballadors, clients, prove\u00efdors i comunitat).<\/strong><\/li>\n<li><strong><em>amec<\/em><\/strong><strong>\u00a0convida tot l&#8217;ecosistema a sumar-se a la seva declaraci\u00f3 durant la celebraci\u00f3 del F\u00f2rum 2020 \u2018Prop\u00f2sit i empresa\u2019, que ha reunit m\u00e9s de 400\u2009directius de la ind\u00fastria internacionalitzada.<\/strong><\/li>\n<li><strong>Les empreses han de preparar-se per ser valorades amb nous par\u00e0metres: \u00abJa no ser\u00e0 q\u00fcesti\u00f3 de ser la millor empresa\u00a0<em>del m\u00f3n,\u00a0<\/em>sin\u00f3 la millor empresa\u00a0<em>per al m\u00f3n<\/em>\u00bb<em>,\u00a0<\/em>explica el fundador de BLab i impulsor del moviment mundial Imperative21, Jay Coen.<\/strong><\/li>\n<li><strong>Segons el r\u00e0nquing\u00a0<\/strong><a href=\"https:\/\/justcapital.com\/\">Just Capital<\/a>,\u00a0<strong>que mesura el comportament de les empreses m\u00e9s ocupadores del m\u00f3n, les companyies que procuren pels seus treballadors tenen un retorn de la inversi\u00f3 (ROE) superior al de les que no ho fan.\u00a0<\/strong><strong>Els ponents al F\u00f2rum\u00a0<em>amec<\/em>\u00a02020 corroboren que tenir prop\u00f2sit motiva tota l&#8217;organitzaci\u00f3 i impacta en la bona marxa<\/strong>\u00a0<strong>de les empreses.<\/strong><\/li>\n<\/ul>\n<p><strong>Barcelona, 10 de novembre de 2020<\/strong>.\u00a0<strong><em>amec<\/em><\/strong>\u00a0ha presentat avui el\u00a0<a href=\"https:\/\/www.amec.es\/positiveindustry\" data-href=\"https:\/\/www.amec.es\/positiveindustry\"><strong>moviment Positive Industry<\/strong><\/a>\u00a0durant la celebraci\u00f3 del\u00a0<strong>F\u00f2rum\u00a0<em>amec<\/em>\u00a02020<\/strong>, que ha reunit m\u00e9s de 400\u2009directius de la ind\u00fastria internacionalitzada per abordar el tema\u00a0<strong><em>\u00a0<\/em><\/strong><em>Empresa i prop\u00f2sit<\/em>. En una\u00a0<a href=\"https:\/\/www.youtube.com\/watch?v=BwD6yYwE56A&amp;feature=emb_logo\">declaraci\u00f3<\/a>, els directius de les empreses industrials reivindiquen la ind\u00fastria com un dels agents amb m\u00e9s poder de transformaci\u00f3 social i econ\u00f2mica i consideren que la seva actuaci\u00f3 ha de ser en benefici de totes les parts interessades (treballadors, clients, prove\u00efdors i comunitat). Aix\u00ed mateix, a m\u00e9s de pensar en clau global, ha d&#8217;actuar tamb\u00e9 amb un sentit local.<\/p>\n<p>En la presentaci\u00f3, el president d&#8217;<strong><em>amec<\/em><\/strong>, Pere Relats, ha explicat que\u00a0<strong>\u00abcanviar\u00e0 la percepci\u00f3 de les empreses\u00bb<\/strong>\u00a0i\u00a0<strong>\u00ables velles estructures es fondran i donaran pas a les noves, molt millors\u00bb<\/strong>. En el nou paradigma,\u00a0<strong>\u00ab<\/strong><strong>a<\/strong><strong>bandonarem el\u00a0<\/strong><strong><em>jo<\/em><\/strong><strong>,<\/strong><strong>\u00a0competitiu i aprendrem a fer servir el\u00a0<\/strong><strong><em>nosaltres<\/em><\/strong><strong>,\u00a0<\/strong><strong>col\u00b7laboratiu. El\u00a0<\/strong><strong><em>curt termini<\/em><\/strong><strong>\u00a0s&#8217;anir\u00e0 allargant en pro d&#8217;un\u00a0<\/strong><strong><em>cam\u00ed<\/em><\/strong><strong>\u00a0satisfactori<\/strong><strong>, o deixarem de parlar nom\u00e9s de\u00a0<em>productes<\/em><\/strong><strong>\u00a0i parlarem molt m\u00e9s de les\u00a0<\/strong><strong><em>persones<\/em><\/strong><strong>. Oblidarem les estructures de\u00a0<\/strong><strong><em>control<\/em><\/strong>\u00a0<strong>per gestionar la\u00a0<\/strong><strong><em>confian\u00e7a<\/em><\/strong><strong>\u00bb<\/strong>.<\/p>\n<p>Per al president d&#8217;<strong><em>amec<\/em><\/strong>, la situaci\u00f3 actual no ha de ser un obstacle, sin\u00f3 tot el contrari:\u00a0<strong>\u00abtenim una visi\u00f3 positiva perqu\u00e8 qui ens far\u00e0 sortir d&#8217;aquesta crisi seran els de sempre: persones normals amb aptituds i actituds extraordin\u00e0ries\u00bb<\/strong>.<\/p>\n<p>El director general, Joan Tristany, ha explicat que l&#8217;objectiu \u00e9s que\u00a0<strong>\u00ab<\/strong><strong>la declaraci\u00f3 guanyi vida i es converteixi en un moviment reivindicatiu, que causi il\u00b7lusi\u00f3 i que ens aporti valor com a col\u00b7lectiu industrial\u00bb<\/strong>. En aquest sentit,\u00a0<strong><em>amec<\/em><\/strong>\u00a0convida altres empreses, entitats o institucions a donar suport a la declaraci\u00f3, perqu\u00e8 siguin moltes m\u00e9s les que comparteixin el seu prop\u00f2sit i objectius amb la finalitat de generar consci\u00e8ncia sobre quin \u00e9s el rumb cap a la nova competitivitat.\u00a0<strong>\u00ab<\/strong><strong>El suport a la ind\u00fastria positiva ha de ser una acci\u00f3 de molts, i des d&#8217;interessos plurals\u00bb<\/strong>, ha explicat el director general d&#8217;<strong><em>amec<\/em><\/strong>.<\/p>\n<p><strong><em>a<\/em><\/strong><strong><em>mec<\/em><\/strong>\u00a0fa temps que est\u00e0 focalitzada en el seu nou prop\u00f2sit. Per aix\u00f2 \u00e9s s\u00f2cia i impulsora de\u00a0<a href=\"http:\/\/www.bforplanet.com\/en\/home\">BforPlanet<\/a>,\u00a0juntament amb Fira de Barcelona.\u00a0<strong><em>amec<\/em><\/strong>\u00a0reivindica i defensa el paper de la\u00a0\u00a0ind\u00fastria en aquesta transformaci\u00f3, per a la qual, com ha destacat Tristany, cal treballar\u00a0<strong>\u00abamb visi\u00f3 cap endavant i prospectiva a la butxaca\u00bb<\/strong>.<br \/>\n<strong>Tenir prop\u00f2sit impacta en els resultats de l&#8217;empresa<\/strong><br \/>\n<strong>\u00a0<\/strong><br \/>\nPer\u00a0a\u00a0<strong><em>amec<\/em><\/strong>, tenir prop\u00f2sit \u00e9s un factor fonamental en la nova competitivitat i, per aix\u00f2, les empreses han de preparar-se per ser valorades amb nous par\u00e0metres. En aquest sentit,\u00a0<strong>\u00ables empreses que procuren pels seus treballadors tenen un retorn de la inversi\u00f3 (ROE) superior al de les que no ho fan\u00bb<\/strong>, ha assegurat el fundador de BLab, Jay Coen, que indica que en alguns casos aquest retorn \u00e9s fins a un 40\u2009% superior, basant-se en el r\u00e0nquing\u00a0<a href=\"https:\/\/justcapital.com\/\">Just Capital<\/a>, que mesura el comportament de les empreses m\u00e9s ocupadores del m\u00f3n. Aquest millor comportament tamb\u00e9 s&#8217;ha pogut observar fins i tot en el primer quadrimestre de l&#8217;any, en qu\u00e8 la pand\u00e8mia ha afectat en menor mesura a les empreses al capdamunt del r\u00e0nquing, tal com ha explicat Coen. BLab \u00e9s una organitzaci\u00f3 sense \u00e0nim de lucre amb seu als EUA que lidera un moviment global que cerca accelerar un canvi cultural en la forma de fer negocis. La visi\u00f3 de BLab \u00e9s que les empreses competiran per ser les millors per al m\u00f3n: les millors per als treballadors, les millors per a les comunitats i les millors per al medi ambient. Per a Coen,\u00a0<strong>\u00absembla que la premissa \u00e9s que fer les coses b\u00e9 costa m\u00e9s diners i som menys competitius. Per\u00f2 ara ja passa el contrari: la preocupaci\u00f3 \u00e9s captar el millor talent, i no ho aconseguirem amb diners sin\u00f3 amb un prop\u00f2sit. De la mateixa manera, tamb\u00e9 els clients cerquen cada vegada m\u00e9s gastar els seus diners en companyies que cuidin els seus empleats, la comunitat i l&#8217;entorn\u00bb<\/strong>. M\u00e9s de 3.500\u2009empreses de 70\u2009pa\u00efsos ja compten amb la\u00a0<strong>certificaci\u00f3 BCorp,<\/strong>\u00a0que mesura com les companyies equilibren el prop\u00f2sit social i els beneficis econ\u00f2mics. Amb aquest prop\u00f2sit, incorporen un requeriment legal pel qual en la presa de decisions han de tenir en compte els seus treballadors, clients, prove\u00efdors, comunitat i medi ambient.<\/p>\n<p>BLab forma part, a m\u00e9s, del moviment\u00a0<a href=\"https:\/\/www.imperative21.co\/about-the-network\/\">Imperative21<\/a>, que reuneix 70.000\u2009empreses de 80\u2009pa\u00efsos i que es proposa liderar de manera conjunta un canvi d&#8217;orientaci\u00f3 dels negocis per transformar els valors actuals del sistema capitalista. Aquesta iniciativa ha nascut al setembre, mitjan\u00e7ant la projecci\u00f3 dels seus pilars a la fa\u00e7ana mateixa del Nasdaq i a la Borsa del Brasil.<\/p>\n<p><strong>Les empreses comparteixen les seves experi\u00e8ncies sobre el terreny<\/strong><\/p>\n<p>El professor i consultor d&#8217;Estrat\u00e8gia, Sostenibilitat i Innovaci\u00f3, Josep Maria Coll, considera que el prop\u00f2sit\u00a0<strong>\u00ab\u00e9s font d&#8217;\u00a0avantatge competitiu perqu\u00e8 harmonitza els interessos de l&#8217;organitzaci\u00f3 per col\u00b7laborar de forma conjunta; \u00e9s un xut d&#8217;energia organitzacional\u00bb<\/strong>. Aix\u00ed mateix ho ha corroborat el director general de KLK, empresa dedicada a aportar solucions a l&#8217;electrificaci\u00f3, per a qui establir una jornada de treball m\u00e9s conciliadora, la confian\u00e7a plena i la flexibilitat en tota l&#8217;organitzaci\u00f3 ha comportat millors resultats:\u00a0<strong>\u00abfer que els accionistes guanyin no motiva els treballadors. En canvi, gr\u00e0cies a la motivaci\u00f3, hem fet cr\u00e9ixer els\u00a0<em>lliuraments puntuals<\/em>\u00a0del 70\u2009% al 95\u2009%\u00bb<\/strong>, ha indicat.<\/p>\n<p>A m\u00e9s de tenir un prop\u00f2sit,\u00a0<strong>\u00abcal ser coherents i actuar en sintonia\u00bb<\/strong>, ha manifestat la directora d&#8217;Afers P\u00fablics i Sostenibilitat de Danone, Laia Mas, que ha explicat que l&#8217;empresa \u00e9s una BCorp des del 2015, produeix all\u00e0 on opera localment, treballa per a la circularitat de tot el seu producte, intentant produir el menor impacte mediambiental i fent arribar aliments als qui ho necessiten.<\/p>\n<p>El prop\u00f2sit \u00e9s molt important per a tota l&#8217;organitzaci\u00f3, entre d&#8217;altres raons perqu\u00e8\u00a0<strong>\u00ab\u00e9s important tenir un motiu per llevar-se i anar a treballar\u00bb<\/strong>, segons el director general de BASF a Espanya, Carles Navarro, que ha explicat com l&#8217;empresa treballa amb l&#8217;\u00e0rea de sostenibilitat d&#8217;Inditex per millorar els processos i minimitzar l&#8217;impacte mediambiental de la producci\u00f3 t\u00e8xtil i com ha ideat conjuntament amb Caf\u00e8s Novell les primeres c\u00e0psules biodegradables i compostables a Espanya.<\/p>\n<p>La directora general d&#8217;EPPI Industries, Mireia Cammany, est\u00e0 immersa en implementar el prop\u00f2sit en la seva organitzaci\u00f3: entre moltes accions, a m\u00e9s d&#8217;actuar segons els seus principis, tamb\u00e9 avalua la sostenibilitat de la seva cadena de valor global, de tots els prove\u00efdors i parts interessades. Segons la seva experi\u00e8ncia,\u00a0<strong>\u00abtotes les empreses, tamb\u00e9 les pimes amb els seus recursos limitats\u00bb<\/strong>, poden implementar el seu propi prop\u00f2sit.<\/p>\n<p>Eugenia Godes, adjunta de ger\u00e8ncia i control d&#8217;ADRASA, ha explicat que l&#8217;empresa\u00a0<strong>\u00abest\u00e0 canviant la idea de la qu\u00edmica, que fins ara s&#8217;ha relacionat amb abocaments. Fem tot el contrari: el nostre equip d&#8217;R+D se centra en treballar per tal que, mitjan\u00e7ant la qu\u00edmica, aconseguim eliminar qualsevol residu o perjudici al medi ambient\u00bb.<\/strong><\/p>\n<p>Des del sector de l&#8217;embalatge, Guillem Clofent, director general de Mespack, ha explicat el repte que afronta el sector en la transici\u00f3 cap a materials m\u00e9s sostenibles:\u00a0<strong>\u00abels pl\u00e0stics biodegradables, compostables, s\u00f3n m\u00e9s fr\u00e0gils. La substituci\u00f3 ens ha suposat un repte tecnol\u00f2gic al qual estem donant resposta, modificant les nostres m\u00e0quines per treballar amb materials m\u00e9s sostenibles. Estem fent passos en la bona direcci\u00f3\u00bb<\/strong>.<\/p>\n<p>Rosa Va\u00f1\u00f3, s\u00f2cia fundadora de Castillo de Canena, ha explicat com la seva organitzaci\u00f3 s&#8217;ha bolcat en la producci\u00f3 de productes ecol\u00f2gics i locals amb respecte cap als productors, el que els ha perm\u00e8s aconseguir un gran comprom\u00eds en vista dels nous requeriments dels clients.<\/p>\n<p><strong>\u00a0<\/strong><\/p>\n<p>El president de Comexi i expresident d&#8217;<strong><em>amec<\/em><\/strong>, Manel Xifra, ha destacat com\u00a0<strong>\u00abdavant les disfuncions de l&#8217;actual sistema, el concepte de prop\u00f2sit ajuda a plantejar una societat de futur sostenible i d&#8217;igualtat social\u00bb<\/strong>, per a la qual cosa\u00a0<strong>\u00ab\u00e9s important crear una consci\u00e8ncia col\u00b7lectiva\u00bb<\/strong>.<\/p>\n<p>El\u00a0<strong>F\u00f2rum\u00a0<em>amec<\/em>\u00a02020<\/strong>\u00a0ha donat un espai important al treball en xarxa i els seminaris en l\u00ednia, aix\u00ed com a la presentaci\u00f3 d&#8217;algunes de les col\u00b7laboracions m\u00e9s destacades que s&#8217;han produ\u00eft entre membres de la nostra comunitat per tal de materialitzar nous projectes que en solitari serien m\u00e9s dif\u00edcils d&#8217;assolir.<\/p>\n<p>L&#8217;esdeveniment ha comptat amb els patrocinadors Allianz, Sabadell, CESCE i IESE, i els col\u00b7laboradors BLab i Creu Roja.<\/p>\n<p><strong><em>amec<\/em><\/strong><strong>\u00a0impulsa els nous factors clau de competitivitat a les empreses<\/strong><\/p>\n<p>L&#8217;associaci\u00f3 de les empreses industrials internacionalitzades\u00a0<strong><em>amec<\/em><\/strong>\u00a0impulsa els\u00a0<a href=\"https:\/\/www.youtube.com\/watch?v=SDztjgsQdBk&amp;feature=youtu.be\">nous factors clau de competitivitat a les empreses d&#8217;Espanya<\/a>: anticipaci\u00f3, adaptabilitat, col\u00b7laboraci\u00f3, glocalitzaci\u00f3 i sostenibilitat. Les empreses que formen part d&#8217;\u00a0<strong><em>amec<\/em><\/strong>\u00a0generen un volum d&#8217;\u00a0exportaci\u00f3 superior\u00a0als 6.200\u2009milions d&#8217;euros, exporten una mitjana del 55,5\u2009% de\u00a0la seva facturaci\u00f3 i inverteixen el 4,7\u2009%\u00a0en innovaci\u00f3.<\/p>\n<p>Enlla\u00e7os:\u00a0<a href=\"https:\/\/www.amec.es\/es\/pag261\/positive-industry.htm\" data-href=\"https:\/\/www.amec.es\/es\/pag261\/positive-industry.htm\">Moviment Positive Industry<\/a><\/p>\n<p><strong>Per a m\u00e9s informaci\u00f3 i entrevistes:<\/strong><\/p>\n<p>Gl\u00f2ria Ayuso<\/p>\n<p>Gloria.ayuso@ga-binet.com<\/p>\n<p>Tel. 654 60 95 18<\/p>\n","protected":false},"excerpt":{"rendered":"<p>En una\u00a0declaraci\u00f3, els directius de les empreses industrials reivindiquen la ind\u00fastria com un dels agents amb m\u00e9s poder de transformaci\u00f3 social i econ\u00f2mica i consideren que la seva actuaci\u00f3 ha de ser en benefici de totes les parts interessades (treballadors, clients, prove\u00efdors i comunitat). amec\u00a0convida tot l&#8217;ecosistema a sumar-se a la seva declaraci\u00f3 durant la [&hellip;]<\/p>\n","protected":false},"author":1,"featured_media":0,"comment_status":"open","ping_status":"open","sticky":false,"template":"","format":"standard","meta":{"inline_featured_image":false,"footnotes":""},"categories":[28],"tags":[],"class_list":["post-6325","post","type-post","status-publish","format-standard","hentry","category-notes-de-premsa"],"acf":[],"_links":{"self":[{"href":"https:\/\/en.amec.es\/index.php\/wp-json\/wp\/v2\/posts\/6325","targetHints":{"allow":["GET"]}}],"collection":[{"href":"https:\/\/en.amec.es\/index.php\/wp-json\/wp\/v2\/posts"}],"about":[{"href":"https:\/\/en.amec.es\/index.php\/wp-json\/wp\/v2\/types\/post"}],"author":[{"embeddable":true,"href":"https:\/\/en.amec.es\/index.php\/wp-json\/wp\/v2\/users\/1"}],"replies":[{"embeddable":true,"href":"https:\/\/en.amec.es\/index.php\/wp-json\/wp\/v2\/comments?post=6325"}],"version-history":[{"count":0,"href":"https:\/\/en.amec.es\/index.php\/wp-json\/wp\/v2\/posts\/6325\/revisions"}],"wp:attachment":[{"href":"https:\/\/en.amec.es\/index.php\/wp-json\/wp\/v2\/media?parent=6325"}],"wp:term":[{"taxonomy":"category","embeddable":true,"href":"https:\/\/en.amec.es\/index.php\/wp-json\/wp\/v2\/categories?post=6325"},{"taxonomy":"post_tag","embeddable":true,"href":"https:\/\/en.amec.es\/index.php\/wp-json\/wp\/v2\/tags?post=6325"}],"curies":[{"name":"wp","href":"https:\/\/api.w.org\/{rel}","templated":true}]}}