{"id":6348,"date":"2020-11-24T06:10:49","date_gmt":"2020-11-24T06:10:49","guid":{"rendered":"https:\/\/wecreatedesign.co\/dev\/WP\/amec\/?p=5489"},"modified":"2020-11-24T06:10:49","modified_gmt":"2020-11-24T06:10:49","slug":"les-empreses-dequipament-de-la-llar-sanejament-i-ventilacio-preveuen-la-seva-recuperacio-en-el-primer-trimestre-de-2021","status":"publish","type":"post","link":"https:\/\/en.amec.es\/index.php\/2020\/11\/24\/les-empreses-dequipament-de-la-llar-sanejament-i-ventilacio-preveuen-la-seva-recuperacio-en-el-primer-trimestre-de-2021\/","title":{"rendered":"Les empreses d&#8217;equipament de la llar, sanejament i ventilaci\u00f3 preveuen la seva recuperaci\u00f3 en el primer trimestre de 2021"},"content":{"rendered":"<ul>\n<li><strong>El sector \u00abespera veure brots verds a la primavera del 2021\u00bb, ha explicat el president d&#8217;<em>amec ascon<\/em>\u00a0i CEO de Genebre, Miquel Par\u00eds.<\/strong><\/li>\n<li><strong>L&#8217;afectaci\u00f3 \u00e9s diferent segons els mercats i els subsectors: es mant\u00e9 Europa i \u00c0sia, per\u00f2 cau Llatinoam\u00e8rica,\u00a0i es frena la nova construcci\u00f3 enfront de la rehabilitaci\u00f3 i l&#8217;activitat relacionada amb un augment de la higiene.<\/strong><\/li>\n<li><strong><em>amec<\/em><\/strong><strong>\u00a0afronta el 2021 amb noves propostes en l\u00ednia amb la seva missi\u00f3: dotar les empreses d&#8217;eines per adaptar-se i ser competitives en l&#8217;entorn actual impulsant els nous factors clau de competitivitat, que s\u00f3n l&#8217;anticipaci\u00f3, l&#8217;adaptabilitat, la col\u00b7laboraci\u00f3, la glocalitzaci\u00f3 i la sostenibilitat.<\/strong><\/li>\n<\/ul>\n<p><strong>\u00a0<\/strong><\/p>\n<p><strong><a title=\"rueda-de-prensa-ascon.pdf\" href=\"https:\/\/www.amec.es\/files\/doc262\/rueda-de-prensa-ascon.pdf\" target=\"_blank\" rel=\"noopener\"><img fetchpriority=\"high\" decoding=\"async\" src=\"https:\/\/www.amec.es\/media\/site1\/cache\/images\/presentacion-amec-ascon-redim-w500-h281.jpg\" alt=\"pRESENTACION-AMEC-ASCON.JPG\" width=\"500\" height=\"281\" \/><\/a>Barcelona, 24 de novembre de 2020<\/strong><strong>.<\/strong>\u00a0<strong><em>amec ascon\u00a0<\/em><\/strong>ha celebrat avui una trobada amb els mitjans relacionats amb el sector d&#8217;equipament per a bany, sanejament i ventilaci\u00f3, en la qual ha compartit la situaci\u00f3 de les empreses en un any convuls per l&#8217;impacte de la pand\u00e8mia.<\/p>\n<p>El president d&#8217;<strong><em>amec ascon<\/em><\/strong>\u00a0i CEO de GENEBRE, Miquel Par\u00eds, ha explicat que la gran recuperaci\u00f3 de les vendes experimentada entre agost i setembre no arribar\u00e0 per complir les previsions que les empreses havien realitzat per aquest any, de manera que es preveu una caiguda de la facturaci\u00f3 d&#8217;entre el 5\u2009% i el 15\u2009%.\u00a0<strong>\u00abLa reactivaci\u00f3 ser\u00e0 un xic lenta. Esperem els brots verds a la primavera del 2021\u00bb,\u00a0<\/strong>ha detallat.<\/p>\n<p>L&#8217;afectaci\u00f3 \u00e9s diferent segons els mercats.<strong>\u00a0\u00abLa contracci\u00f3 ha estat molt gran a l&#8217;Am\u00e8rica Central i Sud-am\u00e8rica, sobretot a l&#8217;Argentina i el Brasil. Europa es mant\u00e9, excepte Anglaterra. Els pa\u00efsos asi\u00e0tics, per contra, resisteixen b\u00e9\u00bb<\/strong>, ha explicat el president d&#8217;<strong><em>amec ascon<\/em><\/strong>. La nova situaci\u00f3 ha comportat un augment molt important dels preus dels materials procedents del sud-est asi\u00e0tic, cosa que\u00a0<strong>\u00abels industrials haurem d&#8217;afrontar treballant en una conting\u00e8ncia econ\u00f2mica dura\u00bb<\/strong>, ha afegit Miquel Par\u00eds. Les empreses industrials posen aix\u00ed la seva atenci\u00f3 en la cadena de subministrament, que ha passat a convertir-se en un element clau i estrat\u00e8gic.<\/p>\n<p>&nbsp;<\/p>\n<p>\u00c9s per aix\u00f2 que\u00a0<strong>\u00abs&#8217;aprecia una nova tend\u00e8ncia dirigida a apropar la producci\u00f3 de mat\u00e8ries primeres a trav\u00e9s de nous procediments basats en la biotecnologia i l&#8217;\u00fas de nous materials per suplir la depend\u00e8ncia de pa\u00efsos m\u00e9s allunyats\u00bb,<\/strong>\u00a0ha explicat la directora adjunta, Paula Camacho.<\/p>\n<p><strong>\u00a0<\/strong><\/p>\n<p>La trobada ha servit per repassar l&#8217;evoluci\u00f3 dels diferents subsectors. Durant l&#8217;actual crisi ha augmentat la rehabilitaci\u00f3 d&#8217;edificis, enfront de la caiguda de les noves promocions, que ha impactat amb duresa les empreses d&#8217;equipament de bany i cuina. No obstant aix\u00f2, les empreses que han resultat m\u00e9s afectades s\u00f3n m\u00e9s optimistes despr\u00e9s d&#8217;observar el r\u00e8cord de vendes experimentat aquest estiu respecte a anys anteriors:\u00a0<strong>\u00abaquesta variaci\u00f3 tan pronunciada ha fet virar el pessimisme que hi havia en observar que tota l&#8217;afectaci\u00f3 es deu a un factor conjuntural<\/strong>, ha afirmat Par\u00eds.<\/p>\n<p>La pand\u00e8mia est\u00e0 afavorint al seu torn un augment de l&#8217;activitat en els subsectors relacionats amb la ventilaci\u00f3 i purificaci\u00f3 de l&#8217;aire, i d&#8217;elements que minimitzen el contacte i contribueixen a la higiene, com portes autom\u00e0tiques, eixugamans, rentamans i aig\u00fceres port\u00e0tils, punts d&#8217;higiene transportables, etc.\u00a0<strong>\u00abEl baix cost i\u00a0la capacitat d&#8217;enviament r\u00e0pid s\u00f3n aspectes clau d&#8217;aquest tipus de productes\u00bb<\/strong>, ha afirmat Camacho, que ha afegit que\u00a0<strong>\u00abaquesta tend\u00e8ncia tamb\u00e9 es mantindr\u00e0 passada la COVID-19\u00bb<\/strong>. En aquest sentit, la ind\u00fastria que ha sabut innovar i adaptar-se als nous escenaris \u00e9s al seu torn la que ha patit en menor mesura. Al mateix temps, cada vegada m\u00e9s empreses se sumen a col\u00b7laborar amb ONGs en el desenvolupament de v\u00e0ters assequibles i d&#8217;altres productes d&#8217;higiene perqu\u00e8 les fam\u00edlies de tot el m\u00f3n tinguin acc\u00e9s a un lloc segur i net per anar al lavabo.<\/p>\n<p><strong>Noves accions per adaptar-se al nou entorn i arribar als mercats<\/strong><\/p>\n<p><strong><em>amec<\/em><\/strong>\u00a0afronta el 2021 amb noves propostes en l\u00ednia amb la seva missi\u00f3: dotar les empreses d&#8217;eines per adaptar-se i ser competitives en l&#8217;entorn actual impulsant els nous factors clau de competitivitat, que s\u00f3n l&#8217;anticipaci\u00f3, l&#8217;adaptabilitat, la col\u00b7laboraci\u00f3, la glocalitzaci\u00f3 i la sostenibilitat.<\/p>\n<p>Per al disseny de les propostes interv\u00e9 el sistema d&#8217;impacte d&#8217;<strong><em>amec<\/em><\/strong>, implantat a l&#8217;organitzaci\u00f3 per adaptar-la de forma constant a les necessitats de les empreses i assegurar que la seva acci\u00f3 incideix directament en un augment en la competitivitat dels seus membres.<\/p>\n<p>A comen\u00e7aments del 2021,\u00a0<strong><em>amec ascon<\/em><\/strong>\u00a0acostar\u00e0 els seus membres als mercats i a la venda sigui quin sigui l&#8217;escenari de la pand\u00e8mia. En aquest sentit, s&#8217;han programat missions virtuals a mercats com Pol\u00f2nia, Su\u00e8cia, el Regne Unit, Indon\u00e8sia i el Senegal.\u00a0<strong><em>amec ascon<\/em><\/strong>\u00a0tamb\u00e9 organitzar\u00e0 una missi\u00f3 inversa de prescriptors, mentre que repetir\u00e0 la missi\u00f3 a R\u00fassia, que es va realitzar de forma virtual,\u00a0<strong>\u00abper\u00f2 de forma presencial tan aviat com sigui possible, ja que en aquest mercat el contacte s&#8217;ha demostrat que ha de ser directe\u00bb<\/strong>, ha indicat Camacho.\u00a0L&#8217;any 2021 tindr\u00e0 lloc l&#8217;ISH en format virtual, la Mostra Convegno, ajornada el 2020\u00a0i el Salone Internazionale del Mobile.<\/p>\n<p><strong><em>amec<\/em><\/strong>\u00a0genera impacte en la competitivitat dels seus membres oferint-los formaci\u00f3 molt enfocada a les seves necessitats, prospectiva, assessorament i l&#8217;oportunitat de col\u00b7laborar entre si. Tota l&#8217;activitat s&#8217;orienta als nous factors de competitivitat de les empreses. Pel que fa a la formaci\u00f3, l&#8217;entitat se centra en aspectes clau com el comer\u00e7 electr\u00f2nic, el m\u00e0rqueting industrial, la ciberseguretat, la preparaci\u00f3 de t\u00e8cnics per a la venda i la sostenibilitat, entre molts altres aspectes.<\/p>\n<p><strong><em>amec<\/em><\/strong>\u00a0posa molta atenci\u00f3 en ajudar les empreses a captar el talent, necessari per a la seva transformaci\u00f3, i en el foment de la col\u00b7laboraci\u00f3 entre els seus membres, per tal que materialitzin nous reptes complicats d&#8217;assolir en solitari. A trav\u00e9s de l&#8217;organitzaci\u00f3, les empreses intercanvien solucions davant les situacions que afronten, poden portar a terme projectes amb altres companyies o compartir serveis i capacitats.<\/p>\n<p><strong><em>amec<\/em><\/strong><strong>\u00a0impulsa els nous factors clau de competitivitat a les empreses<\/strong><\/p>\n<p>L&#8217;associaci\u00f3 de les empreses industrials internacionalitzades\u00a0<strong><em>amec<\/em><\/strong>\u00a0impulsa els\u00a0<a href=\"https:\/\/www.youtube.com\/watch?v=SDztjgsQdBk&amp;feature=youtu.be\">nous factors clau de competitivitat a les empreses d&#8217;Espanya<\/a>: anticipaci\u00f3, adaptabilitat, col\u00b7laboraci\u00f3, glocalitzaci\u00f3 i sostenibilitat. Les empreses que formen part d&#8217;\u00a0<strong><em>amec<\/em><\/strong>\u00a0generen un volum d&#8217;\u00a0exportaci\u00f3 superior\u00a0als 6.200\u2009milions d&#8217;euros, exporten una mitjana del 55,5\u2009% de\u00a0la seva facturaci\u00f3 i inverteixen el 4,7\u2009%\u00a0en innovaci\u00f3.<\/p>\n<p><strong>Per a m\u00e9s informaci\u00f3:\u00a0<\/strong><br \/>\nGl\u00f2ria Ayuso<br \/>\nGloria.ayuso@ga-binet.com<br \/>\nTel. 654 60 95 18<\/p>\n","protected":false},"excerpt":{"rendered":"<p>El sector \u00abespera veure brots verds a la primavera del 2021\u00bb, ha explicat el president d&#8217;amec ascon\u00a0i CEO de Genebre, Miquel Par\u00eds. L&#8217;afectaci\u00f3 \u00e9s diferent segons els mercats i els subsectors: es mant\u00e9 Europa i \u00c0sia, per\u00f2 cau Llatinoam\u00e8rica,\u00a0i es frena la nova construcci\u00f3 enfront de la rehabilitaci\u00f3 i l&#8217;activitat relacionada amb un augment de [&hellip;]<\/p>\n","protected":false},"author":1,"featured_media":5495,"comment_status":"open","ping_status":"open","sticky":false,"template":"","format":"standard","meta":{"inline_featured_image":false,"footnotes":""},"categories":[28],"tags":[],"class_list":["post-6348","post","type-post","status-publish","format-standard","has-post-thumbnail","hentry","category-notes-de-premsa"],"acf":[],"_links":{"self":[{"href":"https:\/\/en.amec.es\/index.php\/wp-json\/wp\/v2\/posts\/6348","targetHints":{"allow":["GET"]}}],"collection":[{"href":"https:\/\/en.amec.es\/index.php\/wp-json\/wp\/v2\/posts"}],"about":[{"href":"https:\/\/en.amec.es\/index.php\/wp-json\/wp\/v2\/types\/post"}],"author":[{"embeddable":true,"href":"https:\/\/en.amec.es\/index.php\/wp-json\/wp\/v2\/users\/1"}],"replies":[{"embeddable":true,"href":"https:\/\/en.amec.es\/index.php\/wp-json\/wp\/v2\/comments?post=6348"}],"version-history":[{"count":0,"href":"https:\/\/en.amec.es\/index.php\/wp-json\/wp\/v2\/posts\/6348\/revisions"}],"wp:featuredmedia":[{"embeddable":true,"href":"https:\/\/en.amec.es\/index.php\/wp-json\/wp\/v2\/media\/5495"}],"wp:attachment":[{"href":"https:\/\/en.amec.es\/index.php\/wp-json\/wp\/v2\/media?parent=6348"}],"wp:term":[{"taxonomy":"category","embeddable":true,"href":"https:\/\/en.amec.es\/index.php\/wp-json\/wp\/v2\/categories?post=6348"},{"taxonomy":"post_tag","embeddable":true,"href":"https:\/\/en.amec.es\/index.php\/wp-json\/wp\/v2\/tags?post=6348"}],"curies":[{"name":"wp","href":"https:\/\/api.w.org\/{rel}","templated":true}]}}