{"id":6369,"date":"2021-02-18T04:12:41","date_gmt":"2021-02-18T04:12:41","guid":{"rendered":"https:\/\/wecreatedesign.co\/dev\/WP\/amec\/?p=2470"},"modified":"2021-02-18T04:12:41","modified_gmt":"2021-02-18T04:12:41","slug":"les-ciutats-amb-mes-influencia-internacional","status":"publish","type":"post","link":"https:\/\/en.amec.es\/index.php\/2021\/02\/18\/les-ciutats-amb-mes-influencia-internacional\/","title":{"rendered":"Les ciutats amb m\u00e9s influ\u00e8ncia internacional"},"content":{"rendered":"","protected":false},"excerpt":{"rendered":"<p>Els resultats de l&#8217; Global Cities Report 2020 de Kearney revelen una compet\u00e8ncia cada vegada m\u00e9s intensa entre les ciutats per l&#8217;estatus mundial i perspectives d&#8217;un entorn cada vegada m\u00e9s fragmentat&#8230;<\/p>\n","protected":false},"author":1,"featured_media":2471,"comment_status":"open","ping_status":"open","sticky":false,"template":"","format":"standard","meta":{"inline_featured_image":false,"footnotes":""},"categories":[23],"tags":[],"class_list":["post-6369","post","type-post","status-publish","format-standard","has-post-thumbnail","hentry","category-alertes-i-oportunitats"],"acf":[],"_links":{"self":[{"href":"https:\/\/en.amec.es\/index.php\/wp-json\/wp\/v2\/posts\/6369","targetHints":{"allow":["GET"]}}],"collection":[{"href":"https:\/\/en.amec.es\/index.php\/wp-json\/wp\/v2\/posts"}],"about":[{"href":"https:\/\/en.amec.es\/index.php\/wp-json\/wp\/v2\/types\/post"}],"author":[{"embeddable":true,"href":"https:\/\/en.amec.es\/index.php\/wp-json\/wp\/v2\/users\/1"}],"replies":[{"embeddable":true,"href":"https:\/\/en.amec.es\/index.php\/wp-json\/wp\/v2\/comments?post=6369"}],"version-history":[{"count":0,"href":"https:\/\/en.amec.es\/index.php\/wp-json\/wp\/v2\/posts\/6369\/revisions"}],"wp:featuredmedia":[{"embeddable":true,"href":"https:\/\/en.amec.es\/index.php\/wp-json\/"}],"wp:attachment":[{"href":"https:\/\/en.amec.es\/index.php\/wp-json\/wp\/v2\/media?parent=6369"}],"wp:term":[{"taxonomy":"category","embeddable":true,"href":"https:\/\/en.amec.es\/index.php\/wp-json\/wp\/v2\/categories?post=6369"},{"taxonomy":"post_tag","embeddable":true,"href":"https:\/\/en.amec.es\/index.php\/wp-json\/wp\/v2\/tags?post=6369"}],"curies":[{"name":"wp","href":"https:\/\/api.w.org\/{rel}","templated":true}]}}