{"id":6370,"date":"2021-02-17T04:44:18","date_gmt":"2021-02-17T04:44:18","guid":{"rendered":"https:\/\/wecreatedesign.co\/dev\/WP\/amec\/?p=4195"},"modified":"2021-02-17T04:44:18","modified_gmt":"2021-02-17T04:44:18","slug":"el-ecosistema-industrial-recibe-el-segundo-numero-del-diario-amecnews","status":"publish","type":"post","link":"https:\/\/en.amec.es\/index.php\/2021\/02\/17\/el-ecosistema-industrial-recibe-el-segundo-numero-del-diario-amecnews\/","title":{"rendered":"L&#8217;ecosistema industrial rep el segon n\u00famero del diari amecnews"},"content":{"rendered":"<p>Aquest mes est\u00e0 arribant a tota la nostra comunitat i ecosistema el segon n\u00famero Diari amec News amb tota la informaci\u00f3 d&#8217;actualitat sobre amec i les empreses industrials internacionalitzades.<\/p>\n<p>El segon n\u00famero del Diari amec News informa sobre el moviment Positive Industry que impulsa amec, i que reivindica el poder transformador social i econ\u00f2mic de la ind\u00fastria. El moviment es va presentar en el marc del F\u00f2rum amec, celebrat al novembre, sobre Prop\u00f2sit i Empresa. El Diari amec News recull tamb\u00e9 les idees i reflexions clau que van centrar aquesta intensa jornada de prospectiva industrial. L&#8217;Informe de Prospectiva 2021, el comportament de les empreses en els mercats internacionals en un any marcat per la pand\u00e8mia i les dificultats de mobilitat, i les accions de amec davant del Govern per facilitar l&#8217;operativa de les empreses s\u00f3n altres continguts de la nova edici\u00f3 .<\/p>\n<p>La publicaci\u00f3 recull aix\u00ed mateix com la nostra entitat ha posat a disposici\u00f3 de la nostra comunitat una plataforma exclusiva per promoure la col\u00b7laboraci\u00f3 entre els nostres membres, i com el programa d&#8217;alt rendiment Adaptive Industry est\u00e0 ajudant a moltes empreses a mirar m\u00e9s enll\u00e0 per ser competitives en el present i el futur.<\/p>\n<p>El Diari amecNews \u00e9s un nou instrument de comunicaci\u00f3 amb la nostra comunitat i ecosistema. Amb periodicitat trimestral, neix amb l&#8217;objectiu de difondre l&#8217;activitat de les nostres empreses i d&#8217;amec a trav\u00e9s dels cinc pilars de la nostra proposta de valor: comunitat, mercat internacional, competitivitat, prospectiva i lobby.<\/p>\n<p>La publicaci\u00f3 la reben en format paper les empreses industrials membres de amec, les administracions, mitjans de comunicaci\u00f3, organismes, institucions i tot l&#8217;ecosistema relacionat amb la competitivitat industrial i l&#8217;exportaci\u00f3.<\/p>\n<p><a title=\"amecNews-02\" href=\"https:\/\/www.amec.es\/files\/doc275\/n2-revista-amec-news-des-20-lowres.pdf\" target=\"_blank\" rel=\"noopener\"><img fetchpriority=\"high\" decoding=\"async\" src=\"http:\/\/wecreatedesign.co\/dev\/WP\/amec\/wp-content\/uploads\/2021\/02\/amecnews-dic-20-redim-w600-h834.jpg\" alt=\"amecnews-des-20.jpg\" width=\"600\" height=\"834\" \/><\/a><\/p>\n","protected":false},"excerpt":{"rendered":"<p>Aquest mes est\u00e0 arribant a tota la nostra comunitat i ecosistema el segon n\u00famero Diari amec News amb tota la informaci\u00f3 d&#8217;actualitat sobre amec i les empreses industrials internacionalitzades. El segon n\u00famero del Diari amec News informa sobre el moviment Positive Industry que impulsa amec, i que reivindica el poder transformador social i econ\u00f2mic de [&hellip;]<\/p>\n","protected":false},"author":1,"featured_media":4193,"comment_status":"open","ping_status":"open","sticky":false,"template":"","format":"standard","meta":{"inline_featured_image":false,"footnotes":""},"categories":[24],"tags":[],"class_list":["post-6370","post","type-post","status-publish","format-standard","has-post-thumbnail","hentry","category-diari-amecnews"],"acf":[],"_links":{"self":[{"href":"https:\/\/en.amec.es\/index.php\/wp-json\/wp\/v2\/posts\/6370","targetHints":{"allow":["GET"]}}],"collection":[{"href":"https:\/\/en.amec.es\/index.php\/wp-json\/wp\/v2\/posts"}],"about":[{"href":"https:\/\/en.amec.es\/index.php\/wp-json\/wp\/v2\/types\/post"}],"author":[{"embeddable":true,"href":"https:\/\/en.amec.es\/index.php\/wp-json\/wp\/v2\/users\/1"}],"replies":[{"embeddable":true,"href":"https:\/\/en.amec.es\/index.php\/wp-json\/wp\/v2\/comments?post=6370"}],"version-history":[{"count":0,"href":"https:\/\/en.amec.es\/index.php\/wp-json\/wp\/v2\/posts\/6370\/revisions"}],"wp:featuredmedia":[{"embeddable":true,"href":"https:\/\/en.amec.es\/index.php\/wp-json\/"}],"wp:attachment":[{"href":"https:\/\/en.amec.es\/index.php\/wp-json\/wp\/v2\/media?parent=6370"}],"wp:term":[{"taxonomy":"category","embeddable":true,"href":"https:\/\/en.amec.es\/index.php\/wp-json\/wp\/v2\/categories?post=6370"},{"taxonomy":"post_tag","embeddable":true,"href":"https:\/\/en.amec.es\/index.php\/wp-json\/wp\/v2\/tags?post=6370"}],"curies":[{"name":"wp","href":"https:\/\/api.w.org\/{rel}","templated":true}]}}