{"id":6397,"date":"2021-02-18T09:58:06","date_gmt":"2021-02-18T09:58:06","guid":{"rendered":"https:\/\/wecreatedesign.co\/dev\/WP\/amec\/?p=4618"},"modified":"2021-02-18T09:58:06","modified_gmt":"2021-02-18T09:58:06","slug":"caritas-demana-ajuda-a-les-empreses-per-seguir-donant-suport-a-persones-necessitades","status":"publish","type":"post","link":"https:\/\/en.amec.es\/index.php\/2021\/02\/18\/caritas-demana-ajuda-a-les-empreses-per-seguir-donant-suport-a-persones-necessitades\/","title":{"rendered":"C\u00e0ritas demana ajuda a les empreses per seguir donant suport a persones necessitades"},"content":{"rendered":"<div class=\"amplada-pagina descripcion\">\n<p><img fetchpriority=\"high\" decoding=\"async\" src=\"http:\/\/wecreatedesign.co\/dev\/WP\/amec\/wp-content\/uploads\/2023\/03\/caritas-amec-redim-w400-h300.jpg\" alt=\"C\u00e0ritas-amec.jpg\" width=\"400\" height=\"300\" \/><em><strong>amec<\/strong><\/em>\u00a0s&#8217;ha reunit aquest divendres amb responsables de C\u00e0ritas per con\u00e8ixer la seva tasca, davant la situaci\u00f3 d&#8217;emerg\u00e8ncia social que estem vivint com a conseq\u00fc\u00e8ncia de la pand\u00e8mia.<\/p>\n<p>L&#8217;entitat ha traslladat a\u00a0<em><strong>amec<\/strong><\/em>\u00a0que aquesta crisi est\u00e0 generant un\u00a0<strong>gran impacte econ\u00f2mic, social i emocional en les persones en situaci\u00f3 de pobresa.<\/strong><\/p>\n<p>&nbsp;<\/p>\n<p>Concretament, C\u00e0ritas est\u00e0 fent front a l&#8217;doble de peticions que l&#8217;any anterior. D&#8217;aquesta manera, calcula que ha arribat a atendre entre abril i juliol a 13.195 persones, que han buscat el suport a aquesta associaci\u00f3. \u00c9s per aix\u00f2 que, tal com han explicat els seus responsables, ha estat necessari multiplicar per cinc les ajudes en aliments i per dos les destinades a pagar l&#8217;habitatge. Davant aquesta situaci\u00f3 d&#8217;emerg\u00e8ncia, C\u00e0ritas ha creat un\u00a0<strong>Fons d&#8217;Emerg\u00e8ncia Social Covid-19<\/strong>\u00a0per seguir ajudant les persones que ho necessiten, at\u00e8s que ja en els mesos d&#8217;estat d&#8217;alarma es va destinar tot el pressupost, de 2,6 milions d&#8217;euros , a cobrir les necessitats m\u00e9s b\u00e0siques de les persones en situaci\u00f3 de vulnerabilitat.<\/p>\n<p>&nbsp;<\/p>\n<p>\u00c9s per aix\u00f2 que\u00a0<em><strong>amec<\/strong><\/em>\u00a0s&#8217;ha comprom\u00e8s a difondre el missatge de C\u00e0ritas, que demana el suport de les empreses perqu\u00e8 col\u00b7laborin en el Fons d&#8217;Emerg\u00e8ncia Social.\u00a0<a href=\"https:\/\/blog.caritas.barcelona\/es\/entidades-con-corazon\/caritas-barcelona-pide-a-las-empresas-que-colaboren-en-un-fondo-de-emergencia-social-para-hacer-frente-a-la-segunda-oleada-de-la-covid-19\/\" target=\"_blank\" rel=\"noopener\">En aquest enlla\u00e7 es pot trobar m\u00e9s informaci\u00f3 sobre l&#8217;acci\u00f3 de C\u00e0ritas i com contribuir-hi<\/a>\u00a0.<\/p>\n<\/div>\n","protected":false},"excerpt":{"rendered":"<p>amec\u00a0s&#8217;ha reunit aquest divendres amb responsables de C\u00e0ritas per con\u00e8ixer la seva tasca, davant la situaci\u00f3 d&#8217;emerg\u00e8ncia social que estem vivint com a conseq\u00fc\u00e8ncia de la pand\u00e8mia. L&#8217;entitat ha traslladat a\u00a0amec\u00a0que aquesta crisi est\u00e0 generant un\u00a0gran impacte econ\u00f2mic, social i emocional en les persones en situaci\u00f3 de pobresa. &nbsp; Concretament, C\u00e0ritas est\u00e0 fent front a [&hellip;]<\/p>\n","protected":false},"author":1,"featured_media":4620,"comment_status":"open","ping_status":"open","sticky":false,"template":"","format":"standard","meta":{"inline_featured_image":false,"footnotes":""},"categories":[27],"tags":[],"class_list":["post-6397","post","type-post","status-publish","format-standard","has-post-thumbnail","hentry","category-actualitat"],"acf":[],"_links":{"self":[{"href":"https:\/\/en.amec.es\/index.php\/wp-json\/wp\/v2\/posts\/6397","targetHints":{"allow":["GET"]}}],"collection":[{"href":"https:\/\/en.amec.es\/index.php\/wp-json\/wp\/v2\/posts"}],"about":[{"href":"https:\/\/en.amec.es\/index.php\/wp-json\/wp\/v2\/types\/post"}],"author":[{"embeddable":true,"href":"https:\/\/en.amec.es\/index.php\/wp-json\/wp\/v2\/users\/1"}],"replies":[{"embeddable":true,"href":"https:\/\/en.amec.es\/index.php\/wp-json\/wp\/v2\/comments?post=6397"}],"version-history":[{"count":0,"href":"https:\/\/en.amec.es\/index.php\/wp-json\/wp\/v2\/posts\/6397\/revisions"}],"wp:featuredmedia":[{"embeddable":true,"href":"https:\/\/en.amec.es\/index.php\/wp-json\/"}],"wp:attachment":[{"href":"https:\/\/en.amec.es\/index.php\/wp-json\/wp\/v2\/media?parent=6397"}],"wp:term":[{"taxonomy":"category","embeddable":true,"href":"https:\/\/en.amec.es\/index.php\/wp-json\/wp\/v2\/categories?post=6397"},{"taxonomy":"post_tag","embeddable":true,"href":"https:\/\/en.amec.es\/index.php\/wp-json\/wp\/v2\/tags?post=6397"}],"curies":[{"name":"wp","href":"https:\/\/api.w.org\/{rel}","templated":true}]}}