{"id":6398,"date":"2021-02-18T09:59:14","date_gmt":"2021-02-18T09:59:14","guid":{"rendered":"https:\/\/wecreatedesign.co\/dev\/WP\/amec\/?p=4624"},"modified":"2021-02-18T09:59:14","modified_gmt":"2021-02-18T09:59:14","slug":"amec-seguira-aquest-2021-donant-suport-a-la-promocio-internacional-de-les-empreses-davant-les-dificultats-de-mobilitat","status":"publish","type":"post","link":"https:\/\/en.amec.es\/index.php\/2021\/02\/18\/amec-seguira-aquest-2021-donant-suport-a-la-promocio-internacional-de-les-empreses-davant-les-dificultats-de-mobilitat\/","title":{"rendered":"amec seguir\u00e0 aquest 2021 donant suport a la promoci\u00f3 internacional de les empreses davant les dificultats de mobilitat"},"content":{"rendered":"<div class=\"portletDetailNoticies\">\n<div class=\"amplada-pagina descripcion\">\n<p><em><strong><img fetchpriority=\"high\" decoding=\"async\" src=\"http:\/\/wecreatedesign.co\/dev\/WP\/amec\/wp-content\/uploads\/2023\/03\/amecamtex-india-redim-w400-h225.jpg\" alt=\"amecamtex-india.jpg\" width=\"400\" height=\"225\" \/>amec<\/strong><\/em>\u00a0segueix treballant per oferir als nostres membres bones alternatives de promoci\u00f3 internacional davant la cancel\u00b7laci\u00f3 de les fires que havien de celebrar-se en el primer trimestre del 2021. En l\u00ednia amb les accions que ja hem desenvolupat en els \u00faltims mesos, convocarem a partir del gener tant missions virtuals com jornades t\u00e8cniques, centrant-nos en pa\u00efsos d&#8217;Europa i \u00c0frica, despr\u00e9s una tardor en qu\u00e8 ja s&#8217;han dut a terme diverses iniciatives en EUA i \u00c0sia. A el mateix temps, seguirem donant suport a les empreses que assisteixin a fires que tindran lloc en format online, com ara la ISH o Intertraffic.<\/p>\n<p>&nbsp;<\/p>\n<p>Una altra via de promoci\u00f3 internacional que s&#8217;ha demostrat molt efectiva en els \u00faltims mesos han estat les experi\u00e8ncies dels nostres membres amb la Xarxa Internacional de amec. \u00c9s per aix\u00f2 que continuarem animant a la nostra comunitat a dur a terme els seus projectes recolzant-se en els professionals amb el que comptem, especialistes en cada un dels diferents mercats, i que s&#8217;encarreguen de trobar de forma directa potencials clients i distribu\u00efdors. Des de l&#8217;estiu, aquest servei ha rebut moltes m\u00e9s sol\u00b7licituds i, l\u00f2gicament ia causa de la pand\u00e8mia que impossibilita un altre tipus d&#8217;accions, el nombre de projectes ha augmentat considerablement respecte a anys anteriors.\u00a0<strong>&#8220;Les empreses han estat conscients de la necessitat de comptar amb un suport per arribar millor als mercats i \u00e9s per aix\u00f2 que s&#8217;han servit en major mesura de la Xarxa Internacional de\u00a0<em>amec&#8221;,<\/em><\/strong>\u00a0expliquen els responsables de promoci\u00f3 internacional, Raquel Pous, Lucas Duch\u00e2tel i Andrea Rodrigo.<\/p>\n<p>&nbsp;<\/p>\n<p>D&#8217;altra banda,\u00a0<strong><em>amec<\/em><\/strong>\u00a0est\u00e0 ampliant les vies per arribar als mercats a trav\u00e9s de noves eines que ja est\u00e0 posant a disposici\u00f3 dels nostres membres. A partir de gener, l&#8217;entitat posar\u00e0 en marxa diferents sites de promoci\u00f3 internacional de les nostres empreses. L&#8217;entitat promocionar\u00e0 aquestes webs, organitzades per sectors, en qu\u00e8 podr\u00e0 trobar-se tota la informaci\u00f3 i l&#8217;oferta en tecnologia que ofereixen els nostres membres als clients i distribu\u00efdors de tot el m\u00f3n.<\/p>\n<p>&nbsp;<\/p>\n<p>Aix\u00ed mateix,\u00a0<strong><em>amec<\/em><\/strong>\u00a0<a href=\"https:\/\/www.amec.es\/pl14\/amecnews\/actualidad\/id573\/amec-y-el-marketplace-b2b-solostocks-colaboran-para-impulsar-a-nuestros-miembros-hacia-el-ecommerce.htm?fcat_14=558\" target=\"_blank\" rel=\"noopener\">ha tancat acords amb marketplaces B2B<\/a>\u00a0i continuar\u00e0 la tasca perqu\u00e8 la nostra comunitat tingui una bona pres\u00e8ncia en aquest canal, el creixement s&#8217;estima que ser\u00e0 d&#8217;un 25% interanual en els propers tres anys.<\/p>\n<\/div>\n<\/div>\n<div class=\"registre-accions amplada-pagina\">\n<div class=\"addthis_inline_share_toolbox\" style=\"margin: 0px; padding: 0px; border: 0px; outline: 0px; font-weight: inherit; font-style: inherit; clear: both;\" data-url=\"https:\/\/www.amec.es\/ca\/pl14\/amecnews\/noticies\/id613\/amec-seguira-este-2021-apoyando-a-la-promocion-internacional-de-las-empresas-ante-las-dificultades-de-movilidad.htm?fcat_14=558\" data-title=\"&lt;em&gt;amec&lt;\/em&gt; seguir\u00e0 aquest 2021 donant suport a la promoci\u00f3 internacional de les empreses davant les dificultats de mobilitat\" data-description=\"amec segueix treballant per oferir als nostres membres bones alternatives de promoci\u00f3 internacional davant la cancel\u00b7laci\u00f3 de les fires que havien de celebrar-se en el primer trimestre del 2021. En l\u00ednia amb les accions que ja hem desenvolupat en els \u00faltims mesos, convocarem a partir del gener tant missions virtuals com jornades t\u00e8cniques, centrant-nos en pa\u00efsos d'Europa i \u00c0frica, despr\u00e9s una tardor en qu\u00e8 ja s'han dut a terme diverses iniciatives en EUA i \u00c0sia. A el mateix temps, seguirem...\">\n<div id=\"atstbx\" class=\"at-resp-share-element at-style-responsive addthis-smartlayers addthis-animated at4-show\" role=\"region\" aria-labelledby=\"at-9c98e25c-de61-4d24-9c92-53ae152929e9\"><span id=\"at-9c98e25c-de61-4d24-9c92-53ae152929e9\" class=\"at4-visually-hidden\"><\/span><\/p>\n<div class=\"at-share-btn-elements\"><\/div>\n<\/div>\n<\/div>\n<\/div>\n","protected":false},"excerpt":{"rendered":"<p>amec\u00a0segueix treballant per oferir als nostres membres bones alternatives de promoci\u00f3 internacional davant la cancel\u00b7laci\u00f3 de les fires que havien de celebrar-se en el primer trimestre del 2021. En l\u00ednia amb les accions que ja hem desenvolupat en els \u00faltims mesos, convocarem a partir del gener tant missions virtuals com jornades t\u00e8cniques, centrant-nos en pa\u00efsos [&hellip;]<\/p>\n","protected":false},"author":1,"featured_media":4627,"comment_status":"open","ping_status":"open","sticky":false,"template":"","format":"standard","meta":{"inline_featured_image":false,"footnotes":""},"categories":[27],"tags":[],"class_list":["post-6398","post","type-post","status-publish","format-standard","has-post-thumbnail","hentry","category-actualitat"],"acf":[],"_links":{"self":[{"href":"https:\/\/en.amec.es\/index.php\/wp-json\/wp\/v2\/posts\/6398","targetHints":{"allow":["GET"]}}],"collection":[{"href":"https:\/\/en.amec.es\/index.php\/wp-json\/wp\/v2\/posts"}],"about":[{"href":"https:\/\/en.amec.es\/index.php\/wp-json\/wp\/v2\/types\/post"}],"author":[{"embeddable":true,"href":"https:\/\/en.amec.es\/index.php\/wp-json\/wp\/v2\/users\/1"}],"replies":[{"embeddable":true,"href":"https:\/\/en.amec.es\/index.php\/wp-json\/wp\/v2\/comments?post=6398"}],"version-history":[{"count":0,"href":"https:\/\/en.amec.es\/index.php\/wp-json\/wp\/v2\/posts\/6398\/revisions"}],"wp:featuredmedia":[{"embeddable":true,"href":"https:\/\/en.amec.es\/index.php\/wp-json\/"}],"wp:attachment":[{"href":"https:\/\/en.amec.es\/index.php\/wp-json\/wp\/v2\/media?parent=6398"}],"wp:term":[{"taxonomy":"category","embeddable":true,"href":"https:\/\/en.amec.es\/index.php\/wp-json\/wp\/v2\/categories?post=6398"},{"taxonomy":"post_tag","embeddable":true,"href":"https:\/\/en.amec.es\/index.php\/wp-json\/wp\/v2\/tags?post=6398"}],"curies":[{"name":"wp","href":"https:\/\/api.w.org\/{rel}","templated":true}]}}