{"id":6405,"date":"2021-02-19T06:35:33","date_gmt":"2021-02-19T06:35:33","guid":{"rendered":"https:\/\/wecreatedesign.co\/dev\/WP\/amec\/?p=5517"},"modified":"2021-02-19T06:35:33","modified_gmt":"2021-02-19T06:35:33","slug":"la-refeta-de-les-exportacions-colloca-la-industria-com-el-motor-de-la-recuperacio-el-2021","status":"publish","type":"post","link":"https:\/\/en.amec.es\/index.php\/2021\/02\/19\/la-refeta-de-les-exportacions-colloca-la-industria-com-el-motor-de-la-recuperacio-el-2021\/","title":{"rendered":"La refeta de les exportacions col\u2022loca la ind\u00fastria com el motor de la recuperaci\u00f3 el 2021"},"content":{"rendered":"<ul>\n<li><strong>Les vendes al mercat asi\u00e0tic superen les dirigides al continent americ\u00e0, molt m\u00e9s afectat per la pand\u00e8mia, un fet que nom\u00e9s havia passat de forma puntual anteriorment l\u2019any 2016.<\/strong><\/li>\n<li><strong>L\u2019augment de les importacions de b\u00e9ns d\u2019equipament en el conjunt de l\u2019Estat al novembre (4,2%) i desembre (8,4%), i que havien estat en valors negatius des de l\u2019esclat de la pand\u00e8mia, avancen un augment de la confian\u00e7a de cara a una major activitat de la ind\u00fastria en els propers mesos<em>.<\/em><\/strong><\/li>\n<li><strong>\u201cLa r\u00e0pida reacci\u00f3 de la ind\u00fastria fa preveure que ser\u00e0 el motor de la recuperaci\u00f3 el 2021, quan sectors com el turisme i els serveis encara poden veure\u2019s afectats\u201d, explica el director general d\u2019<em>amec<\/em>, Joan Tristany.<\/strong><\/li>\n<\/ul>\n<p><strong>\u00a0<\/strong><\/p>\n<p><strong>Barcelona,\u00a0<\/strong><strong>\u200b\u200b<\/strong><strong>19 de febrer de 2021<\/strong>. El Ministeri d\u2019Ind\u00fastria, Comer\u00e7 i Turisme ha publicat avui l\u2019informe de comer\u00e7 exterior, gener-desembre 2020, que indica\u00a0<strong>que les exportacions\u00a0<\/strong><strong>catalanes van disminuir un\u00a010,3%\u00a0respecte l\u2019any anterior<\/strong>. Pel que respecta al conjunt de l\u2019Estat, les exportacions van caure\u00a0<strong>un 10,0% respecte l\u2019any anterior<\/strong>, fins als \u00a0261.175,5 milions d\u2019euros. Es tracta d\u2019una caiguda de major intensitat que la de la zona euro (-9,1%). No obstant, tot i que degut als efectes de la pand\u00e8mia el comer\u00e7 exterior s\u2019ha situat en\u00a0<strong>nivells inferiors als de 2017<\/strong>, s\u2019observa una\u00a0<strong>tend\u00e8ncia positiva i de r\u00e0pida recuperaci\u00f3 en el transcurs de l\u2019any<\/strong>.<\/p>\n<p>Tot i la caiguda, cal destacar la r\u00e0pida recuperaci\u00f3 de les exportacions a partir del segon semestre, despr\u00e9s de la brusca paralitzaci\u00f3 de l\u2019activitat a finals del mes de mar\u00e7 de 2020. Partint de la major caiguda interanual de les exportacions del 40,3% registrat el mes d\u2019abril, la davallada va anar perdent intensitat mes a mes fins que les exportacions van assolir creixements interanuals positius a partir de novembre, quan es va produir un augment del 5,5%, i al desembre, del 6,5%.<\/p>\n<p>&nbsp;<\/p>\n<p><strong>\u201cPreveiem que aviat arribem als nivells de 2019. La r\u00e0pida reacci\u00f3 de la ind\u00fastria fa preveure que ser\u00e0 motor de recuperaci\u00f3 el 2021, quan sectors com el turisme i els serveis poden veure\u2019s encara afectats\u201d<\/strong>, explica el director general d\u2019<strong><em>amec<\/em><\/strong>, Joan Tristany.<\/p>\n<p>El descens de les exportacions catalanes no es homogeni entre els principals sectors. El sector de l\u2019Alimentaci\u00f3, begudes i tabac, que representa el 16,6% de les exportacions i que s\u2019ha considerat essencial durant la pand\u00e8mia, ha experimentat un creixement del 7,5%, pel que el seu paper ha estat primordial per a mantenir el comer\u00e7 exterior. A l\u2019altre extrem, trobem la caiguda de productes qu\u00edmics, que representa el 29,2% del total, van caure un 2,8% interanual; y b\u00e9ns d\u2019equipament, que representa el 16,2% del total y que va caure un 16,0%.<\/p>\n<p>&nbsp;<\/p>\n<p>L&#8217;augment de les importacions de b\u00e9ns d&#8217;equip en el conjunt de l\u2019Estat per primera vegada al novembre (4,2%) i de nou al desembre (8,4%) des de l&#8217;esclat de la pand\u00e8mia avan\u00e7a tamb\u00e9 un augment de la confian\u00e7a de cara a una major activitat de la ind\u00fastria en els propers mesos. A Catalunya tamb\u00e9 s\u2019observa una tend\u00e8ncia clarament positiva, ja que ja al novembre, tot i que no es va arribar a xifres positives, tamb\u00e9 es va produir una important recuperaci\u00f3 de les importacions de b\u00e9ns d\u2019equip.<\/p>\n<p>&nbsp;<\/p>\n<p><strong>Gran augment de les exportacions a Xina<\/strong><\/p>\n<p>Les exportacions catalanes al continent asi\u00e0tic van superar en el conjunt de 2020 les dirigides al continent americ\u00e0, molt m\u00e9s afectat per la pand\u00e8mia, un\u00a0 fet que nom\u00e9s havia passat de forma puntual anteriorment l\u2019any 2016. Concretament, fins al mes de novembre, les vendes a \u00c0sia ja superaven en un 24% les dirigides al continent americ\u00e0. Nom\u00e9s les exportacions catalanes dirigides a Xina van augmentar un espectacular 52% entre gener i novembre de 2020 respecte el mateix per\u00edode de l\u2019any anterior.<\/p>\n<p>La r\u00e0pida recuperaci\u00f3 del comer\u00e7 amb \u00c0sia contrasta tamb\u00e9 amb un mercat europeu que ha patit de forma prolongada els efectes de la pand\u00e8mia. Per aix\u00f2, van disminu\u00eft les exportacions del conjunt de l\u2019Estat cap als principals socis comercials, com s\u00f3n Fran\u00e7a (-3,9%), Alemanya (-4,8%), It\u00e0lia (-11,8%) i Portugal (-9,7%).<\/p>\n<p>&nbsp;<\/p>\n<p><strong>\u201cAquest fet demostra la maduresa del nostre sector exterior, que tot i les dificultats ha sabut redirigir-se en un moment determinat cap al mercat amb millor comportament\u201d<\/strong>, destaca Tristany. No obstant,\u00a0<strong>\u201ctenint en compte els problemes de mobilitat i la tend\u00e8ncia cap a la regionalitzaci\u00f3, \u00e9s probable que las exportacions dirigides a la Uni\u00f3 Europea tornin a guanyar pes\u201d<\/strong>, explica el director general de\u00a0<strong><em>amec<\/em><\/strong>.<\/p>\n<p>&nbsp;<\/p>\n<p>Si observem el comportament de les principals economies, durant l\u2019any d\u2019eclosi\u00f3 de la pand\u00e8mia de la Covid-19 nom\u00e9s Xina va aconseguir augmentar les seves exportacions respecte l\u2019any anterior (3,6%). La resta de pa\u00efsos registra un descens del comer\u00e7 a l\u2019exterior, a vegades m\u00e9s accentuat que el de Catalunya i Espanya, como \u00e9s el cas de Fran\u00e7a (-16,3%), Regne Unit (-14,6%) i Estats Units (-12,9%).<\/p>\n<p><strong>\u201cUna vegada m\u00e9s, com en anteriors crisis, la ind\u00fastria i el sector exterior tenen un paper essencial en la recuperaci\u00f3. Ens hem de recordar de la ind\u00fastria i invertir com a pa\u00eds en ella tant en els bons com en els mals moments, per assegurar que comptem amb una economia s\u00f2lida i diversificada, garant del benestar\u201d<\/strong>, afegeix Tristany.<\/p>\n<p>&nbsp;<\/p>\n<p><strong><em>amec\u00a0<\/em><\/strong><strong>impulsa els nous factors clau de competitivitat en les empreses<\/strong><\/p>\n<p>La comunitat de les empreses industrials internacionalitzades\u00a0<strong><em>amec<\/em><\/strong>\u00a0impulsa els nous factors clau de competitivitat en les empreses de tot l\u2019Estat:\u00a0<a href=\"https:\/\/www.amec.es\/pl14\/amecnews\/actualidad\/id139\/nueva-mision-y-proposito-de-amec.htm?fcat_14=558\" data-href=\"https:\/\/www.amec.es\/pl14\/amecnews\/actualidad\/id139\/nueva-mision-y-proposito-de-amec.htm?fcat_14=558\"><strong>anticipaci\u00f3, adaptabilitat, col\u00b7laboraci\u00f3, glocalitzaci\u00f3 i sostenibilitat<\/strong><\/a>. S\u00f3n uns factors que estan esdevenint essencials en l\u2019actual situaci\u00f3 de crisi per l\u2019impacte de la Covid-19 en l\u2019activitat industrial del nostre pa\u00eds. Les empreses que formen part d\u2019<strong><em>amec<\/em><\/strong>\u00a0generen un volum d&#8217;exportaci\u00f3 superior als 6.200 milions d&#8217;euros, exporten una mitjana del 55,5% de la seva facturaci\u00f3 i inverteixen el 4,7% en innovaci\u00f3.<\/p>\n","protected":false},"excerpt":{"rendered":"<p>Les vendes al mercat asi\u00e0tic superen les dirigides al continent americ\u00e0, molt m\u00e9s afectat per la pand\u00e8mia, un fet que nom\u00e9s havia passat de forma puntual anteriorment l\u2019any 2016. L\u2019augment de les importacions de b\u00e9ns d\u2019equipament en el conjunt de l\u2019Estat al novembre (4,2%) i desembre (8,4%), i que havien estat en valors negatius des [&hellip;]<\/p>\n","protected":false},"author":1,"featured_media":0,"comment_status":"open","ping_status":"open","sticky":false,"template":"","format":"standard","meta":{"inline_featured_image":false,"footnotes":""},"categories":[28],"tags":[],"class_list":["post-6405","post","type-post","status-publish","format-standard","hentry","category-notes-de-premsa"],"acf":[],"_links":{"self":[{"href":"https:\/\/en.amec.es\/index.php\/wp-json\/wp\/v2\/posts\/6405","targetHints":{"allow":["GET"]}}],"collection":[{"href":"https:\/\/en.amec.es\/index.php\/wp-json\/wp\/v2\/posts"}],"about":[{"href":"https:\/\/en.amec.es\/index.php\/wp-json\/wp\/v2\/types\/post"}],"author":[{"embeddable":true,"href":"https:\/\/en.amec.es\/index.php\/wp-json\/wp\/v2\/users\/1"}],"replies":[{"embeddable":true,"href":"https:\/\/en.amec.es\/index.php\/wp-json\/wp\/v2\/comments?post=6405"}],"version-history":[{"count":0,"href":"https:\/\/en.amec.es\/index.php\/wp-json\/wp\/v2\/posts\/6405\/revisions"}],"wp:attachment":[{"href":"https:\/\/en.amec.es\/index.php\/wp-json\/wp\/v2\/media?parent=6405"}],"wp:term":[{"taxonomy":"category","embeddable":true,"href":"https:\/\/en.amec.es\/index.php\/wp-json\/wp\/v2\/categories?post=6405"},{"taxonomy":"post_tag","embeddable":true,"href":"https:\/\/en.amec.es\/index.php\/wp-json\/wp\/v2\/tags?post=6405"}],"curies":[{"name":"wp","href":"https:\/\/api.w.org\/{rel}","templated":true}]}}