{"id":6423,"date":"2021-03-18T06:37:28","date_gmt":"2021-03-18T06:37:28","guid":{"rendered":"https:\/\/wecreatedesign.co\/dev\/WP\/amec\/?p=5524"},"modified":"2021-03-18T06:37:28","modified_gmt":"2021-03-18T06:37:28","slug":"les-empreses-industrials-damec-mantenen-les-exportacions-el-2020-malgrat-la-pandemia","status":"publish","type":"post","link":"https:\/\/en.amec.es\/index.php\/2021\/03\/18\/les-empreses-industrials-damec-mantenen-les-exportacions-el-2020-malgrat-la-pandemia\/","title":{"rendered":"Les empreses industrials d&#8217;amec mantenen les exportacions el 2020 malgrat la pand\u00e8mia"},"content":{"rendered":"<ul>\n<li><strong>En comparaci\u00f3 amb la crisi de 2009, l\u2019impacte negatiu de la pand\u00e8mia sobre les exportacions \u00e9s significativament menor, ja que en aquell moment les vendes a l&#8217;exterior van disminuir un 14,5%.<\/strong><\/li>\n<li><strong>Les empreses veuen com a principal risc noves pand\u00e8mies, mentre que el risc de tensions comercials perd rellev\u00e0ncia despr\u00e9s del relleu a la presid\u00e8ncia dels EUA.<\/strong><\/li>\n<li><strong>Per salvar noves dificultats, les empreses s&#8217;inclinen per la diversificaci\u00f3 de prove\u00efdors. La diversificaci\u00f3 de mercats i de sectors tamb\u00e9 \u00e9s una prioritat per a les empreses industrials, per a les que la gesti\u00f3 dels riscos s&#8217;ha convertit en un element de competitivitat davant un entorn molt incert.<\/strong><\/li>\n<li><strong>Les empreses es mostren clarament optimistes en les seves perspectives per a 2021, amb un increment de les exportacions total del 9,3% respecte a 2020.<\/strong><\/li>\n<\/ul>\n<p><strong><img fetchpriority=\"high\" decoding=\"async\" src=\"http:\/\/wecreatedesign.co\/dev\/WP\/amec\/wp-content\/uploads\/2023\/03\/informe-coyuntura-2-redim-w400-h225.jpg\" alt=\"Informe-Coyuntura.JPG\" width=\"400\" height=\"225\" \/>Barcelona, 18 de mar\u00e7 de 2021.\u00a0<\/strong>Les empreses d&#8217;<strong><em>amec<\/em><\/strong>\u00a0han mantingut les exportacions respecte 2019, amb una variaci\u00f3 positiva del 0,35% el 2020, segons reflecteix l&#8217;informe anual\u00a0<strong>Conjuntura 2020 i Perspectives 2021<\/strong>\u00a0d\u2019<strong><em>amec<\/em><\/strong>, la comunitat d&#8217;empreses industrials internacionalitzades, les conclusions de les quals s\u2019han presentat aquest mat\u00ed en roda de premsa.<\/p>\n<p>&nbsp;<\/p>\n<p>&nbsp;<\/p>\n<p>&nbsp;<\/p>\n<p>&nbsp;<\/p>\n<p>&nbsp;<\/p>\n<p>Quatre de cada deu empreses d\u2019<strong><em>amec<\/em><\/strong>\u00a0van incrementar les seves exportacions. En comparaci\u00f3 amb la crisi de 2009, l\u2019impacte negatiu de la pand\u00e8mia sobre les exportacions \u00e9s significativament menor, ja que en aquell moment les vendes a l&#8217;exterior van disminuir un 14,5%.\u00a0<strong>\u201cMalgrat l&#8217;arribada tan sobtada de la pand\u00e8mia, les empreses han sabut reaccionar de forma molt r\u00e0pida. Les persones al capdavant ja han viscut la gesti\u00f3 de l\u2019anterior crisi, compten amb una experi\u00e8ncia i no han dubtat en el moment d\u2019actuar, aplicant tot el seu coneixement\u201d,<\/strong>\u00a0explica el director general d&#8217;<strong><em>amec<\/em><\/strong>, Joan Tristany, que afegeix que\u00a0<strong>\u201ctamb\u00e9 hi ha contribu\u00eft una actuaci\u00f3 p\u00fablica totalment diferent a la de l&#8217;anterior crisi\u201d<\/strong>.<\/p>\n<p>Malgrat les dificultats, el 2020 quatre de cada deu empreses industrials van augmentar les seves plantilles. En el seu conjunt, totes les empreses d\u2019<strong><em>amec<\/em><\/strong>\u00a0sumen 40.000 llocs de treball, un 1% m\u00e9s que l&#8217;any anterior. Aix\u00ed mateix, per 2021 un 40,5% de les empreses industrials internacionalitzades preveu incrementar el nombre de treballadors, i nom\u00e9s un 6,9% contempla disminuir-lo.<\/p>\n<p>Per 2021, les previsions de les empreses industrials d&#8217;<strong><em>amec<\/em><\/strong>\u00a0\u00e9s d&#8217;un augment de les exportacions del 9,3%. Set de cada deu empreses preveu incrementar les exportacions. Aquestes previsions s&#8217;aproximen en gran mesura a les realitzades just abans de l&#8217;esclat de la pand\u00e8mia. D&#8217;aquesta manera, les empreses preveuen un escenari de r\u00e0pid retorn a la normalitat, m\u00e9s que un repunt pronunciat com el que va tenir lloc despr\u00e9s de la crisi financera.<\/p>\n<p>&nbsp;<\/p>\n<p>El director general d&#8217;<strong><em>amec<\/em><\/strong>\u00a0indica que\u00a0<strong>&#8220;la ind\u00fastria i el mercat exterior ser\u00e0 de nou clau en 2021. La ind\u00fastria \u00e9s un sector resilient que assegura llocs de treball de qualitat, de manera que cal garantir un entorn favorable perqu\u00e8 desenvolupi la seva activitat i pugui competir en igualtat de condicions en els mercats internacionals&#8221;<\/strong>.<\/p>\n<p>La caiguda de l&#8217;activitat de les empreses industrials d\u2019<strong><em>amec<\/em><\/strong>\u00a0el 2020 per efecte de la pand\u00e8mia -un 67,3% ha redu\u00eft les seves vendes i en conjunt la facturaci\u00f3 total ha disminu\u00eft un 1,27% &#8211; s&#8217;ha tradu\u00eft en una situaci\u00f3 de p\u00e8rdues per al 17% de les companyies, un comportament millor que el del conjunt de la ind\u00fastria.\u00a0<strong>&#8220;La capacitat de prospectiva i adaptabilitat juntament amb l&#8217;alt grau d&#8217;internacionalitzaci\u00f3 i d&#8217;innovaci\u00f3 han fet que les empreses d&#8217;<em>amec<\/em>\u00a0siguin m\u00e9s resilients davant la crisi&#8221;<\/strong>, explica Tristany.<\/p>\n<p><strong>Mercats i implantacions<\/strong><\/p>\n<p>Respecte l&#8217;any anterior, es mant\u00e9 pr\u00e0cticament el Top 10 de mercats de destinaci\u00f3 de les exportacions. Fran\u00e7a continua en el primer lloc del r\u00e0nquing, seguit per Alemanya, que despla\u00e7a als Estats Units a la tercera destinaci\u00f3. El canvi m\u00e9s significatiu en els deu principals mercats \u00e9s el posicionament d&#8217;Egipte en el nov\u00e8 lloc. M\u00e8xic baixa posicions fins a l\u201911\u00e8 lloc, tot i que es mant\u00e9 com a primera destinaci\u00f3 de Llatinoam\u00e8rica.<\/p>\n<p>Sobre els mercats d&#8217;inter\u00e8s en 2021, l&#8217;\u00cdndia i la Xina escalen llocs. Es confirma aix\u00ed l&#8217;augment del protagonisme de les destinacions asi\u00e0tiques. D&#8217;altra banda, disminueix l\u2019inter\u00e8s respecte a It\u00e0lia i el Regne Unit. Tot i aix\u00f2, malgrat el Brexit i els obstacles que representa, el Regne Unit continua sent un mercat important per al qual les empreses volen continuar dedicant els seus esfor\u00e7os.<\/p>\n<p>El 2020, 24 empreses van establir 34 noves implantacions, principalment a M\u00e8xic, Xina i els Estats Units.<\/p>\n<p>&nbsp;<\/p>\n<p><strong>La pand\u00e8mia dificulta les vendes<\/strong><\/p>\n<p>En l&#8217;any de l&#8217;esclat de la pand\u00e8mia, la majoria de les empreses han trobat dificultats significatives per desenvolupar la seva activitat internacional. Per primera vegada, entre les principals dificultats destacades es troba en primer i segon lloc la dificultat de trobar nous clients i la de trobar socis comercials, degut en gran mesura a les restriccions de mobilitat i la cancel\u00b7laci\u00f3 de fires. En tercer lloc i relacionat amb l&#8217;anterior, les empreses tamb\u00e9 han destacat la complexitat en l&#8217;aplicaci\u00f3 de protocols de seguretat per a la mobilitat de treballadors.<\/p>\n<p>M\u00e9s concretament, els \u00e0mbits on les restriccions a la mobilitat han provocat un impacte m\u00e9s negatiu en les empreses han estat la impossibilitat d&#8217;assistir a fires (79,3%), la dificultat de visitar nous clients (73,0%), mantenir contacte amb els clients (47,7%) i la dificultat d&#8217;oferir un servei adequat (45,9%).<\/p>\n<p>&nbsp;<\/p>\n<p><strong>Noves amenaces davant el relaxament de les tensions comercials<\/strong><\/p>\n<p>La possibilitat que sorgeixin noves pand\u00e8mies o rebrots de la Covid-19, juntament amb la possibilitat d&#8217;un escenari d&#8217;inestabilitat pol\u00edtica i econ\u00f2mica, s\u00f3n els principals riscos que les empreses perceben per desenvolupar la seva activitat internacional en els propers anys. Les pand\u00e8mies han despla\u00e7at a llocs inferiors altres amenaces m\u00e9s &#8220;tradicionals&#8221;, com s\u00f3n la inestabilitat pol\u00edtica i econ\u00f2mica mundial i l&#8217;augment de mesures proteccionistes, que havien protagonitzat el panorama internacional dels \u00faltims anys. El risc de tensions comercials entre pot\u00e8ncies sembla haver perdut pes despr\u00e9s del canvi en la presid\u00e8ncia dels Estats Units, m\u00e9s favorable al multilateralisme. Els riscos mediambientals (a trav\u00e9s d&#8217;exig\u00e8ncies socials-legislatives i les conseq\u00fc\u00e8ncies del canvi clim\u00e0tic) i els ciberatacs no es troben entre les principals amenaces percebudes.<\/p>\n<p><strong>Les empreses busquen resili\u00e8ncia diversificant prove\u00efdors i digitalitzant el servei t\u00e8cnic<\/strong><\/p>\n<p>La gesti\u00f3 dels riscos s&#8217;ha convertit en un element de competitivitat davant un entorn molt incert. La crisi econ\u00f2mica i comercial generada per la pand\u00e8mia ha posat de relleu la fragilitat d&#8217;alguns aspectes de l&#8217;actual model de cadenes de valor. Aix\u00f2 ha portat a moltes empreses a plantejar-se estrat\u00e8gies que els permetin ser m\u00e9s resilients davant futures disrupcions. M\u00e9s de la meitat de les empreses han optat per diversificar els seus prove\u00efdors per assegurar el subministrament. Una de cada cinc tamb\u00e9 opta per la diversificaci\u00f3 geogr\u00e0fica de la producci\u00f3. De la mateixa manera, tamb\u00e9 m\u00e9s de la meitat de les empreses han digitalitzat el servei t\u00e8cnic per garantir el servei als clients.<\/p>\n<p>La pand\u00e8mia tamb\u00e9 ha deixat noves prioritats en les empreses. Aix\u00ed, en les principals estrat\u00e8gies que preveuen implementar el 2021 trobem per primera vegada ocupant el segon lloc l&#8217;increment de la digitalitzaci\u00f3 (41,4%), despr\u00e9s del desenvolupament de nous productes (68,5%). Per tal de reduir riscos, la diversificaci\u00f3 de mercats (34,2%) i de sectors (33,3%) s&#8217;ha convertit tamb\u00e9 en una nova prioritat per a les empreses industrials.<\/p>\n<p>El principal factor disruptor de la pand\u00e8mia per a les empreses ha estat la manca de mobilitat. Aix\u00f2 es reflecteix en el fet que els principals \u00e0mbits on s&#8217;ha accelerat la digitalitzaci\u00f3 s\u00f3n aquells directament vinculats amb la relaci\u00f3 de l&#8217;empresa amb els seus clients. Tamb\u00e9 ha incidit en la gesti\u00f3 de les dades i el servei t\u00e8cnic i, en menor mesura, en el producte i el proc\u00e9s de fabricaci\u00f3.<\/p>\n<p><strong>&#8220;Sens dubte, aquest any ha estat el de la gesti\u00f3 de riscos, innovaci\u00f3 i digitalitzaci\u00f3. Tot i la crisi, les empreses d&#8217;<em>amec\u00a0<\/em>han pogut mantenir els llocs de treball, i seguiran aplicant noves estrat\u00e8gies per avan\u00e7ar-se, fent prospectiva i sent resilients, diversificant mercats i desenvolupant noves formes de pres\u00e8ncia en aquests mercats\u201d<\/strong>, ha afirmat el director general d&#8217;<strong><em>amec<\/em><\/strong>\u00a0.<\/p>\n<p>&nbsp;<\/p>\n<p><strong><em>amec\u00a0<\/em><\/strong><strong>impulsa els nous factors clau de competitivitat en les empreses<\/strong><\/p>\n<p>La comunitat de les empreses industrials internacionalitzades\u00a0<strong><em>amec<\/em><\/strong>\u00a0impulsa els nous factors clau de competitivitat en les empreses de tot l\u2019Estat:\u00a0<a href=\"https:\/\/www.amec.es\/pl14\/amecnews\/actualidad\/id139\/nueva-mision-y-proposito-de-amec.htm?fcat_14=558\" data-href=\"https:\/\/www.amec.es\/pl14\/amecnews\/actualidad\/id139\/nueva-mision-y-proposito-de-amec.htm?fcat_14=558\"><strong>anticipaci\u00f3, adaptabilitat, col\u00b7laboraci\u00f3, glocalitzaci\u00f3 i sostenibilitat<\/strong><\/a>. S\u00f3n uns factors que estan esdevenint essencials en l\u2019actual situaci\u00f3 de crisi per l\u2019impacte de la Covid-19 en l\u2019activitat industrial del nostre pa\u00eds. Les empreses que formen part d\u2019<strong><em>amec<\/em><\/strong>\u00a0generen un volum d&#8217;exportaci\u00f3 superior als 6.200 milions d&#8217;euros, exporten una mitjana del 53,6% de la seva facturaci\u00f3 i inverteixen el 3,9% en innovaci\u00f3.<\/p>\n<p><strong>\u00a0<\/strong><\/p>\n<p><strong>Per a m\u00e9s informaci\u00f3:<\/strong><\/p>\n<p>Gl\u00f2ria Ayuso<\/p>\n<p><a href=\"mailto:Gloria.ayuso@ga-binet.com\">Gloria.ayuso@ga-binet.com<\/a><\/p>\n<p>Tel. 654609518<\/p>\n","protected":false},"excerpt":{"rendered":"<p>En comparaci\u00f3 amb la crisi de 2009, l\u2019impacte negatiu de la pand\u00e8mia sobre les exportacions \u00e9s significativament menor, ja que en aquell moment les vendes a l&#8217;exterior van disminuir un 14,5%. Les empreses veuen com a principal risc noves pand\u00e8mies, mentre que el risc de tensions comercials perd rellev\u00e0ncia despr\u00e9s del relleu a la presid\u00e8ncia [&hellip;]<\/p>\n","protected":false},"author":1,"featured_media":0,"comment_status":"open","ping_status":"open","sticky":false,"template":"","format":"standard","meta":{"inline_featured_image":false,"footnotes":""},"categories":[28],"tags":[],"class_list":["post-6423","post","type-post","status-publish","format-standard","hentry","category-notes-de-premsa"],"acf":[],"_links":{"self":[{"href":"https:\/\/en.amec.es\/index.php\/wp-json\/wp\/v2\/posts\/6423","targetHints":{"allow":["GET"]}}],"collection":[{"href":"https:\/\/en.amec.es\/index.php\/wp-json\/wp\/v2\/posts"}],"about":[{"href":"https:\/\/en.amec.es\/index.php\/wp-json\/wp\/v2\/types\/post"}],"author":[{"embeddable":true,"href":"https:\/\/en.amec.es\/index.php\/wp-json\/wp\/v2\/users\/1"}],"replies":[{"embeddable":true,"href":"https:\/\/en.amec.es\/index.php\/wp-json\/wp\/v2\/comments?post=6423"}],"version-history":[{"count":0,"href":"https:\/\/en.amec.es\/index.php\/wp-json\/wp\/v2\/posts\/6423\/revisions"}],"wp:attachment":[{"href":"https:\/\/en.amec.es\/index.php\/wp-json\/wp\/v2\/media?parent=6423"}],"wp:term":[{"taxonomy":"category","embeddable":true,"href":"https:\/\/en.amec.es\/index.php\/wp-json\/wp\/v2\/categories?post=6423"},{"taxonomy":"post_tag","embeddable":true,"href":"https:\/\/en.amec.es\/index.php\/wp-json\/wp\/v2\/tags?post=6423"}],"curies":[{"name":"wp","href":"https:\/\/api.w.org\/{rel}","templated":true}]}}