{"id":6425,"date":"2021-03-22T06:41:18","date_gmt":"2021-03-22T06:41:18","guid":{"rendered":"https:\/\/wecreatedesign.co\/dev\/WP\/amec\/?p=5540"},"modified":"2021-03-22T06:41:18","modified_gmt":"2021-03-22T06:41:18","slug":"augmenta-la-necessitat-de-proteccio-de-el-personal-desplacat-en-el-futur-reinici-dels-viatges","status":"publish","type":"post","link":"https:\/\/en.amec.es\/index.php\/2021\/03\/22\/augmenta-la-necessitat-de-proteccio-de-el-personal-desplacat-en-el-futur-reinici-dels-viatges\/","title":{"rendered":"Augmenta la necessitat de protecci\u00f3 de el personal despla\u00e7at en el futur reinici dels viatges"},"content":{"rendered":"","protected":false},"excerpt":{"rendered":"<p>\u00d3scar Rodr\u00edguez Transcorregut ja un any, immersos en la pand\u00e8mia de la Covid 19, amb certs indicis de soluci\u00f3 a la dura situaci\u00f3 socioecon\u00f2mica en qu\u00e8 ens trobem sumits, les organitzacions empresarials, cadascuna&#8230;<\/p>\n","protected":false},"author":1,"featured_media":5543,"comment_status":"open","ping_status":"open","sticky":false,"template":"","format":"standard","meta":{"inline_featured_image":false,"footnotes":""},"categories":[29],"tags":[],"class_list":["post-6425","post","type-post","status-publish","format-standard","has-post-thumbnail","hentry","category-articles-dexperts"],"acf":[],"_links":{"self":[{"href":"https:\/\/en.amec.es\/index.php\/wp-json\/wp\/v2\/posts\/6425","targetHints":{"allow":["GET"]}}],"collection":[{"href":"https:\/\/en.amec.es\/index.php\/wp-json\/wp\/v2\/posts"}],"about":[{"href":"https:\/\/en.amec.es\/index.php\/wp-json\/wp\/v2\/types\/post"}],"author":[{"embeddable":true,"href":"https:\/\/en.amec.es\/index.php\/wp-json\/wp\/v2\/users\/1"}],"replies":[{"embeddable":true,"href":"https:\/\/en.amec.es\/index.php\/wp-json\/wp\/v2\/comments?post=6425"}],"version-history":[{"count":0,"href":"https:\/\/en.amec.es\/index.php\/wp-json\/wp\/v2\/posts\/6425\/revisions"}],"wp:featuredmedia":[{"embeddable":true,"href":"https:\/\/en.amec.es\/index.php\/wp-json\/"}],"wp:attachment":[{"href":"https:\/\/en.amec.es\/index.php\/wp-json\/wp\/v2\/media?parent=6425"}],"wp:term":[{"taxonomy":"category","embeddable":true,"href":"https:\/\/en.amec.es\/index.php\/wp-json\/wp\/v2\/categories?post=6425"},{"taxonomy":"post_tag","embeddable":true,"href":"https:\/\/en.amec.es\/index.php\/wp-json\/wp\/v2\/tags?post=6425"}],"curies":[{"name":"wp","href":"https:\/\/api.w.org\/{rel}","templated":true}]}}