{"id":6441,"date":"2021-04-14T06:39:42","date_gmt":"2021-04-14T06:39:42","guid":{"rendered":"https:\/\/wecreatedesign.co\/dev\/WP\/amec\/?p=5535"},"modified":"2021-04-14T06:39:42","modified_gmt":"2021-04-14T06:39:42","slug":"amec-i-esade-creapolis-signen-un-acord-per-promoure-la-innovacio-entre-empreses-i-startups-industrials-2","status":"publish","type":"post","link":"https:\/\/en.amec.es\/index.php\/2021\/04\/14\/amec-i-esade-creapolis-signen-un-acord-per-promoure-la-innovacio-entre-empreses-i-startups-industrials-2\/","title":{"rendered":"amec i Esade Creapolis signen un acord per promoure la innovaci\u00f3 entre empreses i startups industrials"},"content":{"rendered":"<p><strong>Barcelona, 14 d\u2019abril de 2021.\u00a0<\/strong>El director general d\u2019<a href=\"https:\/\/www.amec.es\/\" data-href=\"https:\/\/www.amec.es\/\"><strong><em>amec<\/em><\/strong><\/a>,\u00a0<strong>Joan Tristany<\/strong>, i el director general d\u2019<a href=\"https:\/\/www.esadecreapolis.com\/\"><strong>Esade Creapolis<\/strong><\/a>,\u00a0<strong>Oriol Alcoba<\/strong>, han signat un acord per tal de promoure de forma conjunta la innovaci\u00f3 a trav\u00e9s de la col\u00b7laboraci\u00f3 entre empreses i startups industrials.<\/p>\n<p>&nbsp;<\/p>\n<p>L\u2019acord signat estableix que\u00a0<strong><em>amec<\/em><\/strong>\u00a0i\u00a0<strong>Esade Creapolis<\/strong>\u00a0col\u00b7laboraran en l\u2019organitzaci\u00f3 d\u2019actuacions i podran desenvolupar accions conjuntes, com ara esdeveniments, formacions i projectes, tant en el marc de programes nacionals com europeus. La finalitat ser\u00e0 portar a terme accions per a la difusi\u00f3 de models d\u2019\u00e8xit de col\u00b7laboraci\u00f3 entre empreses i startups industrials.<\/p>\n<p>Aix\u00ed mateix,\u00a0<strong><em>amec<\/em><\/strong>\u00a0obre els seus serveis en condicions avantatjoses per a la comunitat d\u2019<strong>Esade Creapolis<\/strong>. Concretament,\u00a0<strong><em>amec<\/em><\/strong>\u00a0dona suport a les empreses industrials mitjan\u00e7ant serveis relacionats amb la internacionalitzaci\u00f3, la competitivitat, la col\u00b7laboraci\u00f3 entre les empreses, la prospectiva i la tasca de representaci\u00f3 i Lobby. Totes dues institucions comunicaran a les seves respectives comunitats a trav\u00e9s dels seus canals de comunicaci\u00f3 habituals l\u2019activitat i els serveis d\u2019ambdues parts quan es detecti un inter\u00e8s potencial entre els seus membres.<\/p>\n<p>&nbsp;<\/p>\n<p>Esade Creapolis \u00e9s un centre d\u2019innovaci\u00f3 open&amp;cross innovation. Impulsat per l\u2019escola de negocis Esade, t\u00e9 com a objectiu principal inspirar, facilitar i accelerar la innovaci\u00f3, proposant activitats de divulgaci\u00f3, espais f\u00edsics i de coneixement que estimulin la interacci\u00f3 entre les empreses, Esade, el m\u00f3n empresarial i altres xarxes de coneixement i innovaci\u00f3, amb la finalitat de detectar oportunitats de mercat, accelerant el desenvolupament i la comercialitzaci\u00f3 amb \u00e8xit.<\/p>\n<p>&nbsp;<\/p>\n<p>La comunitat de les empreses industrials internacionalitzades\u00a0<strong><em>amec<\/em><\/strong>\u00a0impulsa els nous factors clau de competitivitat en les empreses de tot l\u2019Estat:\u00a0<a href=\"https:\/\/www.amec.es\/pl14\/amecnews\/actualidad\/id139\/nueva-mision-y-proposito-de-amec.htm?fcat_14=558\" data-href=\"https:\/\/www.amec.es\/pl14\/amecnews\/actualidad\/id139\/nueva-mision-y-proposito-de-amec.htm?fcat_14=558\"><strong>anticipaci\u00f3, adaptabilitat, col\u00b7laboraci\u00f3, glocalitzaci\u00f3 i sostenibilitat<\/strong><\/a>. Les empreses d\u2019<strong><em>amec<\/em><\/strong>\u00a0generen un volum d&#8217;exportaci\u00f3 superior als 6.200 milions d&#8217;euros, exporten una mitjana del 53,6% de la seva facturaci\u00f3 i inverteixen el 3,9% en innovaci\u00f3.<\/p>\n<p>&nbsp;<\/p>\n<p><strong>Per a m\u00e9s informaci\u00f3:<\/strong><\/p>\n<p>Gl\u00f2ria Ayuso<\/p>\n<p>Tel. 654609518<\/p>\n<p><a href=\"mailto:Gloria.ayuso@ga-binet.com\">Gloria.ayuso@ga-binet.com<\/a><\/p>\n","protected":false},"excerpt":{"rendered":"<p>Barcelona, 14 d\u2019abril de 2021.\u00a0El director general d\u2019amec,\u00a0Joan Tristany, i el director general d\u2019Esade Creapolis,\u00a0Oriol Alcoba, han signat un acord per tal de promoure de forma conjunta la innovaci\u00f3 a trav\u00e9s de la col\u00b7laboraci\u00f3 entre empreses i startups industrials. &nbsp; L\u2019acord signat estableix que\u00a0amec\u00a0i\u00a0Esade Creapolis\u00a0col\u00b7laboraran en l\u2019organitzaci\u00f3 d\u2019actuacions i podran desenvolupar accions conjuntes, com ara [&hellip;]<\/p>\n","protected":false},"author":1,"featured_media":0,"comment_status":"open","ping_status":"open","sticky":false,"template":"","format":"standard","meta":{"inline_featured_image":false,"footnotes":""},"categories":[28],"tags":[],"class_list":["post-6441","post","type-post","status-publish","format-standard","hentry","category-notes-de-premsa"],"acf":[],"_links":{"self":[{"href":"https:\/\/en.amec.es\/index.php\/wp-json\/wp\/v2\/posts\/6441","targetHints":{"allow":["GET"]}}],"collection":[{"href":"https:\/\/en.amec.es\/index.php\/wp-json\/wp\/v2\/posts"}],"about":[{"href":"https:\/\/en.amec.es\/index.php\/wp-json\/wp\/v2\/types\/post"}],"author":[{"embeddable":true,"href":"https:\/\/en.amec.es\/index.php\/wp-json\/wp\/v2\/users\/1"}],"replies":[{"embeddable":true,"href":"https:\/\/en.amec.es\/index.php\/wp-json\/wp\/v2\/comments?post=6441"}],"version-history":[{"count":0,"href":"https:\/\/en.amec.es\/index.php\/wp-json\/wp\/v2\/posts\/6441\/revisions"}],"wp:attachment":[{"href":"https:\/\/en.amec.es\/index.php\/wp-json\/wp\/v2\/media?parent=6441"}],"wp:term":[{"taxonomy":"category","embeddable":true,"href":"https:\/\/en.amec.es\/index.php\/wp-json\/wp\/v2\/categories?post=6441"},{"taxonomy":"post_tag","embeddable":true,"href":"https:\/\/en.amec.es\/index.php\/wp-json\/wp\/v2\/tags?post=6441"}],"curies":[{"name":"wp","href":"https:\/\/api.w.org\/{rel}","templated":true}]}}