{"id":6443,"date":"2021-04-22T06:41:41","date_gmt":"2021-04-22T06:41:41","guid":{"rendered":"https:\/\/wecreatedesign.co\/dev\/WP\/amec\/?p=5542"},"modified":"2021-04-22T06:41:41","modified_gmt":"2021-04-22T06:41:41","slug":"mes-de-600-professionals-internacionals-segueixen-les-ultimes-innovacions-dels-fabricants-de-la-cadena-de-valor-de-lenvas-i-embalatge","status":"publish","type":"post","link":"https:\/\/en.amec.es\/index.php\/2021\/04\/22\/mes-de-600-professionals-internacionals-segueixen-les-ultimes-innovacions-dels-fabricants-de-la-cadena-de-valor-de-lenvas-i-embalatge\/","title":{"rendered":"M\u00e9s de 600 professionals internacionals segueixen les \u00faltimes innovacions dels fabricants de la cadena de valor de l&#8217;env\u00e0s i embalatge"},"content":{"rendered":"<div id=\"columna-contingut\" class=\"columna-contingut columna-contingut-no-portada\">\n<div class=\"columna-contingut-int\">\n<div class=\"portletDetailNoticies\">\n<div class=\"amplada-pagina descripcion\">\n<ul>\n<li><strong>Enplater Group, Gr\u00e0fiques Salaet, Macsa ID, Tavil i AND &amp; OR presenten les seves novetats centrades en aspectes clau com el packaging sostenible, la ind\u00fastria 4.0, la tra\u00e7abilitat del producte i la gesti\u00f3 de la fi de l\u00ednia.<\/strong><\/li>\n<\/ul>\n<p><strong>\u00a0<\/strong><\/p>\n<ul>\n<li><strong>Hispack<\/strong>\u00a0i\u00a0<strong><em>amec envasgraf<\/em><\/strong>\u00a0<strong>celebren un f\u00f2rum t\u00e8cnic com avantsala de la fira, que tindr\u00e0 lloc de l&#8217;19 a el 22 d&#8217;octubre al recinte de GranVia de Fira de Barcelona.<\/strong><\/li>\n<\/ul>\n<p><strong>\u00a0<\/strong><\/p>\n<p><strong>Barcelona\u00a022<\/strong>\u00a0<strong>d&#8217;abril d<\/strong>\u00a0<strong>i 2021.<\/strong>\u00a0M\u00e9s de 600 professionals, el 30% internacionals, han seguit les \u00faltimes innovacions que han presentat fabricants espanyols de la cadena de valor de l&#8217;env\u00e0s i embalatge (fabricants d&#8217;env\u00e0s, tecnologia per a l&#8217;env\u00e0s, embalatge, embotellament i el seu grafisme) en la sessi\u00f3\u00a0<em>Unpack spanish Innovation<\/em>\u00a0que han celebrat\u00a0<strong>Hispack<\/strong>\u00a0i\u00a0<strong><em>amecenvasgraf,<\/em><\/strong>\u00a0l&#8217;agrupaci\u00f3 que uneix a les empreses de el sector. L&#8217;acte s&#8217;ha transm\u00e8s amb traducci\u00f3 simult\u00e0nia en espanyol, angl\u00e8s i franc\u00e8s, i ha servit com a avantsala de la celebraci\u00f3 de la sala Hispack, que tindr\u00e0 lloc de l&#8217;19 a el 22 d&#8217;octubre al recinte de GranVia de Fira de Barcelona.<\/p>\n<p>Pel director d&#8217;Hispack, Xavier Pascual,\u00a0<strong>&#8220;la ind\u00fastria de l&#8217;packaging \u00e9s estrat\u00e8gica per a l&#8217;economia. Hispack ser\u00e0 la primera cita presencial a Europa de el sector &#8220;,<\/strong>\u00a0ha destacat. Una trobada ineludible pel fet que permetr\u00e0 a les empreses tornar a estar en contacte directe en un mateix lloc amb tots els seus clients i prove\u00efdors.<\/p>\n<p>&nbsp;<\/p>\n<p>La directora de\u00a0<strong><em>amec envasgraf,<\/em><\/strong>\u00a0Carmina Castell\u00e0, ha explicat que les empreses espanyoles de l&#8217;env\u00e0s i embalatge, a l&#8217;pert\u00e0nyer a un sector considerat essencial, han tingut el 2020 un bon comportament tot i la pand\u00e8mia, ja que la seva facturaci\u00f3 ha augmentat un 3,2 %, i (mentre que) en el primer trimestre del l&#8217;any les exportacions han experimentat un creixement de l&#8217;17%. Per a aquest 2021,\u00a0<strong>&#8220;hi ha un optimisme general davant la perspectiva de poder recuperar els contactes amb potencials clients&#8221;,<\/strong>\u00a0ha afirmat Castell\u00e0, que ha incidit en la gran inversi\u00f3 que el sector est\u00e0 realitzant en innovaci\u00f3, especialment en digitalitzaci\u00f3, a nivell t\u00e8cnic i comercial .<\/p>\n<p>Aix\u00ed ho han corroborat And &amp; OR, EnplaterGroup, Gr\u00e0fiques Salaet, Macsa ID i Tavil, les cinc empreses que han exposat les seves innovacions i que han captat l&#8217;inter\u00e8s de clients i prove\u00efdors de el sector que han seguit el webinar, i que al seu terme els han formulat gran nombre de preguntes per con\u00e8ixer m\u00e9s sobre elles.<\/p>\n<p>EnplaterGroup empresa dedicada a l&#8217;packaging flexible des de 1962 i que exporta el 42% de la seva facturaci\u00f3, s&#8217;est\u00e0 adaptant\u00a0<strong>per &#8220;passar d&#8217;una economia lineal a una economia circular&#8221;<\/strong>\u00a0en compliment amb la directiva de la Uni\u00f3 europea que indica que el 2030 tots els envasos han de reutilitzar-se, tal com ha recordat el seu director de R + d, Pere Coll. La companyia s&#8217;est\u00e0 transformant i aix\u00f2 comporta el canvi en els procediments i l&#8217;aplicaci\u00f3 de diferents tractaments en els seus productes, per tal de facilitar el reciclatge, incorporar material reciclat i compostable o biobasados. Per Coll, aquest esfor\u00e7 per trobar noves solucions est\u00e0 obtenint una gran resposta per part dels clients.<\/p>\n<p>&nbsp;<\/p>\n<p>Gr\u00e0fiques Salaet est\u00e0 aconseguint traslladar als envasos que produeixen de paper i cartr\u00f3 totes les propietats necess\u00e0ries en el packaging (estanquitat, impermeabilitat, biodegradable, apte per a la congelaci\u00f3 i de fer, entre d&#8217;altres) sense la utilitzaci\u00f3 de el fins ara habitual laminat o extrusionat de poli\u00e8ster (PET). Gr\u00e0cies a aix\u00f2,\u00a0<strong>&#8220;augmenten les possibilitats d&#8217;utilitzaci\u00f3 d&#8217;aquests materials en resposta a la reducci\u00f3 de l&#8217;pl\u00e0stic en molts envasos&#8221;,<\/strong>\u00a0ha explicat el director de vendes de la companyia, Roger Villar.<\/p>\n<p>&nbsp;<\/p>\n<p>Per la seva banda, Xavier M\u00f6ller, director de vendes internacional de MacsaID, que desenvolupa solucions de marcatge i tra\u00e7abilitat per a alimentaci\u00f3, begudes, cosm\u00e8tica o ind\u00fastria com automoci\u00f3, ha presentat la nova soluci\u00f3 de la companyia: el sistema BiDiLase. Mitjan\u00e7ant la impressi\u00f3 d&#8217;un codi QR \u00fanic \u00e9s possible seguir la tra\u00e7abilitat d&#8217;un producte individual, coneixent des dels seus mat\u00e8ries primeres, transport, distribuci\u00f3 i fins al seu reciclatge.\u00a0<strong>&#8220;Podem identificar per on ha passat el producte i si hi ha algun tipus de problema, con\u00e8ixer quin percentatge d&#8217;envasos es reciclen &#8230; hi ha la capacitat d&#8217;obtenir molta informaci\u00f3 mitjan\u00e7ant aquest sistema de codificaci\u00f3, i el seu programari associat&#8221;,<\/strong>\u00a0ha indicat.<\/p>\n<p>&nbsp;<\/p>\n<p>Tavil ha presentat la seva innovaci\u00f3 per al final de l\u00ednia, mitjan\u00e7ant l&#8217;aplicaci\u00f3 de tecnologia multiformat que permet nom\u00e9s llegint un codi canviar de forma instant\u00e0nia tot el final de l\u00ednia. &#8220;Els nostres clients necessiten ser capa\u00e7os de produir a alta velocitat i canviar de format el m\u00e9s r\u00e0pid possible per seguir requeriments diferents en el sistema d&#8217;etiquetatge, tancat o paletitzat dels productes&#8221;, ha detallat el director d&#8217;exportacions de l&#8217;empresa, Ramon Reguant.<\/p>\n<p>&nbsp;<\/p>\n<p>Per la seva banda, Mart\u00edn Roll\u00e1n, d&#8217;And &amp; Or, ha exposat com l&#8217;empresa ha treballat en una soluci\u00f3 de robots de navegaci\u00f3 natural i omnidireccional per a l&#8217;automatitzaci\u00f3 total dels processos de client en les seves diverses l\u00ednies.<\/p>\n<p>Les noves tecnologies i innovacions presentades han aixecat gran expectaci\u00f3, at\u00e8s el gran nombre de preguntes que han realitzat els assistents. Per a la directora de\u00a0<strong><em>amec envasgraf,<\/em><\/strong>\u00a0Carmina Castell\u00e0, les empreses espanyoles de el sector destaquen per la seva flexibilitat, qualitat, innovaci\u00f3, internacionalitzaci\u00f3, proximitat, confian\u00e7a i comprom\u00eds. Les empreses de el sector desenvolupen tecnologia per a la fabricaci\u00f3 d&#8217;env\u00e0s flexible, tecnologia i accessoris d&#8217;env\u00e0s i embalatge, tecnologia i accessoris per embotellat, tecnologia d&#8217;etiquetatge, codificaci\u00f3 i marcatge, tecnologia per a la impressi\u00f3 de l&#8217;env\u00e0s i per a la log\u00edstica, manipulaci\u00f3, emmagatzematge i final de l\u00ednia. Aquestes firmasse dirigeixen als sectors de l&#8217;alimentaci\u00f3 i begudes, farm\u00e0cia, cosm\u00e8tica, qu\u00edmica, neteja de la llar i construcci\u00f3, entre d&#8217;altres.<\/p>\n<p>&nbsp;<\/p>\n<p><strong>Creixen les exportacions<\/strong><br \/>\nLes exportacions espanyoles de les empreses de tecnologia de packaging augmenten des del passat mes de setembre. Malgrat un petit retroc\u00e9s de l&#8217;2,9% el 2020, en el primer trimestre del 2021 estan experimentant un creixement de l&#8217;17%, tal com ha explicat la directora de\u00a0<strong><em>amecenvasgraf.<\/em><\/strong>\u00a0Destaquen l&#8217;evoluci\u00f3 de mercats com el rus, que amb un increment de 50,6% el 2020, se situa com el tercer despr\u00e9s d&#8217;Estats Units i Fran\u00e7a; aix\u00ed com el xin\u00e8s, que amb un augment de l&#8217;73,5%, escala a la desena posici\u00f3.<\/p>\n<p>&nbsp;<\/p>\n<p>De periodicitat triennal, Hispack \u00e9s la fira de packaging, proc\u00e9s i log\u00edstica referent a Espanya i una de les primeres d&#8217;Europa en la seva especialitat. Organitzat per Fira de Barcelona, \u200b\u200bel sal\u00f3 prepara la seva propera edici\u00f3, adaptada a l&#8217;actual conjuntura, de l&#8217;19 a el 22 d&#8217;octubre de 2021 a l&#8217;recinte firal de Gran Via en coincid\u00e8ncia amb la fira de tecnologia Aliment\u00e0ria FoodTech. Hispack estructurar\u00e0 la seva oferta expositiva en cinc sectors. Entre ells, en el de Packaging Machinery &amp; Process mostrar\u00e0 tota la innovaci\u00f3 per a les l\u00ednies, processos i operacions d&#8217;envasament de productes: des d&#8217;equips que fabriquen i modelen envasos, a maquin\u00e0ria d&#8217;ompliment i tancament, passant per tecnologia de lectura i verificaci\u00f3, l\u00ednies de transport , equips de condicionament i embalatge. La fira tamb\u00e9 inclour\u00e0 el sector Labelling &amp; Bottling amb maquin\u00e0ria i equipament per a les l\u00ednies d&#8217;embotellament, aix\u00ed com maquin\u00e0ria de proc\u00e9s i final de l\u00ednia per a begudes o olis, acompanya amb solucions d&#8217;etiquetatge, codificaci\u00f3 i marcatge.<\/p>\n<p>Completen l&#8217;oferta d&#8217;Hispack els sectors de Logistics, Automation &amp; Robotics, amb solucions per als equips de intralog\u00edstica i manutenci\u00f3, emmagatzematge, distribuci\u00f3 i transport per a la millora dels sistemes i equips que faciliten la recepci\u00f3 del producte des del centre de producci\u00f3 fins al consumidor; Industrial Packaging, Solucions i materials per a l&#8217;embalatge secundari o terciariode productes industrials; i Brand Packaging, envasos, estoigs, materials, formats i dissenys perqu\u00e8 les marques es diferenci\u00efn en el punt de venda i optimitzin l&#8217;experi\u00e8ncia d&#8217;\u00fas dels seus productes.<\/p>\n<p>&nbsp;<\/p>\n<p>Per la seva banda,\u00a0<strong><em>amec<\/em><\/strong>\u00a0reuneix dins de la seva agrupaci\u00f3 sectorial\u00a0<strong><em>amec envasgraf<\/em><\/strong>\u00a0a les empreses espanyoles m\u00e9s competitives en tecnologia per a env\u00e0s i embalatge i afins. L&#8217;entitat els ajuda en l&#8217;obertura de nous mercats internacionals, en l&#8217;adopci\u00f3 dels nous factors clau de competitivitat i en la generaci\u00f3 d&#8217;espais per a la col\u00b7laboraci\u00f3 entre ind\u00fastries i per a la transfer\u00e8ncia de coneixement per tal de poder afrontar amb \u00e8xit els grans reptes de la sostenibilitat i l&#8217;adaptaci\u00f3 als canvis.<\/p>\n<p>&nbsp;<\/p>\n<p><strong>Per a m\u00e9s informaci\u00f3:<\/strong><\/p>\n<p>Gl\u00f2ria Ayuso<\/p>\n<p><a href=\"mailto:Gloria.ayuso@ga-binet.com\">Gloria.ayuso@ga-binet.com<\/a><\/p>\n<p>Tel. 654609518<\/p>\n<p>&nbsp;<\/p>\n<p>Maria Dolors Herranz<\/p>\n<p>Tel. 93 233 25 41<\/p>\n<p><a href=\"mailto:mdherranz@firabarcelona.com\">mdherranz@firabarcelona.com<\/a><\/p>\n<p>&nbsp;<\/p>\n<\/div>\n<\/div>\n<div class=\"registre-accions amplada-pagina\">\n<div class=\"addthis_inline_share_toolbox\"><\/div>\n<\/div>\n<\/div>\n<div id=\"registres-relacionats\" class=\"registres-relacionats\">\n<div class=\"amplada-pagina\">\n<div class=\"gallery-controls\"><\/div>\n<div class=\"portlet-relacionat\">\n<h2 class=\"main_title\">Not\u00edcies relacionades<\/h2>\n<p><a name=\"portlet199\"><\/a><\/p>\n<div class=\"amplada-pagina amplada-pagina-marges \">\n<ul id=\"portlet-199\" class=\"infinite-scroll llista-portada-amb-imatges interior tres_columnes\" data-pl=\"199\" data-pageid=\"184\" data-topicid=\"0\">\n<li>\n<div class=\"llista-img-sup\"><a title=\"IDE: Conclusions del webinar sobre tecnologia de packaging organitzat per Hispack i amec envasgraf\" href=\"https:\/\/www.amec.es\/ca\/pl199\/amecnews\/noticias\/id713\/ide.htm\" data-href=\"\/ca\/pl199\/amecnews\/noticias\/id713\/ide.htm\"><img fetchpriority=\"high\" decoding=\"async\" src=\"http:\/\/wecreatedesign.co\/dev\/WP\/amec\/wp-content\/uploads\/2023\/03\/ide-hispack-redim-prop66-enc-w480-h320.jpg\" alt=\"IDE-Hispack\" width=\"480\" height=\"320\" \/><\/a><\/div>\n<div class=\"llista-contingut\">\n<p class=\"categoria\"><em>amec<\/em>\u00a0ALS MITJANS<\/p>\n<p><a class=\"titolblau21\" title=\"IDE: Conclusions del webinar sobre tecnologia de packaging organitzat per Hispack i amec envasgraf\" href=\"https:\/\/www.amec.es\/ca\/pl199\/amecnews\/noticias\/id713\/ide.htm\" data-href=\"\/ca\/pl199\/amecnews\/noticias\/id713\/ide.htm\">IDE: Conclusions del webinar sobre tecnologia de packaging organitzat per Hispack i amec envasgraf<\/a><\/p>\n<p><a class=\"textegrisfosc14\" title=\"IDE: Conclusions del webinar sobre tecnologia de packaging organitzat per Hispack i amec envasgraf\" href=\"https:\/\/www.amec.es\/ca\/pl199\/amecnews\/noticias\/id713\/ide.htm\" data-href=\"\/ca\/pl199\/amecnews\/noticias\/id713\/ide.htm\">26 d&#8217;abril de 2021<\/a><\/p>\n<\/div>\n<\/li>\n<li>\n<div class=\"llista-img-sup\"><a title=\"Envaspress: M\u00e9s de 600 professionals segueixen les \u00faltimes innovacions dels fabricants de la cadena de valor de l'env\u00e0s i embalatge\" href=\"https:\/\/www.amec.es\/ca\/pl199\/amecnews\/noticias\/id714\/envaspress-mas-de-600-profesionales-siguen-las-ultimas-innovaciones-de-los-fabricantes-de-la-cadena-de-valor-del-envase-y-embalaje.htm\" data-href=\"\/ca\/pl199\/amecnews\/noticias\/id714\/envaspress-mas-de-600-profesionales-siguen-las-ultimas-innovaciones-de-los-fabricantes-de-la-cadena-de-valor-del-envase-y-embalaje.htm\"><img decoding=\"async\" src=\"http:\/\/wecreatedesign.co\/dev\/WP\/amec\/wp-content\/uploads\/2023\/03\/ide-hispack-redim-prop66-enc-w480-h320.jpg\" alt=\"Envaspress-hispack\" width=\"480\" height=\"320\" \/><\/a><\/div>\n<div class=\"llista-contingut\">\n<p class=\"categoria\"><em>amec<\/em>\u00a0ALS MITJANS<\/p>\n<p><a class=\"titolblau21\" title=\"Envaspress: M\u00e9s de 600 professionals segueixen les \u00faltimes innovacions dels fabricants de la cadena de valor de l'env\u00e0s i embalatge\" href=\"https:\/\/www.amec.es\/ca\/pl199\/amecnews\/noticias\/id714\/envaspress-mas-de-600-profesionales-siguen-las-ultimas-innovaciones-de-los-fabricantes-de-la-cadena-de-valor-del-envase-y-embalaje.htm\" data-href=\"\/ca\/pl199\/amecnews\/noticias\/id714\/envaspress-mas-de-600-profesionales-siguen-las-ultimas-innovaciones-de-los-fabricantes-de-la-cadena-de-valor-del-envase-y-embalaje.htm\">Envaspress: M\u00e9s de 600 professionals segueixen les \u00faltimes innovacions dels fabricants de la cadena de valor de l&#8217;env\u00e0s i embalatge<\/a><\/p>\n<p><a class=\"textegrisfosc14\" title=\"Envaspress: M\u00e9s de 600 professionals segueixen les \u00faltimes innovacions dels fabricants de la cadena de valor de l'env\u00e0s i embalatge\" href=\"https:\/\/www.amec.es\/ca\/pl199\/amecnews\/noticias\/id714\/envaspress-mas-de-600-profesionales-siguen-las-ultimas-innovaciones-de-los-fabricantes-de-la-cadena-de-valor-del-envase-y-embalaje.htm\" data-href=\"\/ca\/pl199\/amecnews\/noticias\/id714\/envaspress-mas-de-600-profesionales-siguen-las-ultimas-innovaciones-de-los-fabricantes-de-la-cadena-de-valor-del-envase-y-embalaje.htm\">26 d&#8217;abril de 2021<\/a><\/p>\n<\/div>\n<\/li>\n<\/ul>\n<\/div>\n<\/div>\n<\/div>\n<\/div>\n<\/div>\n<div id=\"galeria-element_adicional\" class=\"galeria-amec-pag-15\">\n<h3 class=\"amplada-pagina title_with_yellow_after\">Galeria d&#8217;imatges<\/h3>\n<div class=\"gallery-controls\">\n<div class=\"gal-dot-control selected\" data-page=\"1\"><\/div>\n<div class=\"gal-dot-control\" data-page=\"2\"><\/div>\n<div class=\"gal-dot-control\" data-page=\"3\"><\/div>\n<div class=\"gal-dot-control\" data-page=\"4\"><\/div>\n<\/div>\n<ul class=\"galeria-amec visualitza-box\">\n<li style=\"list-style-type: none;\">\n<ul class=\"galeria-amec visualitza-box\">\n<li class=\"image-container column-image warea_31\"><a title=\"Hispack-amec-9.JPG\" href=\"https:\/\/www.amec.es\/media\/site1\/cache\/images\/hispack-amec-9.jpg\" target=\"_blank\" rel=\"gallery noopener\"><img decoding=\"async\" class=\"imatge-zoom\" src=\"http:\/\/wecreatedesign.co\/dev\/WP\/amec\/wp-content\/uploads\/2023\/03\/hispack-amec-9-redim-prop-w800-h500.jpg\" alt=\"Hispack-amec-9\" width=\"800\" height=\"500\" \/><\/a><\/li>\n<li class=\"image-container column-image warea_31\"><a title=\"Hispack-amec-16.JPG\" href=\"https:\/\/www.amec.es\/media\/site1\/cache\/images\/hispack-amec-16.jpg\" target=\"_blank\" rel=\"gallery noopener\"><img loading=\"lazy\" decoding=\"async\" class=\"imatge-zoom\" src=\"http:\/\/wecreatedesign.co\/dev\/WP\/amec\/wp-content\/uploads\/2023\/03\/hispack-amec-16-redim-prop-w800-h500.jpg\" alt=\"Hispack-amec-16\" width=\"800\" height=\"500\" \/><\/a><\/li>\n<li class=\"image-container column-image warea_31\">\n<div class=\"gallery-controls\">\n<div class=\"gal-dot-control selected\" data-page=\"2\"><\/div>\n<div class=\"gal-dot-control\" data-page=\"3\"><\/div>\n<div class=\"gal-dot-control\" data-page=\"4\"><\/div>\n<\/div>\n<ul class=\"galeria-amec visualitza-box\">\n<li class=\"image-container column-image warea_31\"><a title=\"Hispack-amec-17.JPG\" href=\"https:\/\/www.amec.es\/media\/site1\/cache\/images\/hispack-amec-17.jpg\" target=\"_blank\" rel=\"gallery noopener\"><img loading=\"lazy\" decoding=\"async\" class=\"imatge-zoom\" src=\"http:\/\/wecreatedesign.co\/dev\/WP\/amec\/wp-content\/uploads\/2021\/04\/hispack-amec-17-redim-prop-w800-h500.jpg\" width=\"800\" height=\"500\" \/><\/a><\/li>\n<li class=\"image-container column-image warea_31\"><a title=\"Hispack-amec-10.JPG\" href=\"https:\/\/www.amec.es\/media\/site1\/cache\/images\/hispack-amec-10.jpg\" target=\"_blank\" rel=\"gallery noopener\"><img loading=\"lazy\" decoding=\"async\" class=\"imatge-zoom\" src=\"http:\/\/wecreatedesign.co\/dev\/WP\/amec\/wp-content\/uploads\/2021\/04\/hispack-amec-10-redim-prop-w800-h500.jpg\" width=\"800\" height=\"500\" \/><\/a><\/li>\n<li class=\"image-container column-image warea_31\"><a title=\"Hispack-amec-6.JPG\" href=\"https:\/\/www.amec.es\/media\/site1\/cache\/images\/hispack-amec-6.jpg\" target=\"_blank\" rel=\"gallery noopener\"><img loading=\"lazy\" decoding=\"async\" class=\"imatge-zoom\" src=\"http:\/\/wecreatedesign.co\/dev\/WP\/amec\/wp-content\/uploads\/2021\/04\/hispack-amec-6-redim-prop-w800-h500.jpg\" alt=\"Hispack-amec-6\" width=\"800\" height=\"500\" \/><\/a><\/li>\n<\/ul>\n<p>&nbsp;<\/li>\n<li class=\"image-container column-image warea_31\">&nbsp;\n<div class=\"gallery-controls\">\n<div class=\"gal-dot-control\" data-page=\"1\"><\/div>\n<div class=\"gal-dot-control\" data-page=\"2\"><\/div>\n<div class=\"gal-dot-control selected\" data-page=\"3\"><\/div>\n<div class=\"gal-dot-control\" data-page=\"4\"><\/div>\n<\/div>\n<ul class=\"galeria-amec visualitza-box\">\n<li class=\"image-container column-image warea_31\"><a title=\"Hispack-amec-13.JPG\" href=\"https:\/\/www.amec.es\/media\/site1\/cache\/images\/hispack-amec-13.jpg\" target=\"_blank\" rel=\"gallery noopener\"><img loading=\"lazy\" decoding=\"async\" class=\"imatge-zoom\" src=\"http:\/\/wecreatedesign.co\/dev\/WP\/amec\/wp-content\/uploads\/2021\/04\/hispack-amec-13-redim-prop-w800-h500.jpg\" alt=\"Hispack-amec-13\" width=\"800\" height=\"500\" \/><\/a><\/li>\n<li class=\"image-container column-image warea_31\"><a title=\"Hispack-amec-8.JPG\" href=\"https:\/\/www.amec.es\/media\/site1\/cache\/images\/hispack-amec-8.jpg\" target=\"_blank\" rel=\"gallery noopener\"><img loading=\"lazy\" decoding=\"async\" class=\"imatge-zoom\" src=\"http:\/\/wecreatedesign.co\/dev\/WP\/amec\/wp-content\/uploads\/2021\/04\/hispack-amec-8-redim-prop-w800-h500.jpg\" alt=\"Hispack-amec-8\" width=\"800\" height=\"500\" \/><\/a><\/li>\n<li class=\"image-container column-image warea_31\"><a title=\"Hispack-amec-2.JPG\" href=\"https:\/\/www.amec.es\/media\/site1\/cache\/images\/hispack-amec-2.jpg\" target=\"_blank\" rel=\"gallery noopener\"><img loading=\"lazy\" decoding=\"async\" class=\"imatge-zoom\" src=\"http:\/\/wecreatedesign.co\/dev\/WP\/amec\/wp-content\/uploads\/2021\/04\/hispack-amec-2-redim-prop-w800-h500.jpg\" alt=\"Hispack-amec-2\" width=\"800\" height=\"500\" \/><\/a><\/li>\n<\/ul>\n<p>&nbsp;<\/li>\n<li class=\"image-container column-image warea_31\"><a title=\"Banner-hispack-ESP.jpg\" href=\"https:\/\/www.amec.es\/media\/site1\/cache\/images\/banner-hispack-esp.jpg\" target=\"_blank\" rel=\"gallery noopener\"><img loading=\"lazy\" decoding=\"async\" class=\"imatge-zoom\" src=\"http:\/\/wecreatedesign.co\/dev\/WP\/amec\/wp-content\/uploads\/2021\/04\/banner-hispack-esp-redim-prop-w800-h500.jpg\" alt=\"Banner-hispack-ESP\" width=\"800\" height=\"500\" \/><\/a><a title=\"Hispack-amec-20.jpg\" href=\"https:\/\/www.amec.es\/media\/site1\/cache\/images\/hispack-amec-20.jpg\" target=\"_blank\" rel=\"gallery noopener\"><img loading=\"lazy\" decoding=\"async\" class=\"imatge-zoom\" src=\"http:\/\/wecreatedesign.co\/dev\/WP\/amec\/wp-content\/uploads\/2023\/03\/hispack-amec-16-redim-prop-w800-h500.jpg\" alt=\"Hispack-amec-20\" width=\"800\" height=\"500\" \/><\/a><\/li>\n<\/ul>\n<\/li>\n<\/ul>\n<\/div>\n","protected":false},"excerpt":{"rendered":"<p>Enplater Group, Gr\u00e0fiques Salaet, Macsa ID, Tavil i AND &amp; OR presenten les seves novetats centrades en aspectes clau com el packaging sostenible, la ind\u00fastria 4.0, la tra\u00e7abilitat del producte i la gesti\u00f3 de la fi de l\u00ednia. \u00a0 Hispack\u00a0i\u00a0amec envasgraf\u00a0celebren un f\u00f2rum t\u00e8cnic com avantsala de la fira, que tindr\u00e0 lloc de l&#8217;19 a [&hellip;]<\/p>\n","protected":false},"author":1,"featured_media":0,"comment_status":"open","ping_status":"open","sticky":false,"template":"","format":"standard","meta":{"inline_featured_image":false,"footnotes":""},"categories":[28],"tags":[],"class_list":["post-6443","post","type-post","status-publish","format-standard","hentry","category-notes-de-premsa"],"acf":[],"_links":{"self":[{"href":"https:\/\/en.amec.es\/index.php\/wp-json\/wp\/v2\/posts\/6443","targetHints":{"allow":["GET"]}}],"collection":[{"href":"https:\/\/en.amec.es\/index.php\/wp-json\/wp\/v2\/posts"}],"about":[{"href":"https:\/\/en.amec.es\/index.php\/wp-json\/wp\/v2\/types\/post"}],"author":[{"embeddable":true,"href":"https:\/\/en.amec.es\/index.php\/wp-json\/wp\/v2\/users\/1"}],"replies":[{"embeddable":true,"href":"https:\/\/en.amec.es\/index.php\/wp-json\/wp\/v2\/comments?post=6443"}],"version-history":[{"count":0,"href":"https:\/\/en.amec.es\/index.php\/wp-json\/wp\/v2\/posts\/6443\/revisions"}],"wp:attachment":[{"href":"https:\/\/en.amec.es\/index.php\/wp-json\/wp\/v2\/media?parent=6443"}],"wp:term":[{"taxonomy":"category","embeddable":true,"href":"https:\/\/en.amec.es\/index.php\/wp-json\/wp\/v2\/categories?post=6443"},{"taxonomy":"post_tag","embeddable":true,"href":"https:\/\/en.amec.es\/index.php\/wp-json\/wp\/v2\/tags?post=6443"}],"curies":[{"name":"wp","href":"https:\/\/api.w.org\/{rel}","templated":true}]}}