{"id":6454,"date":"2021-05-20T10:38:37","date_gmt":"2021-05-20T10:38:37","guid":{"rendered":"https:\/\/wecreatedesign.co\/dev\/WP\/amec\/?p=4777"},"modified":"2021-05-20T10:38:37","modified_gmt":"2021-05-20T10:38:37","slug":"la-comissio-tecnica-dinnovacio-nomena-jordi-serrat-nou-president","status":"publish","type":"post","link":"https:\/\/en.amec.es\/index.php\/2021\/05\/20\/la-comissio-tecnica-dinnovacio-nomena-jordi-serrat-nou-president\/","title":{"rendered":"La Comissi\u00f3 T\u00e8cnica d&#8217;Innovaci\u00f3 nomena Jordi Serrat nou president"},"content":{"rendered":"<div class=\"amplada-pagina descripcion\">\n<p><img fetchpriority=\"high\" decoding=\"async\" src=\"http:\/\/wecreatedesign.co\/dev\/WP\/amec\/wp-content\/uploads\/2023\/03\/jordi-serrat-comision-innovacion-amec-redim-w363-h363.jpg\" alt=\"Jordi-Serrat-comissi\u00f3-innovaci\u00f3-amec.jpg\" width=\"363\" height=\"363\" \/>La Comissi\u00f3 T\u00e8cnica d&#8217;Innovaci\u00f3\u00a0<em><strong>d&#8217;amec<\/strong><\/em>\u00a0ha aprovat el nomenament de Jordi Serrat com a nou president. Serrat \u00e9s el director de Producte i Tecnologia de Telstar, empresa membre\u00a0<em><strong>d&#8217;amec<\/strong><\/em>\u00a0dedicada a el desenvolupament de projectes d&#8217;alta complexitat per als sectors cient\u00edfic i aeroespacial. La comissi\u00f3 ha agra\u00eft el temps i l&#8217;esfor\u00e7 pels anys dedicats a la presid\u00e8ncia de qui fins ara ha sustentat el c\u00e0rrec, Manel Perramon, d&#8217;Ausa.<\/p>\n<p>&nbsp;<\/p>\n<p>La Comissi\u00f3 ha sumat m\u00e9s nous membres. \u00c9s el cas d&#8217;Oriol Bohigas, de Beta Robots, empresa de rob\u00f2tica avan\u00e7ada; \u00c0lex Bonada, de SIDE, dedicada a la tecnologia per a la fabricaci\u00f3 d&#8217;ampolles de PET; aix\u00ed com Joan Manel Casamitjana de PICVISA, empresa especialitzada en el disseny de tecnologies basades en la rob\u00f2tica, visi\u00f3 i intel\u00b7lig\u00e8ncia artificial per a la valoritzaci\u00f3 de materials.<\/p>\n<p>&nbsp;<\/p>\n<p>Durant la trobada de la comissi\u00f3 es van presentar els\u00a0<a href=\"https:\/\/www.amec.es\/es\/pl199\/amecnews\/noticias\/id707\/amec-y-eurecat-colaboran-para-materializar-proyectos-de-innovacion-en-la-industria.htm\" target=\"_blank\" rel=\"noopener\">acords signats amb Eurecat<\/a>\u00a0, que inclouran la col\u00b7laboraci\u00f3 en prospectiva i vigil\u00e0ncia tecnol\u00f2gica, innovaci\u00f3 tecnol\u00f2gica, formaci\u00f3 de talent, internacionalitzaci\u00f3, prescripci\u00f3 m\u00fatua i participaci\u00f3 creuada en \u00f2rgans de les dues organitzacions. Precisament, el director de desenvolupament de negoci industrial, Guillem Quintana, participa i \u00e9s membre de la mateixa Comissi\u00f3 d&#8217;Innovaci\u00f3.<\/p>\n<p>&nbsp;<\/p>\n<p>La trobada va servir per debatre sobre\u00a0<strong>la transformaci\u00f3 industrial a trav\u00e9s de la transformaci\u00f3 digital,<\/strong>\u00a0en un intercanvi d&#8217;alt inter\u00e8s sobre con estan treballant les empreses industrials en qu\u00e8 van sorgir conclusions rellevants sobre com estructurar les organitzacions per avan\u00e7ar de forma efectiva, que s&#8217;enviaran ben aviat als membres d&#8217;<em><strong>amec<\/strong><\/em>.<\/p>\n<\/div>\n","protected":false},"excerpt":{"rendered":"<p>La Comissi\u00f3 T\u00e8cnica d&#8217;Innovaci\u00f3\u00a0d&#8217;amec\u00a0ha aprovat el nomenament de Jordi Serrat com a nou president. Serrat \u00e9s el director de Producte i Tecnologia de Telstar, empresa membre\u00a0d&#8217;amec\u00a0dedicada a el desenvolupament de projectes d&#8217;alta complexitat per als sectors cient\u00edfic i aeroespacial. La comissi\u00f3 ha agra\u00eft el temps i l&#8217;esfor\u00e7 pels anys dedicats a la presid\u00e8ncia de qui [&hellip;]<\/p>\n","protected":false},"author":1,"featured_media":4781,"comment_status":"open","ping_status":"open","sticky":false,"template":"","format":"standard","meta":{"inline_featured_image":false,"footnotes":""},"categories":[27],"tags":[],"class_list":["post-6454","post","type-post","status-publish","format-standard","has-post-thumbnail","hentry","category-actualitat"],"acf":[],"_links":{"self":[{"href":"https:\/\/en.amec.es\/index.php\/wp-json\/wp\/v2\/posts\/6454","targetHints":{"allow":["GET"]}}],"collection":[{"href":"https:\/\/en.amec.es\/index.php\/wp-json\/wp\/v2\/posts"}],"about":[{"href":"https:\/\/en.amec.es\/index.php\/wp-json\/wp\/v2\/types\/post"}],"author":[{"embeddable":true,"href":"https:\/\/en.amec.es\/index.php\/wp-json\/wp\/v2\/users\/1"}],"replies":[{"embeddable":true,"href":"https:\/\/en.amec.es\/index.php\/wp-json\/wp\/v2\/comments?post=6454"}],"version-history":[{"count":0,"href":"https:\/\/en.amec.es\/index.php\/wp-json\/wp\/v2\/posts\/6454\/revisions"}],"wp:featuredmedia":[{"embeddable":true,"href":"https:\/\/en.amec.es\/index.php\/wp-json\/wp\/v2\/media\/4781"}],"wp:attachment":[{"href":"https:\/\/en.amec.es\/index.php\/wp-json\/wp\/v2\/media?parent=6454"}],"wp:term":[{"taxonomy":"category","embeddable":true,"href":"https:\/\/en.amec.es\/index.php\/wp-json\/wp\/v2\/categories?post=6454"},{"taxonomy":"post_tag","embeddable":true,"href":"https:\/\/en.amec.es\/index.php\/wp-json\/wp\/v2\/tags?post=6454"}],"curies":[{"name":"wp","href":"https:\/\/api.w.org\/{rel}","templated":true}]}}