{"id":6458,"date":"2021-05-04T06:42:24","date_gmt":"2021-05-04T06:42:24","guid":{"rendered":"https:\/\/wecreatedesign.co\/dev\/WP\/amec\/?p=5545"},"modified":"2021-05-04T06:42:24","modified_gmt":"2021-05-04T06:42:24","slug":"casos-en-que-aplicar-la-reduccio-de-limpost-electric-a-les-empreses","status":"publish","type":"post","link":"https:\/\/en.amec.es\/index.php\/2021\/05\/04\/casos-en-que-aplicar-la-reduccio-de-limpost-electric-a-les-empreses\/","title":{"rendered":"Casos en qu\u00e8 aplicar la reducci\u00f3 de l&#8217;Impost El\u00e8ctric a les empreses"},"content":{"rendered":"","protected":false},"excerpt":{"rendered":"<p>L&#8217;impost el\u00e8ctric o Impost Especial sobre l&#8217;Electricitat (IEE) s&#8217;inclou en les factures d&#8217;electricitat tant de subministraments dom\u00e8stics com d&#8217;empreses o altres entitats. Mentre que en els subministraments particulars s&#8217;han de pagar \u00edntegrament, per&#8230;<\/p>\n","protected":false},"author":1,"featured_media":5547,"comment_status":"open","ping_status":"open","sticky":false,"template":"","format":"standard","meta":{"inline_featured_image":false,"footnotes":""},"categories":[29],"tags":[],"class_list":["post-6458","post","type-post","status-publish","format-standard","has-post-thumbnail","hentry","category-articles-dexperts"],"acf":[],"_links":{"self":[{"href":"https:\/\/en.amec.es\/index.php\/wp-json\/wp\/v2\/posts\/6458","targetHints":{"allow":["GET"]}}],"collection":[{"href":"https:\/\/en.amec.es\/index.php\/wp-json\/wp\/v2\/posts"}],"about":[{"href":"https:\/\/en.amec.es\/index.php\/wp-json\/wp\/v2\/types\/post"}],"author":[{"embeddable":true,"href":"https:\/\/en.amec.es\/index.php\/wp-json\/wp\/v2\/users\/1"}],"replies":[{"embeddable":true,"href":"https:\/\/en.amec.es\/index.php\/wp-json\/wp\/v2\/comments?post=6458"}],"version-history":[{"count":0,"href":"https:\/\/en.amec.es\/index.php\/wp-json\/wp\/v2\/posts\/6458\/revisions"}],"wp:featuredmedia":[{"embeddable":true,"href":"https:\/\/en.amec.es\/index.php\/wp-json\/"}],"wp:attachment":[{"href":"https:\/\/en.amec.es\/index.php\/wp-json\/wp\/v2\/media?parent=6458"}],"wp:term":[{"taxonomy":"category","embeddable":true,"href":"https:\/\/en.amec.es\/index.php\/wp-json\/wp\/v2\/categories?post=6458"},{"taxonomy":"post_tag","embeddable":true,"href":"https:\/\/en.amec.es\/index.php\/wp-json\/wp\/v2\/tags?post=6458"}],"curies":[{"name":"wp","href":"https:\/\/api.w.org\/{rel}","templated":true}]}}