{"id":6460,"date":"2021-04-26T06:55:23","date_gmt":"2021-04-26T06:55:23","guid":{"rendered":"https:\/\/wecreatedesign.co\/dev\/WP\/amec\/?p=5571"},"modified":"2021-04-26T06:55:23","modified_gmt":"2021-04-26T06:55:23","slug":"amec-i-eurecat-collaboren-per-a-materialitzar-projectes-dinnovacio-en-la-industria","status":"publish","type":"post","link":"https:\/\/en.amec.es\/index.php\/2021\/04\/26\/amec-i-eurecat-collaboren-per-a-materialitzar-projectes-dinnovacio-en-la-industria\/","title":{"rendered":"amec i Eurecat col\u2022laboren per a materialitzar projectes d\u2019innovaci\u00f3 en la ind\u00fastria"},"content":{"rendered":"<div id=\"columna-contingut\" class=\"columna-contingut columna-contingut-no-portada\">\n<div class=\"columna-contingut-int\">\n<div class=\"portletDetailNoticies\">\n<div class=\"amplada-pagina descripcion\">\n<ul>\n<li><strong>Les dues entitats faciliten la realitzaci\u00f3 de projectes d\u2019innovaci\u00f3, assessorant cas per cas les empreses, estudiant la viabilitat t\u00e8cnica i com finan\u00e7ar-los amb l\u2019ajuda de fons p\u00fablics.<\/strong><\/li>\n<li><strong>El president d\u2019<em>amec<\/em>\u00a0i el president d\u2019Eurecat signen un acord que inclou tamb\u00e9 la participaci\u00f3 en projectes internacionals, la posada en marxa de serveis de vigil\u00e0ncia tecnol\u00f2gica i la formaci\u00f3 especialitzada.<\/strong><\/li>\n<\/ul>\n<p><strong>\u00a0<\/strong><\/p>\n<p><strong>Barcelona,\u00a0<\/strong><strong>\u200b\u200b<\/strong><strong>26 d<\/strong><strong>\u2019<\/strong><strong>abril\u00a0<\/strong><strong>de 2021<\/strong>.El president d\u2019<strong><em>amec<\/em><\/strong>,\u00a0<strong>Pere Relats<\/strong>, i el president d\u2019<strong>Eurecat<\/strong>,\u00a0<strong>Xavier Torra<\/strong>, han signat un Acord de Col\u00b7laboraci\u00f3 per tal de promoure conjuntament la innovaci\u00f3 i la transformaci\u00f3 de les empreses industrials, un factor clau de la nova competitivitat. La comunitat de les empreses industrials internacionalitzades i el centre tecnol\u00f2gic ja estan treballant per facilitar que les empreses puguin materialitzar nous projectes d&#8217;innovaci\u00f3 i d&#8217;Ind\u00fastria 4.0.<\/p>\n<p>&nbsp;<\/p>\n<p>L\u2019acord de col\u00b7laboraci\u00f3 amplia l\u2019abast de l\u2019anterior,signat el 2018, ja que entre els serveis que portaran a terme hi ha el desenvolupament de forma activa de la innovaci\u00f3 i les capacitats tecnol\u00f2giques de les empreses, la possibilitat de participar conjuntament en projectes internacionals i la posada en marxa d\u2019un servei de vigil\u00e0ncia tecnol\u00f2gica, aix\u00ed com la realitzaci\u00f3 de cursos i formacions especialitzades.<\/p>\n<p>&nbsp;<\/p>\n<p>Concretament, amb l\u2019objectiu de promoure i materialitzar projectes d\u2019innovaci\u00f3 que aporten valor afegit a la ind\u00fastria,\u00a0<strong><em>amec<\/em><\/strong>\u00a0i\u00a0<strong>Eurecat<\/strong>\u00a0ja han comen\u00e7at a treballar colze a colze amb les empreses. Desenes de membres d\u2019<strong><em>amec<\/em><\/strong>\u00a0ja han participat en les trobades peri\u00f2diques en les que es donen a con\u00e8ixer les aplicacions m\u00e9s \u00fatils de la Ind\u00fastria 4.0 per a les empreses industrials amb exemples pr\u00e0ctics. Els temes clau tractats pels experts d\u2019<strong>Eurecat<\/strong>\u00a0s\u00f3n les aplicacions d&#8217;intel\u00b7lig\u00e8ncia artificial, la impressi\u00f3 3D i la import\u00e0ncia i utilitat d&#8217;instal\u00b7lar sensors en les m\u00e0quines. En aquestes sessions, responsables d&#8217;<strong><em>amec\u00a0<\/em><\/strong>expliquen les ajudes i subvencions a les que poden optar les empreses industrials per materialitzar els seus projectes. L&#8217;\u00e0mplia assist\u00e8ncia d\u2019empreses industrials \u00e9suna mostra del gran inter\u00e8s que la ind\u00fastria t\u00e9 per la innovaci\u00f3 i la seva transformaci\u00f3. Posteriorment, moltes de les empreses decideixen inscriure\u2019s a les trobades individualitzades amb t\u00e8cnics d\u2019<strong>Eurecat<\/strong>\u00a0i d\u2019<strong><em>amec<\/em><\/strong>, que analitzen cas per cas, assessorant sobre com es pot dur a terme un projecte concret i com finan\u00e7ar-lo.<\/p>\n<p>&nbsp;<\/p>\n<p>L\u2019acord signat estableix que\u00a0<strong>Eurecat\u00a0<\/strong>podr\u00e0 aportar la seva capacitat tecnol\u00f2gica per a les empreses tant en projectes nacionals com internacionals, privats o en el marc de diferents convocat\u00f2ries de finan\u00e7ament p\u00fablic, mentre que\u00a0<strong><em>amec\u00a0<\/em><\/strong>podr\u00e0 encarregar-se de les convocat\u00f2ries i de facilitar l\u2019acc\u00e9s als ajuts p\u00fablics dels projectes que s\u2019impulsin per tal de poder materialitzar-los.<\/p>\n<p>&nbsp;<\/p>\n<p>Les dues entitats col\u00b7laboraran en la generaci\u00f3 d\u2019oportunitats i sin\u00e8rgies per a la realitzaci\u00f3 d\u2019accions conjuntes i licitacions d\u2019R+D+i internacionals. Aix\u00ed, es podran generar partenariats i projectes internacionals.<\/p>\n<p>&nbsp;<\/p>\n<p><strong>Prospectiva i vigil\u00e0ncia tecnol\u00f2gica<\/strong><\/p>\n<p>A m\u00e9s a m\u00e9s, l\u2019acord signat estableix tamb\u00e9 que\u00a0<strong><em>amec<\/em><\/strong>\u00a0i\u00a0<strong>Eurecat<\/strong>\u00a0col\u00b7laboraran en la dinamitzaci\u00f3 conjunta de projectes de prospectiva i vigil\u00e0ncia tecnol\u00f2gica. En aquest sentit, desenvoluparan, entre d\u2019altres, un servei de Vigil\u00e0ncia Tecnol\u00f2gica sobre el packaging i la maquin\u00e0ria per envasar, sector que est\u00e0 realitzant una gran transformaci\u00f3 en resposta als nous requeriments de sostenibilitat i economia circular; i sobre el proc\u00e9s alimentari i la maquin\u00e0ria per processar aliments.<\/p>\n<p>&nbsp;<\/p>\n<p>Aix\u00ed mateix, ambdues organitzacions col\u00b7laboraran en la dinamitzaci\u00f3 conjunta de projectes de formaci\u00f3 i talent d\u2019inter\u00e8s per a les empreses industrials internacionalitzades, en els \u00e0mbits de manteniment predictiu, Internet de les coses industrials, assist\u00e8ncia remota, directius 4.0, sostenibilitat pel sector t\u00e8xtil, transformaci\u00f3 circular i transformaci\u00f3 digital.<\/p>\n<p>&nbsp;<\/p>\n<p><strong>\u201c\u00c9s el moment per a que la ind\u00fastria del pa\u00eds faci un pas qualitatiu per a mantenir la seva competitivitat en un marc global de profunda transformaci\u00f3\u201d,<\/strong>\u00a0assenyala el president d\u2019<strong><em>amec<\/em><\/strong>, Pere Relats, per a qui \u00e9s essencial\u00a0<strong>\u201cgenerar un ecosistema i un engranatge p\u00fablic-privat que funcioni de forma \u00f2ptima\u201d<\/strong>.<\/p>\n<p>&nbsp;<\/p>\n<p><strong>\u201cLa innovaci\u00f3 tecnol\u00f2gica ser\u00e0 clau per impulsar la reactivaci\u00f3 i la competitivitat de tots els sectors\u201d<\/strong>, en un escenari extremadament canviant, en el qual\u00a0<strong>\u201cEurecat vol ser l\u2019aliat de les empreses, perqu\u00e8 es puguin anticipar incorporant les solucions tecnol\u00f2giques necess\u00e0ries per aprofitar les oportunitats i superar amb \u00e8xit els desafiaments\u201d<\/strong>, remarca el president d\u2019Eurecat, Xavier Torra.<\/p>\n<p>&nbsp;<\/p>\n<p><strong><em>amec\u00a0<\/em><\/strong><strong>impulsa els nous factors clau de competitivitat en les empreses<\/strong><\/p>\n<p>La comunitat de les empreses industrials internacionalitzades\u00a0<strong><em>amec\u00a0<\/em><\/strong>impulsa els nous factors clau de competitivitat en les empreses de tot l\u2019Estat:\u00a0<a href=\"https:\/\/www.amec.es\/pl14\/amecnews\/actualidad\/id139\/nueva-mision-y-proposito-de-amec.htm?fcat_14=558\" data-href=\"https:\/\/www.amec.es\/pl14\/amecnews\/actualidad\/id139\/nueva-mision-y-proposito-de-amec.htm?fcat_14=558\"><strong>anticipaci\u00f3, adaptabilitat, col\u00b7laboraci\u00f3, glocalitzaci\u00f3 i sostenibilitat<\/strong><\/a>. S\u00f3n uns factors que estan esdevenint essencials en l\u2019actual situaci\u00f3 de crisi per l\u2019impacte de la Covid-19 en l\u2019activitat industrial del nostre pa\u00eds. Les empreses que formen part d\u2019<strong><em>amec<\/em><\/strong>\u00a0generen un volum d&#8217;exportaci\u00f3 superior als 6.200 milions d&#8217;euros, exporten una mitjana del 55,5% de la seva facturaci\u00f3 i inverteixen el 4,7% en innovaci\u00f3.<\/p>\n<p>&nbsp;<\/p>\n<p><strong>Eurecat impulsa la innovaci\u00f3 i la recerca industrial<\/strong><\/p>\n<p>Eurecat, Centre Tecnol\u00f2gic de Catalunya, aplega l\u2019experi\u00e8ncia de m\u00e9s de 650 professionals que generen un volum d\u2019ingressos de 50 milions d\u2019euros anuals i dona servei a m\u00e9s de 1.600 empreses. R+D aplicat, serveis tecnol\u00f2gics, formaci\u00f3 d\u2019alta especialitzaci\u00f3, consultoria tecnol\u00f2gica i esdeveniments professionals s\u00f3n alguns dels serveis que Eurecat ofereix tant per a grans com per a petites i mitjanes empreses de tots els sectors. Amb instal\u00b7lacions a Barcelona, Canet de Mar, Cerdanyola del Vall\u00e8s, Girona, Lleida, Manresa, Matar\u00f3, Reus, Tarragona, Amposta i Vila-seca, participa a 160 grans projectes consorciats d\u2019R+D+i nacionals i internacionals d\u2019alt valor estrat\u00e8gic i compta amb 88 patents i 7 spin-off. El valor afegit que aporta Eurecat accelera la innovaci\u00f3, disminueix la despesa en infraestructures cient\u00edfiques i tecnol\u00f2giques, redueix els riscos i proporciona coneixement especialitzat a mida de cada empresa. M\u00e9s informaci\u00f3 a\u00a0<a href=\"http:\/\/www.eurecat.org\/\">www.eurecat.org<\/a><\/p>\n<p><strong>\u00a0<\/strong><\/p>\n<p><strong>Per a m\u00e9s informaci\u00f3:<\/strong><\/p>\n<p>Gl\u00f2ria Ayuso<\/p>\n<p><a href=\"mailto:Gloria.ayuso@ga-binet.com\">Gloria.ayuso@ga-binet.com<\/a><\/p>\n<p>Tel. 654609518<\/p>\n<p>&nbsp;<\/p>\n<p>Montse Mascar\u00f3<\/p>\n<p><a href=\"mailto:premsa@eurecat.org\">premsa@eurecat.org<\/a><\/p>\n<p>Tel. +34 932 381 400<\/p>\n<div class=\"registre-accions amplada-pagina\">\n<div class=\"addthis_inline_share_toolbox\" style=\"margin: 0px; padding: 0px; border: 0px; outline: 0px; font-weight: inherit; font-style: inherit; clear: both;\" data-url=\"https:\/\/www.amec.es\/ca\/pl191\/amecnews\/notas-de-prensa\/id707\/amec-y-eurecat-colaboran-para-materializar-proyectos-de-innovacion-en-la-industria.htm?fcat_191=378\" data-title=\"&lt;em&gt;amec&lt;\/em&gt; i Eurecat col\u2022laboren per a materialitzar projectes d\u2019innovaci\u00f3 en la ind\u00fastria\" data-description=\"Les dues entitats faciliten la realitzaci\u00f3 de projectes d\u2019innovaci\u00f3, assessorant cas per cas les empreses, estudiant la viabilitat t\u00e8cnica i com finan\u00e7ar-los amb l\u2019ajuda de fons p\u00fablics.\nEl president d\u2019amec i el president d\u2019Eurecat signen un acord que inclou tamb\u00e9 la participaci\u00f3 en projectes internacionals, la posada en marxa de serveis de vigil\u00e0ncia tecnol\u00f2gica i la formaci\u00f3 especialitzada.\n\nBarcelona, \u200b\u200b26 d\u2019abril de 2021.El president d\u2019amec, Pere Relats, i el president...\"><\/p>\n<div id=\"atstbx\" class=\"at-resp-share-element at-style-responsive addthis-smartlayers addthis-animated at4-show\" role=\"region\" aria-labelledby=\"at-9914f6a0-ba66-4158-862b-6fdb884c5b48\"><span id=\"at-9914f6a0-ba66-4158-862b-6fdb884c5b48\" class=\"at4-visually-hidden\"><\/span><\/p>\n<div class=\"at-share-btn-elements\"><\/div>\n<div id=\"registres-relacionats\" class=\"registres-relacionats\">\n<div class=\"amplada-pagina\">\n<div class=\"gallery-controls\"><\/div>\n<div class=\"portlet-relacionat\">\n<h2 class=\"main_title\">Not\u00edcies relacionades<\/h2>\n<p><a name=\"portlet199\"><\/a><\/p>\n<div class=\"amplada-pagina amplada-pagina-marges \">\n<ul id=\"portlet-199\" class=\"infinite-scroll llista-portada-amb-imatges interior tres_columnes\" data-pl=\"199\" data-pageid=\"184\" data-topicid=\"0\">\n<li>\n<div class=\"llista-img-sup\"><a title=\"La Comissi\u00f3 T\u00e8cnica de Finan\u00e7ament tracta les novetats en el finan\u00e7ament oficial de projectes\" href=\"https:\/\/www.amec.es\/ca\/pl199\/amecnews\/noticias\/id736\/la-comision-tecnica-de-financiacion-trata-las-novedades-en-la-financiacion-de-proyectos.htm\" data-href=\"\/ca\/pl199\/amecnews\/noticias\/id736\/la-comision-tecnica-de-financiacion-trata-las-novedades-en-la-financiacion-de-proyectos.htm\"><img fetchpriority=\"high\" decoding=\"async\" src=\"http:\/\/wecreatedesign.co\/dev\/WP\/amec\/wp-content\/uploads\/2023\/03\/anton-goma-2-redim-prop66-enc-w480-h320.jpg\" alt=\"Anton Gom\u00e0\" width=\"480\" height=\"320\" \/><\/a><\/div>\n<div class=\"llista-contingut\">\n<p class=\"categoria\">CR\u00d2NIQUES<\/p>\n<p><a class=\"titolblau21\" title=\"La Comissi\u00f3 T\u00e8cnica de Finan\u00e7ament tracta les novetats en el finan\u00e7ament oficial de projectes\" href=\"https:\/\/www.amec.es\/ca\/pl199\/amecnews\/noticias\/id736\/la-comision-tecnica-de-financiacion-trata-las-novedades-en-la-financiacion-de-proyectos.htm\" data-href=\"\/ca\/pl199\/amecnews\/noticias\/id736\/la-comision-tecnica-de-financiacion-trata-las-novedades-en-la-financiacion-de-proyectos.htm\">La Comissi\u00f3 T\u00e8cnica de Finan\u00e7ament tracta les novetats en el finan\u00e7ament oficial de projectes<\/a><\/p>\n<p><a class=\"textegrisfosc14\" title=\"La Comissi\u00f3 T\u00e8cnica de Finan\u00e7ament tracta les novetats en el finan\u00e7ament oficial de projectes\" href=\"https:\/\/www.amec.es\/ca\/pl199\/amecnews\/noticias\/id736\/la-comision-tecnica-de-financiacion-trata-las-novedades-en-la-financiacion-de-proyectos.htm\" data-href=\"\/ca\/pl199\/amecnews\/noticias\/id736\/la-comision-tecnica-de-financiacion-trata-las-novedades-en-la-financiacion-de-proyectos.htm\">2 de juny de 2021<\/a><\/p>\n<\/li>\n<\/ul>\n<div id=\"galeria-element_adicional\" class=\"galeria-amec-pag-15\">\n<h3 class=\"amplada-pagina title_with_yellow_after\">Galeria d&#8217;imatges<\/h3>\n<div class=\"gallery-controls\"><\/div>\n<ul class=\"galeria-amec visualitza-box\">\n<li class=\"image-container column-image warea_31\"><a title=\"acord-amec-eurecat-2.jpg\" href=\"https:\/\/www.amec.es\/media\/site1\/cache\/images\/acord-amec-eurecat-2.jpg\" target=\"_blank\" rel=\"gallery noopener\"><img decoding=\"async\" class=\"imatge-zoom\" src=\"http:\/\/wecreatedesign.co\/dev\/WP\/amec\/wp-content\/uploads\/2023\/03\/acord-amec-eurecat-2-redim-prop-w800-h500.jpg\" alt=\"acord-amec-eurecat-2\" width=\"800\" height=\"500\" \/><\/a><\/li>\n<li class=\"image-container column-image warea_31\"><a title=\"acord-amec-eurecat-3.jpg\" href=\"https:\/\/www.amec.es\/media\/site1\/cache\/images\/acord-amec-eurecat-3.jpg\" target=\"_blank\" rel=\"gallery noopener\"><img class=\"imatge-zoom\" src=http:\/\/wecreatedesign.co\/dev\/WP\/amec\/wp-content\/uploads\/2023\/03\/acord-amec-eurecat-3-redim-prop-w800-h500.jpg\" alt=\"acord-amec-eurecat-3\" width=\"800\" height=\"500\" \/><\/a><\/li>\n<li class=\"image-container column-image warea_31\"><a title=\"acord-amec-eurecat-1.jpg\" href=\"https:\/\/www.amec.es\/media\/site1\/cache\/images\/acord-amec-eurecat-1.jpg\" target=\"_blank\" rel=\"gallery noopener\"><img loading=\"lazy\" decoding=\"async\" class=\"imatge-zoom\" src=\"http:\/\/wecreatedesign.co\/dev\/WP\/amec\/wp-content\/uploads\/2023\/03\/acord-amec-eurecat-1-redim-prop-w800-h500.jpg\" alt=\"acord-amec-eurecat-1\" width=\"800\" height=\"500\" \/><\/a><\/li>\n<\/ul>\n<\/div>\n","protected":false},"excerpt":{"rendered":"<p>Les dues entitats faciliten la realitzaci\u00f3 de projectes d\u2019innovaci\u00f3, assessorant cas per cas les empreses, estudiant la viabilitat t\u00e8cnica i com finan\u00e7ar-los amb l\u2019ajuda de fons p\u00fablics. El president d\u2019amec\u00a0i el president d\u2019Eurecat signen un acord que inclou tamb\u00e9 la participaci\u00f3 en projectes internacionals, la posada en marxa de serveis de vigil\u00e0ncia tecnol\u00f2gica i la [&hellip;]<\/p>\n","protected":false},"author":1,"featured_media":0,"comment_status":"open","ping_status":"open","sticky":false,"template":"","format":"standard","meta":{"inline_featured_image":false,"footnotes":""},"categories":[28],"tags":[],"class_list":["post-6460","post","type-post","status-publish","format-standard","hentry","category-notes-de-premsa"],"acf":[],"_links":{"self":[{"href":"https:\/\/en.amec.es\/index.php\/wp-json\/wp\/v2\/posts\/6460","targetHints":{"allow":["GET"]}}],"collection":[{"href":"https:\/\/en.amec.es\/index.php\/wp-json\/wp\/v2\/posts"}],"about":[{"href":"https:\/\/en.amec.es\/index.php\/wp-json\/wp\/v2\/types\/post"}],"author":[{"embeddable":true,"href":"https:\/\/en.amec.es\/index.php\/wp-json\/wp\/v2\/users\/1"}],"replies":[{"embeddable":true,"href":"https:\/\/en.amec.es\/index.php\/wp-json\/wp\/v2\/comments?post=6460"}],"version-history":[{"count":0,"href":"https:\/\/en.amec.es\/index.php\/wp-json\/wp\/v2\/posts\/6460\/revisions"}],"wp:attachment":[{"href":"https:\/\/en.amec.es\/index.php\/wp-json\/wp\/v2\/media?parent=6460"}],"wp:term":[{"taxonomy":"category","embeddable":true,"href":"https:\/\/en.amec.es\/index.php\/wp-json\/wp\/v2\/categories?post=6460"},{"taxonomy":"post_tag","embeddable":true,"href":"https:\/\/en.amec.es\/index.php\/wp-json\/wp\/v2\/tags?post=6460"}],"curies":[{"name":"wp","href":"https:\/\/api.w.org\/{rel}","templated":true}]}}