{"id":6462,"date":"2021-05-25T07:08:39","date_gmt":"2021-05-25T07:08:39","guid":{"rendered":"https:\/\/wecreatedesign.co\/dev\/WP\/amec\/?p=5594"},"modified":"2021-05-25T07:08:39","modified_gmt":"2021-05-25T07:08:39","slug":"les-empreses-damec-envasgraf-van-augmentar-un-32-les-seves-vendes-el-2020","status":"publish","type":"post","link":"https:\/\/en.amec.es\/index.php\/2021\/05\/25\/les-empreses-damec-envasgraf-van-augmentar-un-32-les-seves-vendes-el-2020\/","title":{"rendered":"Les empreses d&#8217;amec envasgraf van augmentar un 3,2% les seves vendes el 2020"},"content":{"rendered":"<p><img decoding=\"async\" src=\"http:\/\/wecreatedesign.co\/dev\/WP\/amec\/wp-content\/uploads\/2023\/03\/presentacion-envasgraf-2021-redim-w600-h338.jpg\" alt=\"PRESENTACI\u00d3-ENVASGRAF-2021.JPG\" \/><\/p>\n<p><strong>Barcelona, 25 de maig de 2021.<\/strong>\u00a0<strong><em>amec envasgraf<\/em><\/strong>\u00a0ha celebrat avui una trobada amb els mitjans relacionats amb la tecnologia per a l&#8217;env\u00e0s, embalatge, embotellament i el seu grafisme en qu\u00e8 ha compartit la situaci\u00f3 del sector. Tot i la pand\u00e8mia i la crisi que ha generat, les empreses d&#8217;<strong><em>amec envasgraf<\/em><\/strong>\u00a0han augmentat la facturaci\u00f3 el 2020 un 3,2%, un resultat millor del que es preveia en un inici. Les exportacions van baixar un 2,9%, si b\u00e9 hi ha un clar canvi de tend\u00e8ncia, ja que en el primer trimestre de 2021 han augmentat fins a un 17% respecte a 2020.<\/p>\n<p>&nbsp;<\/p>\n<p>Les empreses segueixen fent front a la dificultat de moviment de les persones, i han fet un enorme esfor\u00e7 l&#8217;\u00faltim any per adaptar-se a la nova situaci\u00f3, amb importants inversions en l&#8217;\u00e0mbit digital, per poder donar resposta tant a nivell t\u00e8cnic (posades en marxa, reparacions, etc &#8230;) com en l&#8217;\u00e0mbit comercial (organitzant visites virtuals, webinars, aplicant realitat virtual per presentar les seves novetats, etc &#8230;). Per al president d&#8217;<strong><em>amec envasgraf,<\/em><\/strong>\u00a0Michele Palma, els aspectes positius dels problemes viscuts durant la pand\u00e8mia s\u00f3n l&#8217;impuls de la digitalitzaci\u00f3 i la racionalitzaci\u00f3 dels viatges.\u00a0<strong>&#8220;Les empreses es mostren optimistes de cara a l&#8217;evoluci\u00f3 de l&#8217;any 2021 amb l&#8217;esperan\u00e7a que a poc a poc anem recuperant la normalitat i es puguin restablir els contactes presencials amb els clients&#8221;,<\/strong>\u00a0ha explicat.<\/p>\n<p>&nbsp;<\/p>\n<p>No obstant aix\u00f2, si 2020 ha estat l&#8217;any de dificultat per a la mobilitat, 2021 ho est\u00e0 sent per a la log\u00edstica i els subministraments. En aquest sentit, el president d&#8217;<strong><em>amec envasgraf<\/em><\/strong>\u00a0ha explicat com est\u00e0 afrontant la ind\u00fastria l&#8217;increment de preus de les mat\u00e8ries primeres, aix\u00ed com els problemes log\u00edstics i de mobilitat de les mercaderies, detallant com estan resolent aquests nous obstacles en l&#8217;operativa de les empreses.<\/p>\n<p>&nbsp;<\/p>\n<p><strong>Importacions i exportacions espanyoles<\/strong><\/p>\n<p>El 2020, Espanya va superar Fran\u00e7a i es va col\u00b7locar com el vuit\u00e8 exportador mundial del sector. Els principals mercats s&#8217;han mostrat resilients el 2020, si b\u00e9 mercats pr\u00f2xims com Fran\u00e7a o Portugal han patit un suau descens de les exportacions, frenant la seva tend\u00e8ncia a l&#8217;al\u00e7a. Els Estats Units es mant\u00e9 com la principal destinaci\u00f3 i R\u00fassia confirma el seu creixement durant els \u00faltims quatre anys. M\u00e8xic perd una mica de pes en les exportacions.<\/p>\n<p>&nbsp;<\/p>\n<p>Per subsector, en els \u00faltims anys s&#8217;observa el creixement sostingut de la Maquin\u00e0ria per Empaquetar i Embolicar, mentre que la Maquin\u00e0ria d&#8217;Env\u00e0s i embalatge ha patit les conseq\u00fc\u00e8ncies de la pand\u00e8mia i ha vist frenada la seva tend\u00e8ncia positiva en 2020. Contr\u00e0riament, els subsectors de maquin\u00e0ria de Converting i maquin\u00e0ria de Cartr\u00f3 Ondulat s&#8217;han vist afavorits i han aconseguit canviar la tend\u00e8ncia negativa que arrossegaven en anys anteriors.<\/p>\n<p>&nbsp;<\/p>\n<p><strong>Conjuntura i perspectives 2021<\/strong><\/p>\n<p>Per a un 60% de les empreses la conjuntura de 2020 es valora com pitjor a la de l&#8217;any anterior, si b\u00e9 el de l&#8217;env\u00e0s i embalatge \u00e9s un dels sectors en qu\u00e8 aquesta valoraci\u00f3 \u00e9s menys negativa.\u00a0<strong>&#8220;Per 2021 les perspectives s\u00f3n millors, tot i que les empreses segueixen sent cautes&#8221;,<\/strong>\u00a0ha explicat la directora d&#8217;<strong><em>amec envasgraf,<\/em><\/strong>\u00a0Carmina Castell\u00e0.<\/p>\n<p>&nbsp;<\/p>\n<p>Trobar nous clients i socis comercials ha estat la principal dificultat amb qu\u00e8 han topat les empreses industrials en la seva activitat internacional en 2020. Destaquen tamb\u00e9 altres dues dificultats marcades per la pand\u00e8mia: la necessitat d&#8217;adaptar protocols de seguretat per als treballadors i l&#8217;obtenci\u00f3 de m\u00e9s recursos financers. Analitzant els riscos futurs, la inestabilitat geopol\u00edtica segueix preocupant a les empreses, per\u00f2 l&#8217;aparici\u00f3 de futures pand\u00e8mies es cola entre els principals riscos. Preocupen tamb\u00e9 la compet\u00e8ncia de mercats emergents i d&#8217;altres sectors, i cada vegada m\u00e9s les exig\u00e8ncies mediambientals.<\/p>\n<p>&nbsp;<\/p>\n<p>Les principals activitats d&#8217;innovaci\u00f3 que han realitzat les empreses se centren en la creaci\u00f3 de nous productes i d&#8217;activitats d&#8217;R + D internes. No obstant aix\u00f2, la digitalitzaci\u00f3 del servei t\u00e8cnic \u00e9s una de les principals estrat\u00e8gies per fer m\u00e9s resilients les cadenes de valor, amb una forta inversi\u00f3 per part de les empreses poder donar un millor servei t\u00e8cnic i poder seguir comercialitzant.<\/p>\n<p>&nbsp;<\/p>\n<p>A m\u00e9s de la digitalitzaci\u00f3, les tend\u00e8ncies en 2020 han estat\u00a0<strong>l&#8217;automatitzaci\u00f3<\/strong>\u00a0dels processos i la ind\u00fastria 4.0; l&#8217;adaptabilitat de les m\u00e0quines als canvis de format dels envasos; la fabricaci\u00f3 de l\u00ednies m\u00e9s vers\u00e0tils, m\u00e9s segures i productives a menor cost; l&#8217;adaptaci\u00f3 a l&#8217;ecommerce; aix\u00ed com aplicaci\u00f3 del concepte Disseny Higi\u00e8nic de les m\u00e0quines.\u00a0<strong>&#8220;Les empreses s&#8217;han bolcat en oferir solucions personalitzades i, cada vegada m\u00e9s, solucions completes, en una ferma aposta per donar el millor servei t\u00e8cnic, incorporant en molts casos el servei 24\/7 365 dies&#8221;,<\/strong>\u00a0ha incidit la directora d&#8217;<strong><em>amec envasgraf<\/em><\/strong>\u00a0.<\/p>\n<p>&nbsp;<\/p>\n<p>Castell\u00e0 ha remarcat que les empreses s&#8217;estan adaptant a les creixents exig\u00e8ncies mediambientals: menor consum energ\u00e8tic i l&#8217;aposta per l&#8217;economia circular i la sostenibilitat. Aix\u00ed mateix, entre les tend\u00e8ncies de futur cal estar atents a la tra\u00e7abilitat del producte, els envasos intel\u00b7ligents i la r\u00e0pida evoluci\u00f3 de l&#8217;ecommerce.<\/p>\n<p>&nbsp;<\/p>\n<p><strong><em>amec<\/em><\/strong>\u00a0<strong>respon als nous reptes de competitivitat de les empreses<\/strong><\/p>\n<p>Precisament, Castell\u00e0 ha explicat l,a direcci\u00f3 presa per\u00a0<strong><em>amec<\/em><\/strong>\u00a0per donar una resposta efectiva als nous reptes que afronta la ind\u00fastria del sector. Pionera en la implementaci\u00f3 del seu prop\u00f2sit &#8211;\u00a0<em>Contribuir des de la ind\u00fastria a qu\u00e8 el canvi d&#8217;era sigui segur, transversal i positiu per a les persones i per al planeta<\/em>\u00a0-,\u00a0<strong><em>amec<\/em><\/strong>\u00a0est\u00e0 actuant per enfortir la ind\u00fastria positiva i ajudar-la a generar m\u00e9s progr\u00e9s. Per a aix\u00f2, mitjan\u00e7ant la seva acci\u00f3, impulsa a les empreses els nous factors de competitivitat -anticipaci\u00f3, adaptabilitat, col\u00b7laboraci\u00f3, glocalitzaci\u00f3 i sostenibilitat. Castell\u00e0 ha detallat el conjunt d&#8217;accions, formaci\u00f3 i serveis adre\u00e7ats especialment a la ind\u00fastria de la tecnologia per a l&#8217;env\u00e0s i embalatge. Entre aquestes es troba la coordinaci\u00f3 de la participaci\u00f3 de les empreses en les principals fires que tindran lloc: HISPACK (Barcelona), PROPAK \u00c0SIA (Bangkok), EXPOPACK MEXICO, aix\u00ed com Gulfood MANUFACTURING (Dubai), DJAZAGRO (Alg\u00e8ria).<\/p>\n<p>&nbsp;<\/p>\n<p><strong><em>amec envasgraf<\/em><\/strong>\u00a0celebrar\u00e0 a m\u00e9s una trobada entre les empreses del sector amb Enginyeries que desenvolupen projectes clau en m\u00e0.\u00a0<strong>&#8220;\u00c9s el tercer any que celebrem aquesta trobada, despr\u00e9s del qual hem vist que les empreses tanquen projectes concrets&#8221;,<\/strong>\u00a0ha explicat Castell\u00e0.\u00a0<strong><em>amec<\/em><\/strong>\u00a0tamb\u00e9 ha posat a disposici\u00f3 de les empreses del sector una plataforma de promoci\u00f3 internacional perqu\u00e8 arribin a qualsevol dels seus mercats d&#8217;inter\u00e8s. Aix\u00ed mateix, porta a terme capacitaci\u00f3 en aspectes clau per a la competitivitat de les empreses industrials (adaptabilitat i innovaci\u00f3, m\u00e0rqueting industrial, m\u00e0rqueting digital, venda per a t\u00e8cnics).<\/p>\n<p>&nbsp;<\/p>\n<p>La promoci\u00f3 de la prospectiva i l&#8217;anticipaci\u00f3 s\u00f3n altres accions perqu\u00e8 les empreses puguin elaborar les seves estrat\u00e8gies i captar les oportunitats, facilitant-los tota la informaci\u00f3 i estudis que elabora l&#8217;Observatori\u00a0<strong><em>amec.<\/em><\/strong>\u00a0A el mateix temps est\u00e0 impulsant la innovaci\u00f3 mitjan\u00e7ant la detecci\u00f3 i impuls de nous projectes i l&#8217;acc\u00e9s a ajuts p\u00fablics i als Fons Next Generation. La col\u00b7laboraci\u00f3 entre els seus membres \u00e9s a m\u00e9s part essencial de l&#8217;activitat de\u00a0<strong><em>amec,<\/em><\/strong>\u00a0i es porta a terme tant en les trobades constants de networking com a la Zona Co del web de\u00a0<strong><em>amec,<\/em><\/strong>\u00a0on les empreses intercanvien projectes i coneixement.<\/p>\n<p>&nbsp;<\/p>\n<p><strong><em>amec<\/em><\/strong>\u00a0<strong>impulsa els nous factors clau de competitivitat a les empreses<\/strong><\/p>\n<p>La comunitat de les empreses industrials internacionalitzades\u00a0<strong><em>amec<\/em><\/strong>\u00a0impulsa els\u00a0<a href=\"https:\/\/www.youtube.com\/watch?v=SDztjgsQdBk&amp;feature=youtu.be\">nous factors clau de competitivitat a les empreses a Espanya<\/a>\u00a0:\u00a0<strong>anticipaci\u00f3, adaptabilitat, col\u00b7laboraci\u00f3, glocalitzaci\u00f3 i sostenibilitat.<\/strong>\u00a0Les empreses que formen part\u00a0<strong><em>d&#8217;amec<\/em><\/strong>\u00a0generen un volum d&#8217;exportaci\u00f3 superior als 6.200 milions d&#8217;euros, exporten de mitjana el 53,6% de la seva facturaci\u00f3 i inverteixen el 3,9% en innovaci\u00f3.<\/p>\n<p>&nbsp;<\/p>\n<p><strong>Per a m\u00e9s informaci\u00f3:<\/strong><\/p>\n<p>Gl\u00f2ria Ayuso Tel. 654 60 95 18<\/p>\n<p>Gloria.ayuso@ga-binet.com<\/p>\n","protected":false},"excerpt":{"rendered":"<p>Barcelona, 25 de maig de 2021.\u00a0amec envasgraf\u00a0ha celebrat avui una trobada amb els mitjans relacionats amb la tecnologia per a l&#8217;env\u00e0s, embalatge, embotellament i el seu grafisme en qu\u00e8 ha compartit la situaci\u00f3 del sector. Tot i la pand\u00e8mia i la crisi que ha generat, les empreses d&#8217;amec envasgraf\u00a0han augmentat la facturaci\u00f3 el 2020 un [&hellip;]<\/p>\n","protected":false},"author":1,"featured_media":0,"comment_status":"open","ping_status":"open","sticky":false,"template":"","format":"standard","meta":{"inline_featured_image":false,"footnotes":""},"categories":[28],"tags":[],"class_list":["post-6462","post","type-post","status-publish","format-standard","hentry","category-notes-de-premsa"],"acf":[],"_links":{"self":[{"href":"https:\/\/en.amec.es\/index.php\/wp-json\/wp\/v2\/posts\/6462","targetHints":{"allow":["GET"]}}],"collection":[{"href":"https:\/\/en.amec.es\/index.php\/wp-json\/wp\/v2\/posts"}],"about":[{"href":"https:\/\/en.amec.es\/index.php\/wp-json\/wp\/v2\/types\/post"}],"author":[{"embeddable":true,"href":"https:\/\/en.amec.es\/index.php\/wp-json\/wp\/v2\/users\/1"}],"replies":[{"embeddable":true,"href":"https:\/\/en.amec.es\/index.php\/wp-json\/wp\/v2\/comments?post=6462"}],"version-history":[{"count":0,"href":"https:\/\/en.amec.es\/index.php\/wp-json\/wp\/v2\/posts\/6462\/revisions"}],"wp:attachment":[{"href":"https:\/\/en.amec.es\/index.php\/wp-json\/wp\/v2\/media?parent=6462"}],"wp:term":[{"taxonomy":"category","embeddable":true,"href":"https:\/\/en.amec.es\/index.php\/wp-json\/wp\/v2\/categories?post=6462"},{"taxonomy":"post_tag","embeddable":true,"href":"https:\/\/en.amec.es\/index.php\/wp-json\/wp\/v2\/tags?post=6462"}],"curies":[{"name":"wp","href":"https:\/\/api.w.org\/{rel}","templated":true}]}}