{"id":6477,"date":"2021-06-09T10:50:28","date_gmt":"2021-06-09T10:50:28","guid":{"rendered":"https:\/\/wecreatedesign.co\/dev\/WP\/amec\/?p=4831"},"modified":"2021-06-09T10:50:28","modified_gmt":"2021-06-09T10:50:28","slug":"les-fires-reactiven-la-seva-presencialitat","status":"publish","type":"post","link":"https:\/\/en.amec.es\/index.php\/2021\/06\/09\/les-fires-reactiven-la-seva-presencialitat\/","title":{"rendered":"Les fires reactiven la seva presencialitat"},"content":{"rendered":"<div class=\"amplada-pagina descripcion\">\n<p><img fetchpriority=\"high\" decoding=\"async\" src=\"http:\/\/wecreatedesign.co\/dev\/WP\/amec\/wp-content\/uploads\/2021\/06\/imagen-informe-ferias-redim-w500-h333.jpg\" alt=\"imagen_informe_ferias.jpg\" width=\"500\" height=\"333\" \/>Aquests dies celebrem la fira\u00a0<a href=\"https:\/\/www.amec.es\/es\/pl189\/amecnews\/cronicas\/id747\/las-empresas-de-amec-satisfechas-de-estar-en-la-feria-cfia-de-rennes.htm?fcat_189=377\" target=\"_blank\" rel=\"noopener\"><strong>CFIA Rennes<\/strong><\/a>\u00a0a Fran\u00e7a,\u00a0<a href=\"https:\/\/www.amec.es\/es\/pl189\/amecnews\/cronicas\/id747\/las-empresas-de-amec-satisfechas-de-estar-en-la-feria-cfia-de-rennes.htm?fcat_189=377\" target=\"_blank\" rel=\"noopener\">a la qual acudeixen diverses de les nostres empreses industrials, amb enormes ganes de tornar a poder estar en contacte directe amb clients i prove\u00efdors<\/a>\u00a0. Existeixen encara alguns temors, per\u00f2 tot i el gran impacte que ha tingut la pand\u00e8mia en el sector,\u00a0<strong>les fires van recuperant de manera progressiva la presencialitat de les seves activitats.<\/strong>\u00a0A m\u00e9s de Fran\u00e7a, cal destacar la r\u00e0pida recuperaci\u00f3 dels esdeveniments en pa\u00efsos com R\u00fassia, Estats Units, Emirats \u00c0rabs i la Xina (que celebrar\u00e0 d&#8217;aqu\u00ed a tres dies l&#8217;ITMA \u00c0sia), als quals els ajuda el fet de comptar amb un gran percentatge de seva poblaci\u00f3 vacunada.\u00a0<strong>L&#8217;Observatori<\/strong>\u00a0<em><strong>amec<\/strong><\/em>\u00a0ha elaborat per a la comunitat un\u00a0<strong>informe sobre l&#8217;estat de la recuperaci\u00f3 de la presencialitat a les fires<\/strong>\u00a0en alguns dels principals pa\u00efsos que s\u00f3n punt de trobada internacional de la ind\u00fastria.<\/p>\n<p>&nbsp;<\/p>\n<p><em><strong>amec<\/strong><\/em>\u00a0est\u00e0 realitzant una intensa\u00a0<strong>tasca de suport a les empreses<\/strong>\u00a0en la seva participaci\u00f3, facilitant el seu\u00a0<strong>acc\u00e9s a les ajudes de ICEX,<\/strong>\u00a0situant-les en bons espais i\u00a0<strong>promocionant a nivell internacional.<\/strong>\u00a0Pack Expo Las Vegas (27-29 de setembre), Hispack i Aliment\u00e0ria FoodTech (19-22 octubre), ITS Hamburg 2021 (11 a el 15 d&#8217;octubre) i la Gulfood de Dubai (13-17 febrer 2022) s\u00f3n algunes de les cites principals a qu\u00e8 les empreses ja s&#8217;estan inscrivint. Cal destacar l&#8217;ajuda que brinden les noves\u00a0<strong><a href=\"https:\/\/www.amec.es\/es\/mercado-internacional\/plataformas-de-promocion-internacional.htm\" target=\"_blank\" rel=\"noopener\">plataformes de promoci\u00f3 internacional<\/a><\/strong>\u00a0, que permeten a les empreses tenir visibilitat en tots els mercats d&#8217;inter\u00e8s les 24 hores del dia els 365 dies de l&#8217;any, molt ben posicionades gr\u00e0cies a les campanyes de m\u00e0rqueting digital que porta a terme\u00a0<em><strong>amec.<\/strong><\/em>\u00a0A trav\u00e9s d&#8217;elles, a m\u00e9s, els clients potencials presents en els principals esdeveniments les trobin amb facilitat i tenen tota la seva\u00a0<strong>informaci\u00f3 disponible.<\/strong>\u00a0En aquest sentit,\u00a0<em><strong>amec<\/strong><\/em>\u00a0est\u00e0 treballant per refor\u00e7ar a les empreses en les noves eines digitals perqu\u00e8 els serveixin de suport tant en fires com a la resta de l&#8217;any en la seva activitat de promoci\u00f3 internacional.<\/p>\n<p>&nbsp;<\/p>\n<p>Paral\u00b7lelament a la restauraci\u00f3 de les fires,\u00a0<em><strong>amec<\/strong><\/em>\u00a0treballa amb la comunitat industrial facilitant el seu acc\u00e9s als mercats m\u00e9s interessants mitjan\u00e7ant\u00a0<strong>missions virtuals<\/strong>\u00a0o organitzant trobades amb potencials clients. Despr\u00e9s de realitzar fa uns dies una missi\u00f3 als Estats Units, en breu celebrarem una altra al Senegal i Costa d&#8217;Ivori. Aquesta setmana tamb\u00e9 informem de la sessi\u00f3 sobre Oportunitats de Negoci a Pa\u00efsos N\u00f2rdics per als sectors de la construcci\u00f3, material el\u00e8ctric i Smart Cities, com a pas previ a l&#8217;organitzaci\u00f3 de la Missi\u00f3 Virtual posterior amb potencials compradors i partners en aquests mercats.<\/p>\n<\/div>\n","protected":false},"excerpt":{"rendered":"<p>Aquests dies celebrem la fira\u00a0CFIA Rennes\u00a0a Fran\u00e7a,\u00a0a la qual acudeixen diverses de les nostres empreses industrials, amb enormes ganes de tornar a poder estar en contacte directe amb clients i prove\u00efdors\u00a0. Existeixen encara alguns temors, per\u00f2 tot i el gran impacte que ha tingut la pand\u00e8mia en el sector,\u00a0les fires van recuperant de manera progressiva [&hellip;]<\/p>\n","protected":false},"author":1,"featured_media":4833,"comment_status":"open","ping_status":"open","sticky":false,"template":"","format":"standard","meta":{"inline_featured_image":false,"footnotes":""},"categories":[27],"tags":[],"class_list":["post-6477","post","type-post","status-publish","format-standard","has-post-thumbnail","hentry","category-actualitat"],"acf":[],"_links":{"self":[{"href":"https:\/\/en.amec.es\/index.php\/wp-json\/wp\/v2\/posts\/6477","targetHints":{"allow":["GET"]}}],"collection":[{"href":"https:\/\/en.amec.es\/index.php\/wp-json\/wp\/v2\/posts"}],"about":[{"href":"https:\/\/en.amec.es\/index.php\/wp-json\/wp\/v2\/types\/post"}],"author":[{"embeddable":true,"href":"https:\/\/en.amec.es\/index.php\/wp-json\/wp\/v2\/users\/1"}],"replies":[{"embeddable":true,"href":"https:\/\/en.amec.es\/index.php\/wp-json\/wp\/v2\/comments?post=6477"}],"version-history":[{"count":0,"href":"https:\/\/en.amec.es\/index.php\/wp-json\/wp\/v2\/posts\/6477\/revisions"}],"wp:featuredmedia":[{"embeddable":true,"href":"https:\/\/en.amec.es\/index.php\/wp-json\/wp\/v2\/media\/4833"}],"wp:attachment":[{"href":"https:\/\/en.amec.es\/index.php\/wp-json\/wp\/v2\/media?parent=6477"}],"wp:term":[{"taxonomy":"category","embeddable":true,"href":"https:\/\/en.amec.es\/index.php\/wp-json\/wp\/v2\/categories?post=6477"},{"taxonomy":"post_tag","embeddable":true,"href":"https:\/\/en.amec.es\/index.php\/wp-json\/wp\/v2\/tags?post=6477"}],"curies":[{"name":"wp","href":"https:\/\/api.w.org\/{rel}","templated":true}]}}