{"id":6478,"date":"2021-06-15T10:51:51","date_gmt":"2021-06-15T10:51:51","guid":{"rendered":"https:\/\/wecreatedesign.co\/dev\/WP\/amec\/?p=4839"},"modified":"2021-06-15T10:51:51","modified_gmt":"2021-06-15T10:51:51","slug":"amec-participara-en-les-ponencies-de-bforplanet-el-7-i-8-de-juliol-a-fira-de-barcelona","status":"publish","type":"post","link":"https:\/\/en.amec.es\/index.php\/2021\/06\/15\/amec-participara-en-les-ponencies-de-bforplanet-el-7-i-8-de-juliol-a-fira-de-barcelona\/","title":{"rendered":"amec participar\u00e0 en les pon\u00e8ncies de BforPlanet, el 7 i 8 de juliol a Fira de Barcelona"},"content":{"rendered":"<div class=\"amplada-pagina descripcion\">\n<p><em><strong><img fetchpriority=\"high\" decoding=\"async\" src=\"http:\/\/wecreatedesign.co\/dev\/WP\/amec\/wp-content\/uploads\/2023\/03\/bforplanetweb-1-2-redim-w600-h400.jpg\" alt=\"bFORpLANETwEB (1) .jpg\" width=\"600\" height=\"400\" \/>amec,<\/strong><\/em>\u00a0com a impulsor i ambaixador de\u00a0<a href=\"https:\/\/www.bforplanet.com\/\" target=\"_blank\" rel=\"noopener\">BForPlanet<\/a>\u00a0, el primer esdeveniment sobre negocis sotenibles, participar\u00e0 en les diferents pon\u00e8ncies que tindran lloc en aquest gran trobada que se celebrar\u00e0 el 7 i 8 de juliol a Fira de Barcelona.\u00a0<em><strong>amec,<\/strong><\/em>\u00a0la comunitat de les empreses industrials internacionalitzades, considera que la ind\u00fastria t\u00e9 un paper determinant en el que ha de ser un nou model econ\u00f2mic que busca el benefici de tots els stakeholders: treballadors, accionistes, entorn immediat, societat i planeta. Aix\u00ed ho ha plantejat en el seu prop\u00f2sit, que \u00e9s\u00a0<a href=\"https:\/\/www.youtube.com\/watch?v=SDztjgsQdBk\" target=\"_blank\" rel=\"noopener\">Contribuir, des de la ind\u00fastria, al fet que el canvi d&#8217;era sigui segur, transversal i positiu per a les persones i per al planeta<\/a>\u00a0, i en el moviment\u00a0<a href=\"https:\/\/www.amec.es\/positiveindustry\" target=\"_blank\" rel=\"noopener\">Positive Industry<\/a>\u00a0que ha promogut i de qu\u00e8 formen part les empreses de la comunitat.<\/p>\n<p>&nbsp;<\/p>\n<p>Sota aquesta premissa,\u00a0<em><strong>amec<\/strong><\/em>\u00a0ha impulsat, des de la seva conceptualitzaci\u00f3 i materialitzaci\u00f3, BForPlanet, un f\u00f2rum internacional en qu\u00e8 participaran l\u00edders empresarials i p\u00fablics que treballen junts per crear un m\u00f3n millor i m\u00e9s sostenible. Els dies 7 i 8 de juliol tindran lloc sessions de congressos, xarxes i m\u00e9s, amb l&#8217;objectiu de forjar associacions, promoure els ODS de manera rendible i trobar solucions als desafiaments que enfronta la humanitat.<\/p>\n<\/div>\n","protected":false},"excerpt":{"rendered":"<p>amec,\u00a0com a impulsor i ambaixador de\u00a0BForPlanet\u00a0, el primer esdeveniment sobre negocis sotenibles, participar\u00e0 en les diferents pon\u00e8ncies que tindran lloc en aquest gran trobada que se celebrar\u00e0 el 7 i 8 de juliol a Fira de Barcelona.\u00a0amec,\u00a0la comunitat de les empreses industrials internacionalitzades, considera que la ind\u00fastria t\u00e9 un paper determinant en el que ha [&hellip;]<\/p>\n","protected":false},"author":1,"featured_media":4841,"comment_status":"open","ping_status":"open","sticky":false,"template":"","format":"standard","meta":{"inline_featured_image":false,"footnotes":""},"categories":[27],"tags":[],"class_list":["post-6478","post","type-post","status-publish","format-standard","has-post-thumbnail","hentry","category-actualitat"],"acf":[],"_links":{"self":[{"href":"https:\/\/en.amec.es\/index.php\/wp-json\/wp\/v2\/posts\/6478","targetHints":{"allow":["GET"]}}],"collection":[{"href":"https:\/\/en.amec.es\/index.php\/wp-json\/wp\/v2\/posts"}],"about":[{"href":"https:\/\/en.amec.es\/index.php\/wp-json\/wp\/v2\/types\/post"}],"author":[{"embeddable":true,"href":"https:\/\/en.amec.es\/index.php\/wp-json\/wp\/v2\/users\/1"}],"replies":[{"embeddable":true,"href":"https:\/\/en.amec.es\/index.php\/wp-json\/wp\/v2\/comments?post=6478"}],"version-history":[{"count":0,"href":"https:\/\/en.amec.es\/index.php\/wp-json\/wp\/v2\/posts\/6478\/revisions"}],"wp:featuredmedia":[{"embeddable":true,"href":"https:\/\/en.amec.es\/index.php\/wp-json\/"}],"wp:attachment":[{"href":"https:\/\/en.amec.es\/index.php\/wp-json\/wp\/v2\/media?parent=6478"}],"wp:term":[{"taxonomy":"category","embeddable":true,"href":"https:\/\/en.amec.es\/index.php\/wp-json\/wp\/v2\/categories?post=6478"},{"taxonomy":"post_tag","embeddable":true,"href":"https:\/\/en.amec.es\/index.php\/wp-json\/wp\/v2\/tags?post=6478"}],"curies":[{"name":"wp","href":"https:\/\/api.w.org\/{rel}","templated":true}]}}