{"id":6480,"date":"2021-06-16T07:10:22","date_gmt":"2021-06-16T07:10:22","guid":{"rendered":"https:\/\/wecreatedesign.co\/dev\/WP\/amec\/?p=5599"},"modified":"2021-06-16T07:10:22","modified_gmt":"2021-06-16T07:10:22","slug":"el-forum-amec-2021-planteja-quina-es-la-dimensio-optima-per-a-la-competitivitat-de-la-nostra-industria-en-lactual-entorn-de-concentracio-empresarial","status":"publish","type":"post","link":"https:\/\/en.amec.es\/index.php\/2021\/06\/16\/el-forum-amec-2021-planteja-quina-es-la-dimensio-optima-per-a-la-competitivitat-de-la-nostra-industria-en-lactual-entorn-de-concentracio-empresarial\/","title":{"rendered":"El F\u00f2rum amec 2021 planteja quina \u00e9s la dimensi\u00f3 \u00f2ptima per a la competitivitat de la nostra ind\u00fastria en l\u2019actual entorn de concentraci\u00f3 empresarial"},"content":{"rendered":"<div id=\"contingut-interior\">\n<div id=\"columna-contingut\" class=\"columna-contingut columna-contingut-no-portada\">\n<div class=\"columna-contingut-int\">\n<div class=\"portletDetailNoticies\">\n<div class=\"amplada-pagina descripcion\">\n<ul>\n<li><strong>Mitjan\u00e7ant un format h\u00edbrid presencial i online, des del Paranimf de la Universitat de Barcelona,\u00a0<\/strong><strong>\u200b\u200b<\/strong><strong>plantejarem si la dimensi\u00f3 de la nostra empresa industrial\u00a0<\/strong><strong>\u00e9<\/strong><strong>s l&#8217;<\/strong><strong>\u00f2<\/strong><strong>ptim i els riscos i els avantatges d&#8217;adquirir-lo en un entorn de concentraci<\/strong><strong>\u00f3<\/strong><strong>\u00a0tecnol<\/strong><strong>\u00f2<\/strong><strong>gica, empresarial i del poder econ\u00f2mic.<\/strong><\/li>\n<li><strong>Escoltarem les tend\u00e8ncies mundials, coneixerem els casos d&#8217;\u00e8xit d&#8217;empreses que han descobert la seva dimensi\u00f3 \u00f2ptima i afrontarem un debat d&#8217;industrials a partir de les dicotomies que genera.<\/strong><\/li>\n<\/ul>\n<p><strong>Barcelona, 14 de juny de 2021.\u00a0<\/strong>El\u00a0<a href=\"https:\/\/www.youtube.com\/watch?v=nZbMKEhXnAQ\"><strong>F\u00f2rum\u00a0<em>amec<\/em>\u00a02021<\/strong><\/a>, que tindr\u00e0 lloc el 6 de juliol, debatr\u00e0\u00a0<a href=\"https:\/\/www.youtube.com\/watch?v=nZbMKEhXnAQ\"><strong>quina \u00e9s la dimensi\u00f3 \u00f2ptima per a la competitivitat<\/strong><\/a>, tenint en compte que la PIME \u00e9s la realitat majorit\u00e0ria en la nostra ind\u00fastria i que ens trobem en un entorn de concentraci\u00f3 tecnol\u00f2gica, empresarial i del poder econ\u00f2mic.<\/p>\n<p>&nbsp;<\/p>\n<p>El F\u00f2rum\u00a0<strong><em>amec<\/em><\/strong>\u00a02021 tindr\u00e0 lloc al Paranimf de la Universitat de Barcelona, \u200b\u200ben un format h\u00edbrid presencial i online que permetr\u00e0 a tot l&#8217;ecosistema industrial seguir des de qualsevol lloc aquest debat tan necessari en l&#8217;actual escenari global. Escoltarem les\u00a0<strong>tend<\/strong><strong>\u00e8<\/strong><strong>ncies mundials al voltant de la dimensi\u00f3 empresarial, coneixerem els casos d&#8217;\u00e8xit d&#8217;empreses que han descobert la seva dimensi\u00f3 \u00f2ptima i afrontarem un debat d&#8217;industrials<\/strong>\u00a0a partir de les dicotomies que aquesta important q\u00fcesti\u00f3 genera.<\/p>\n<p>&nbsp;<\/p>\n<p>Entre els principals aspectes, tal com introduir\u00e0 en la presentaci\u00f3 de la jornada el president d&#8217;<strong><em>amec<\/em><\/strong>,\u00a0<strong>Pere Relats<\/strong>, es parlar\u00e0 sobre com saber si la nostra dimensi\u00f3 \u00e9s l&#8217;\u00f2ptima i qu\u00e8 hem de tenir en compte; quina import\u00e0ncia juga la grand\u00e0ria empresarial per ser competitius davant reptes com la digitalitzaci\u00f3, la glocalitzaci\u00f3 o la sostenibilitat; quins s\u00f3n els riscos i quins els avantatges d&#8217;adquirir la mida \u00f2ptima; si arribar a la dimensi\u00f3 \u00f2ptima pot significar decr\u00e9ixer en alguns casos; i com afrontar la dicotomia entre creixement i especialitzaci\u00f3 de n\u00ednxol. Aix\u00ed mateix, abordarem quins s\u00f3n els avantatges i desavantatges de les diferents formes per adquirir dimensi\u00f3, entre les quals es troben el creixement org\u00e0nic, l\u2019inorg\u00e0nic i les aliances; i com combinar la flexibilitat, la personalitzaci\u00f3 i el servei de la pime amb els avantatges de l&#8217;escala a les grans empreses.<\/p>\n<p>&nbsp;<\/p>\n<p>Durant la jornada, directius de 12 empreses representatives de diferent dimensi\u00f3 i pres\u00e8ncia internacional ens explicaran les seves experi\u00e8ncies i opinions al voltant de totes aquestes q\u00fcestions. En un primer panell, coneixerem les tend\u00e8ncies internacionals de la dimensi\u00f3 empresarial en els principals pa\u00efsos industrials, amb les intervencions de\u00a0<strong>Jorge Izquierdo<\/strong>, vicepresident de Desenvolupament de Mercats de\u00a0<strong>PMMI<\/strong>, que se centrar\u00e0 en el\u00a0<strong>mercat nord-americ\u00e0<\/strong>;\u00a0<strong>Mart\u00edn Gustavo Ibarra<\/strong>, director general\u00a0<strong>d&#8217;Araujo Ibarra<\/strong>, que tractar\u00e0 la situaci\u00f3 a\u00a0<strong>Col\u00f2mbia<\/strong>\u00a0i el conjunt de\u00a0<strong>l&#8217;Am\u00e8rica Llatina<\/strong>; el director general d&#8217;<strong>BDB \u00cdndia Private Limited, K.C. Mani<\/strong>, que com a representant de la nostra Xarxa Internacional a l&#8217;<strong>\u00cdndia<\/strong>\u00a0parlar\u00e0 sobre la millor manera d&#8217;operar al pa\u00eds; el director de programes econ\u00f2mics de\u00a0<strong>CASA \u00c0SIA<\/strong>,\u00a0<strong>Amadeu Jensana<\/strong>, que es referir\u00e0 a l&#8217;enorme mercat que \u00e9s la Xina i la seva \u00e0rea d&#8217;influ\u00e8ncia; i el director general de\u00a0<strong>VDMA, Thomas Valdmann<\/strong>, que abordar\u00e0 la relaci\u00f3 entre mida i competitivitat de les empreses per al\u00a0<strong>mercat alemany i Europa<\/strong>\u00a0en general.<\/p>\n<p>&nbsp;<\/p>\n<p><strong>Xavier Marcet<\/strong>, consultor en estrat\u00e8gia, innovaci\u00f3 i emprenedoria corporatiu, realitzar\u00e0 una masterclass sobre com cr\u00e9ixer sense perdre la dimensi\u00f3 \u00f2ptima i en benefici dels clients, la comunitat, els accionistes i la societat. Tres casos pr\u00e0ctics d&#8217;empreses membres d&#8217;<strong><em>amec<\/em><\/strong>\u00a0serviran com a exemple de creixement \u00f2ptim: ens els explicaran el director general de\u00a0<strong>Kerajet, Jos\u00e9 Vicente Tom\u00e1s<\/strong>; el responsable de Comunicaci\u00f3 de\u00a0<strong>Viscofan, Armando Ares<\/strong>; i la directora general d&#8217;<strong>UNEX, Neus Mas<\/strong>.<\/p>\n<p>&nbsp;<\/p>\n<p>Posteriorment, persones al capdavant de les seves empreses industrials debatran sobre les dicotomies que genera la dimensi\u00f3 \u00f2ptima, transmetent totes les seves experi\u00e8ncies. Concretament, compartiran les seves opinions, dubtes i diferents posicions els directors generals d&#8217;<strong>Antonio Mengibar, Fidel Mengibar<\/strong>;\u00a0<strong>Grup Benito Novatilu, Andrea Carandell<\/strong>;\u00a0<strong>Multiscan Technologies, \u00c1lvaro Soler<\/strong>; i\u00a0<strong>Alfa Torres, Concha Fuentes<\/strong>. Ser\u00e0 sens dubte una jornada en qu\u00e8 les empreses industrials compartiran informaci\u00f3 d&#8217;alt valor, que recollir\u00e0 i exposar\u00e0 el director general, Joan Tristany, durant les conclusions que tancaran el F\u00f2rum\u00a0<strong><em>amec<\/em><\/strong>\u00a02021.<\/p>\n<p>L&#8217;esdeveniment comptar\u00e0 amb els patrocinadors\u00a0<strong>Allianz, Sabadell i CESCE<\/strong>\u00a0i la col\u00b7laboraci\u00f3 de la\u00a0<strong>Creu Roja<\/strong>.<\/p>\n<p>&nbsp;<\/p>\n<p><strong><em>amec\u00a0<\/em><\/strong><strong>impulsa els nous factors clau de competitivitat en les empreses<\/strong><\/p>\n<p>La comunitat de les empreses industrials internacionalitzades\u00a0<strong><em>amec<\/em><\/strong>\u00a0impulsa els nous factors clau de competitivitat en les empreses de tot l\u2019Estat:\u00a0<a href=\"https:\/\/www.amec.es\/pl14\/amecnews\/actualidad\/id139\/nueva-mision-y-proposito-de-amec.htm?fcat_14=558\" data-href=\"https:\/\/www.amec.es\/pl14\/amecnews\/actualidad\/id139\/nueva-mision-y-proposito-de-amec.htm?fcat_14=558\"><strong>anticipaci\u00f3, adaptabilitat, col\u00b7laboraci\u00f3, glocalitzaci\u00f3 i sostenibilitat<\/strong><\/a>. Les empreses que formen part d\u2019<strong><em>amec<\/em><\/strong>\u00a0generen un volum d&#8217;exportaci\u00f3 superior als 6.200 milions d&#8217;euros, exporten una mitjana del 53,6% de la seva facturaci\u00f3 i inverteixen el 3,9% en innovaci\u00f3.<\/p>\n<p>&nbsp;<\/p>\n<p><a href=\"https:\/\/www.youtube.com\/watch?v=nZbMKEhXnAQ\">V\u00eddeo presentaci\u00f3\u00a0<strong>F\u00f2rum\u00a0<em>amec<\/em>\u00a02021<\/strong><\/a><\/p>\n<p>&nbsp;<\/p>\n<p><strong>Per a m\u00e9s informaci\u00f3:<\/strong><\/p>\n<p>Gl\u00f2ria Ayuso<\/p>\n<p><a href=\"mailto:Gloria.ayuso@ga-binet.com\">Gloria.ayuso@ga-binet.com<\/a><\/p>\n<p>Tel. 654 60 95 18<\/p>\n<\/div>\n<\/div>\n<div class=\"registre-accions amplada-pagina\">\n<div class=\"addthis_inline_share_toolbox\" style=\"margin: 0px; padding: 0px; border: 0px; outline: 0px; font-weight: inherit; font-style: inherit; clear: both;\" data-url=\"https:\/\/www.amec.es\/ca\/pl191\/amecnews\/notas-de-prensa\/id748\/el-forum-amec-2021-plantea-cual-es-el-tamano-optimo-para-la-competitividad-de-nuestra-indus-tria-en-el-actual-entorno-de-concentracion-empre-sarial.htm?fcat_191=378\" data-title=\"El F\u00f2rum &lt;em&gt;amec&lt;\/em&gt; 2021 planteja quina \u00e9s la dimensi\u00f3 \u00f2ptima per a la competitivitat de la nostra  ind\u00fastria en l\u2019actual entorn de concentraci\u00f3 empresarial\" data-description=\"Mitjan\u00e7ant un format h\u00edbrid presencial i online, des del Paranimf de la Universitat de Barcelona, \u200b\u200bplantejarem si la dimensi\u00f3 de la nostra empresa industrial \u00e9s l'\u00f2ptim i els riscos i els avantatges d'adquirir-lo en un entorn de concentraci\u00f3 tecnol\u00f2gica, empresarial i del poder econ\u00f2mic.\nEscoltarem les tend\u00e8ncies mundials, coneixerem els casos d'\u00e8xit d'empreses que han descobert la seva dimensi\u00f3 \u00f2ptima i afrontarem un debat d'industrials a partir de les dicotomies que genera.\n\nBarcelona,...\"><\/p>\n<div id=\"atstbx\" class=\"at-resp-share-element at-style-responsive addthis-smartlayers addthis-animated at4-show\" role=\"region\" aria-labelledby=\"at-4f93620a-9aed-4123-9b1d-7130255076bc\"><span id=\"at-4f93620a-9aed-4123-9b1d-7130255076bc\" class=\"at4-visually-hidden\"><\/span><\/p>\n<div class=\"at-share-btn-elements\"><\/div>\n<\/div>\n<\/div>\n<\/div>\n<\/div>\n<div>\n<ul class=\"llista-videos visualitza-box small-margin-top small-margin-bottom\">\n<li class=\"fons-blau-mari\">\n<div class=\"amplada-pagina-video pop-with-zoom\"><a class=\"fancybox.iframe video\" title=\"V\u00eddeo F\u00f3rum amec 2021\" href=\"https:\/\/www.youtube.com\/embed\/nZbMKEhXnAQ?enablejsapi=1&amp;wmode=opaque\" rel=\"gallery\"><img fetchpriority=\"high\" decoding=\"async\" src=\"http:\/\/wecreatedesign.co\/dev\/WP\/amec\/wp-content\/uploads\/2023\/03\/video-forum-redim-prop-w800-h300.jpg\" alt=\"v\u00eddeo-forum\" width=\"800\" height=\"300\" \/><img decoding=\"async\" class=\"fons_video\" src=\"https:\/\/www.amec.es\/plantilles\/amec\/img\/play-button.png\" alt=\"\" \/><\/a><\/div>\n<\/li>\n<\/ul>\n<\/div>\n<\/div>\n<\/div>\n<div id=\"area-184-2\" class=\"warea_100 fons-gris area-vertical\">\n<div class=\"area-interna area-interna-primera\">\n<div class=\"newsletter_container\">\n<div class=\"element amplada-pagina amplada-pagina-marges amec_div\"><\/div>\n<\/div>\n<\/div>\n<\/div>\n","protected":false},"excerpt":{"rendered":"<p>Mitjan\u00e7ant un format h\u00edbrid presencial i online, des del Paranimf de la Universitat de Barcelona,\u00a0\u200b\u200bplantejarem si la dimensi\u00f3 de la nostra empresa industrial\u00a0\u00e9s l&#8217;\u00f2ptim i els riscos i els avantatges d&#8217;adquirir-lo en un entorn de concentraci\u00f3\u00a0tecnol\u00f2gica, empresarial i del poder econ\u00f2mic. Escoltarem les tend\u00e8ncies mundials, coneixerem els casos d&#8217;\u00e8xit d&#8217;empreses que han descobert la seva [&hellip;]<\/p>\n","protected":false},"author":1,"featured_media":0,"comment_status":"open","ping_status":"open","sticky":false,"template":"","format":"standard","meta":{"inline_featured_image":false,"footnotes":""},"categories":[28],"tags":[],"class_list":["post-6480","post","type-post","status-publish","format-standard","hentry","category-notes-de-premsa"],"acf":[],"_links":{"self":[{"href":"https:\/\/en.amec.es\/index.php\/wp-json\/wp\/v2\/posts\/6480","targetHints":{"allow":["GET"]}}],"collection":[{"href":"https:\/\/en.amec.es\/index.php\/wp-json\/wp\/v2\/posts"}],"about":[{"href":"https:\/\/en.amec.es\/index.php\/wp-json\/wp\/v2\/types\/post"}],"author":[{"embeddable":true,"href":"https:\/\/en.amec.es\/index.php\/wp-json\/wp\/v2\/users\/1"}],"replies":[{"embeddable":true,"href":"https:\/\/en.amec.es\/index.php\/wp-json\/wp\/v2\/comments?post=6480"}],"version-history":[{"count":0,"href":"https:\/\/en.amec.es\/index.php\/wp-json\/wp\/v2\/posts\/6480\/revisions"}],"wp:attachment":[{"href":"https:\/\/en.amec.es\/index.php\/wp-json\/wp\/v2\/media?parent=6480"}],"wp:term":[{"taxonomy":"category","embeddable":true,"href":"https:\/\/en.amec.es\/index.php\/wp-json\/wp\/v2\/categories?post=6480"},{"taxonomy":"post_tag","embeddable":true,"href":"https:\/\/en.amec.es\/index.php\/wp-json\/wp\/v2\/tags?post=6480"}],"curies":[{"name":"wp","href":"https:\/\/api.w.org\/{rel}","templated":true}]}}