{"id":6482,"date":"2021-06-22T07:17:29","date_gmt":"2021-06-22T07:17:29","guid":{"rendered":"https:\/\/wecreatedesign.co\/dev\/WP\/amec\/?p=5617"},"modified":"2021-06-22T07:17:29","modified_gmt":"2021-06-22T07:17:29","slug":"la-solidesa-de-la-internacionalitzacio-de-leconomia-espanyola-millora-un-273-el-2020","status":"publish","type":"post","link":"https:\/\/en.amec.es\/index.php\/2021\/06\/22\/la-solidesa-de-la-internacionalitzacio-de-leconomia-espanyola-millora-un-273-el-2020\/","title":{"rendered":"La solidesa de la internacionalitzaci\u00f3 de l\u2019economia espanyola millora un 2,73% el 2020"},"content":{"rendered":"<ul>\n<li><strong>L&#8217;indicador de la Inversi\u00f3 a l&#8217;Exterior contribueix molt positivament en l&#8217;ISI, per l&#8217;aposta de les empreses per donar un millor servei als clients internacionals en els seus respectius pa\u00efsos davant els problemes de mobilitat internacional, i que es tradueix en tamb\u00e9 en l&#8217;obertura de noves filials.<\/strong><\/li>\n<li><strong>L&#8217;Indicador de Quota Mundial tamb\u00e9 contribueix de forma molt positiva: Espanya mant\u00e9 una bona posici\u00f3 com a pa\u00eds exportador, consolidant la gran evoluci\u00f3 duta a terme en els \u00faltims 6 anys. Davant les dificultats, les empreses han aplicat com estrat\u00e8gies la diversificaci\u00f3 geogr\u00e0fica i la diversificaci\u00f3 sectorial, els indicadors dels quals repercuteixen tamb\u00e9 de forma positiva.<\/strong><\/li>\n<li><strong>Per contra, incideixen especialment de forma negativa l&#8217;Indicador de Barreres, degut principalment a la incapacitat de viatjar, i la caiguda de les exportacions el 2020.<\/strong><\/li>\n<li><strong>Tot i la lleu millora de l&#8217;indicador en Intensitat Tecnol\u00f2gica respecte a l&#8217;any anterior, ens trobem en un moment en qu\u00e8 aquest aspecte &#8220;s&#8217;ha de potenciar al m\u00e0xim per no perdre competitivitat respecte els nostres competidors&#8221;, a causa de la gran revoluci\u00f3 tecnol\u00f2gica que s&#8217;ha desfermat a tot el m\u00f3n, encara m\u00e9s galopant despr\u00e9s de la pand\u00e8mia.<\/strong><\/li>\n<\/ul>\n<p><strong>\u00a0<\/strong><\/p>\n<p><strong>Madrid, 22 de juny de 2021.<\/strong>\u00a0La solidesa de la internacionalitzaci\u00f3 de l&#8217;economia espanyola va millorar un 2,73% al llarg de 2020. Aix\u00ed ho indica l&#8217;<a title=\"presentacion-isi-2020.pdf\" href=\"https:\/\/www.amec.es\/files\/doc348\/presentacion-isi-2020.pdf\" target=\"_blank\" rel=\"noopener\">\u00cdndex de Solidesa de la Internacionalitzaci\u00f3 (ISI)<\/a>, elaborat per\u00a0<strong><em>amec<\/em><\/strong>, l&#8217;associaci\u00f3 de les empreses industrials internacionalitzades, que avalua un total de 19 indicadors. Aquest \u00edndex situa la solidesa de la internacionalitzaci\u00f3 en els 7,006 punts sobre 10.<\/p>\n<p>L&#8217;augment de l&#8217;indicador d&#8217;inversi\u00f3 estrangera i en l&#8217;exterior, l&#8217;indicador de la quota mundial de les exportacions espanyoles i l&#8217;indicador del valor unitari de les exportacions s\u00f3n els principals factors que contribueixen positivament sobre l&#8217;\u00cdndex de Solidesa de la Internacionalitzaci\u00f3.<\/p>\n<p>&nbsp;<\/p>\n<p>Aix\u00ed, l&#8217;indicador d&#8217;Inversi\u00f3 a l&#8217;Exterior ha tingut una evoluci\u00f3 molt positiva i ha incidit de forma determinant en l&#8217;ISI, a conseq\u00fc\u00e8ncia de que les empreses han hagut d&#8217;invertir en donar un millor servei als clients internacionals en els seus respectius pa\u00efsos, davant els problemes de mobilitat internacional que ha provocat la pand\u00e8mia, i que s&#8217;han tradu\u00eft tamb\u00e9 en l&#8217;obertura de noves filials.\u00a0<strong>&#8220;Les empreses internacionalitzades han sabut actuar amb rapidesa i adaptar-se a un entorn complicat&#8221;<\/strong>, ha explicat el director general d&#8217;<strong><em>amec<\/em><\/strong>, Joan Tristany. Davant les dificultats, han aplicat aix\u00ed mateix com a estrat\u00e8gies la diversificaci\u00f3 geogr\u00e0fica i la diversificaci\u00f3 sectorial, els \u00edndicadors dels quals incideixen tamb\u00e9 de forma positiva.<\/p>\n<p>&nbsp;<\/p>\n<p>Aquesta reacci\u00f3 \u00e9s una mostra de la maduresa de la internacionalitzaci\u00f3 de l&#8217;economia espanyola. A m\u00e9s,\u00a0<strong>&#8220;la quota mundial de les exportacions espanyoles reflecteix que Espanya s&#8217;ha consolidat com a pa\u00eds exportador amb la bona evoluci\u00f3 que ha registrat el comer\u00e7 exterior en els \u00faltims anys&#8221;<\/strong>, ha incidit Tristany. Aix\u00f2 implica una situaci\u00f3 de major fortalesa de la nostra economia, ja que en moments de crisi com l&#8217;actual, la ind\u00fastria i el sector exterior funcionen com a element estabilitzador. \u00c9s per aix\u00f2 que el director general d&#8217;<strong><em>amec<\/em><\/strong>\u00a0ha subratllat la import\u00e0ncia de donar el m\u00e0xim suport a la ind\u00fastria, que es troba en un moment clau de transformaci\u00f3, a causa de la revoluci\u00f3 tecnol\u00f2gica i els nous requeriments a qu\u00e8 est\u00e0 fent front. No obstant aix\u00f2, l&#8217;Indicador d\u2019Inversi\u00f3 P\u00fablica ha retrocedit el darrer any.<\/p>\n<p>&nbsp;<\/p>\n<p>Tot i la lleu millora de l&#8217;indicador en Intensitat Tecnol\u00f2gica respecte a l&#8217;any anterior, ens trobem en un moment en qu\u00e8 aquest aspecte\u00a0<strong>&#8220;s&#8217;ha de potenciar al m\u00e0xim per no perdre competitivitat respecte als nostres competidors&#8221;<\/strong>, donada la gran revoluci\u00f3 tecnol\u00f2gica que s\u2019ha desencadenat en tot el m\u00f3n, encara m\u00e9s galopant despr\u00e9s de la pand\u00e8mia.<\/p>\n<p>&nbsp;<\/p>\n<p>Per contra, entre els indicadors que van contribuir negativament en l&#8217;ISI 2020 es troben, a m\u00e9s del d&#8217;Inversi\u00f3 P\u00fablica, l&#8217;indicador de les exportacions, davant la paralitzaci\u00f3 de l&#8217;activitat a nivell global; aix\u00ed com l&#8217;Indicador de Barreres, degut principalment a la incapacitat de viatjar.<\/p>\n<p>&nbsp;<\/p>\n<p>L&#8217;ISI, \u00edndex creat per\u00a0<em><strong>amec<\/strong><\/em>\u00a0el 2015 i que s&#8217;actualitza cada any, t\u00e9 com a objectiu recollir de forma sint\u00e8tica la fortalesa de la internacionalitzaci\u00f3 i observar l&#8217;evoluci\u00f3 de la mateixa. Anteriorment, la internacionalitzaci\u00f3 s&#8217;havia mesurat de forma separada a partir d&#8217;aspectes com el volum d&#8217;exportacions, la diversificaci\u00f3 de les destinacions, el nombre d&#8217;empreses exportadores o el nivell tecnol\u00f2gic de les exportacions. Per\u00f2 faltava una visi\u00f3 global, un \u00edndex sist\u00e8mic. D&#8217;aquesta manera, l&#8217;ISI avalua un total de 19 indicadors, com el nombre d&#8217;empreses exportadores regulars i de les implantades a l&#8217;exterior, la concentraci\u00f3 empresarial i sectorial de les exportacions, les pimes exportadores, la variaci\u00f3 de les exportacions, el pes de aquestes en el PIB, la quota de les exportacions mundials, la inversi\u00f3 a l&#8217;exterior i la inversi\u00f3 estrangera, la diversificaci\u00f3 geogr\u00e0fica de les exportacions i de la inversi\u00f3, el nivell tecnol\u00f2gic de les exportacions, la variaci\u00f3 de preus d&#8217;aquestes, la participaci\u00f3 en les cadenes de valor internacionals, els instruments financers per a la internacionalitzaci\u00f3, els establiments a l&#8217;exterior, el pressupost p\u00fablic per a la internacionalitzaci\u00f3 i les barreres a l&#8217;exportaci\u00f3.<\/p>\n<p>&nbsp;<\/p>\n<p><strong><em>amec\u00a0<\/em><\/strong><strong>impulsa els nous factors clau de competitivitat en les empreses<\/strong><\/p>\n<p>La comunitat de les empreses industrials internacionalitzades\u00a0<strong><em>amec<\/em><\/strong>\u00a0impulsa els nous factors clau de competitivitat en les empreses de tot l\u2019Estat:\u00a0<a href=\"https:\/\/www.amec.es\/pl14\/amecnews\/actualidad\/id139\/nueva-mision-y-proposito-de-amec.htm?fcat_14=558\" data-href=\"https:\/\/www.amec.es\/pl14\/amecnews\/actualidad\/id139\/nueva-mision-y-proposito-de-amec.htm?fcat_14=558\"><strong>anticipaci\u00f3, adaptabilitat, col\u00b7laboraci\u00f3, glocalitzaci\u00f3 i sostenibilitat<\/strong><\/a>. Les empreses que formen part d\u2019<strong><em>amec<\/em><\/strong>\u00a0generen un volum d&#8217;exportaci\u00f3 superior als 6.200 milions d&#8217;euros, exporten una mitjana del 53,6% de la seva facturaci\u00f3 i inverteixen el 3,9% en innovaci\u00f3.<\/p>\n<p>&nbsp;<\/p>\n<p>&nbsp;<\/p>\n<p><strong>Per a m\u00e9s informaci\u00f3:<\/strong><\/p>\n<p>Gl\u00f2ria Ayuso<\/p>\n<p>Gloria.ayuso@ga-binet.com<\/p>\n<p>Tel. 654 60 95 18<\/p>\n","protected":false},"excerpt":{"rendered":"<p>L&#8217;indicador de la Inversi\u00f3 a l&#8217;Exterior contribueix molt positivament en l&#8217;ISI, per l&#8217;aposta de les empreses per donar un millor servei als clients internacionals en els seus respectius pa\u00efsos davant els problemes de mobilitat internacional, i que es tradueix en tamb\u00e9 en l&#8217;obertura de noves filials. L&#8217;Indicador de Quota Mundial tamb\u00e9 contribueix de forma molt [&hellip;]<\/p>\n","protected":false},"author":1,"featured_media":0,"comment_status":"open","ping_status":"open","sticky":false,"template":"","format":"standard","meta":{"inline_featured_image":false,"footnotes":""},"categories":[28],"tags":[],"class_list":["post-6482","post","type-post","status-publish","format-standard","hentry","category-notes-de-premsa"],"acf":[],"_links":{"self":[{"href":"https:\/\/en.amec.es\/index.php\/wp-json\/wp\/v2\/posts\/6482","targetHints":{"allow":["GET"]}}],"collection":[{"href":"https:\/\/en.amec.es\/index.php\/wp-json\/wp\/v2\/posts"}],"about":[{"href":"https:\/\/en.amec.es\/index.php\/wp-json\/wp\/v2\/types\/post"}],"author":[{"embeddable":true,"href":"https:\/\/en.amec.es\/index.php\/wp-json\/wp\/v2\/users\/1"}],"replies":[{"embeddable":true,"href":"https:\/\/en.amec.es\/index.php\/wp-json\/wp\/v2\/comments?post=6482"}],"version-history":[{"count":0,"href":"https:\/\/en.amec.es\/index.php\/wp-json\/wp\/v2\/posts\/6482\/revisions"}],"wp:attachment":[{"href":"https:\/\/en.amec.es\/index.php\/wp-json\/wp\/v2\/media?parent=6482"}],"wp:term":[{"taxonomy":"category","embeddable":true,"href":"https:\/\/en.amec.es\/index.php\/wp-json\/wp\/v2\/categories?post=6482"},{"taxonomy":"post_tag","embeddable":true,"href":"https:\/\/en.amec.es\/index.php\/wp-json\/wp\/v2\/tags?post=6482"}],"curies":[{"name":"wp","href":"https:\/\/api.w.org\/{rel}","templated":true}]}}