{"id":6483,"date":"2021-07-26T04:50:22","date_gmt":"2021-07-26T04:50:22","guid":{"rendered":"https:\/\/wecreatedesign.co\/dev\/WP\/amec\/?p=4201"},"modified":"2021-07-26T04:50:22","modified_gmt":"2021-07-26T04:50:22","slug":"diario-amecnews-04-cual-es-la-dimension-optima-para-la-empresa-industrial","status":"publish","type":"post","link":"https:\/\/en.amec.es\/index.php\/2021\/07\/26\/diario-amecnews-04-cual-es-la-dimension-optima-para-la-empresa-industrial\/","title":{"rendered":"Diari amecnews 04: Quina \u00e9s la dimensi\u00f3 \u00f2ptima per a l&#8217;empresa industrial?"},"content":{"rendered":"<p>&nbsp;<\/p>\n<p><a title=\"revista-amec-news-n4-v8-low.pdf\" href=\"https:\/\/www.amec.es\/files\/doc354\/revista-amec-news-n4-v8-low.pdf\" target=\"_blank\" rel=\"noopener\"><img fetchpriority=\"high\" decoding=\"async\" src=\"http:\/\/wecreatedesign.co\/dev\/WP\/amec\/wp-content\/uploads\/2021\/07\/amecnews-4-redim-w800-h1125-1.jpg\" alt=\"amecnews-4.JPG\" width=\"800\" height=\"1125\" \/><\/a><\/p>\n","protected":false},"excerpt":{"rendered":"<p>&nbsp;<\/p>\n","protected":false},"author":1,"featured_media":4204,"comment_status":"open","ping_status":"open","sticky":false,"template":"","format":"standard","meta":{"inline_featured_image":false,"footnotes":""},"categories":[24],"tags":[],"class_list":["post-6483","post","type-post","status-publish","format-standard","has-post-thumbnail","hentry","category-diari-amecnews"],"acf":[],"_links":{"self":[{"href":"https:\/\/en.amec.es\/index.php\/wp-json\/wp\/v2\/posts\/6483","targetHints":{"allow":["GET"]}}],"collection":[{"href":"https:\/\/en.amec.es\/index.php\/wp-json\/wp\/v2\/posts"}],"about":[{"href":"https:\/\/en.amec.es\/index.php\/wp-json\/wp\/v2\/types\/post"}],"author":[{"embeddable":true,"href":"https:\/\/en.amec.es\/index.php\/wp-json\/wp\/v2\/users\/1"}],"replies":[{"embeddable":true,"href":"https:\/\/en.amec.es\/index.php\/wp-json\/wp\/v2\/comments?post=6483"}],"version-history":[{"count":0,"href":"https:\/\/en.amec.es\/index.php\/wp-json\/wp\/v2\/posts\/6483\/revisions"}],"wp:featuredmedia":[{"embeddable":true,"href":"https:\/\/en.amec.es\/index.php\/wp-json\/wp\/v2\/pages\/4204"}],"wp:attachment":[{"href":"https:\/\/en.amec.es\/index.php\/wp-json\/wp\/v2\/media?parent=6483"}],"wp:term":[{"taxonomy":"category","embeddable":true,"href":"https:\/\/en.amec.es\/index.php\/wp-json\/wp\/v2\/categories?post=6483"},{"taxonomy":"post_tag","embeddable":true,"href":"https:\/\/en.amec.es\/index.php\/wp-json\/wp\/v2\/tags?post=6483"}],"curies":[{"name":"wp","href":"https:\/\/api.w.org\/{rel}","templated":true}]}}