{"id":6493,"date":"2021-07-23T11:03:22","date_gmt":"2021-07-23T11:03:22","guid":{"rendered":"https:\/\/wecreatedesign.co\/dev\/WP\/amec\/?p=4869"},"modified":"2021-07-23T11:03:22","modified_gmt":"2021-07-23T11:03:22","slug":"el-director-general-damec-es-reuneix-amb-el-president-de-la-comissio-dindustria-al-congres","status":"publish","type":"post","link":"https:\/\/en.amec.es\/index.php\/2021\/07\/23\/el-director-general-damec-es-reuneix-amb-el-president-de-la-comissio-dindustria-al-congres\/","title":{"rendered":"El director general d&#8217;amec es reuneix amb el president de la Comissi\u00f3 d&#8217;Ind\u00fastria al Congr\u00e9s"},"content":{"rendered":"<p><a href=\"https:\/\/www.positiveindustry.org\/\" target=\"_blank\" rel=\"noopener\"><img fetchpriority=\"high\" decoding=\"async\" src=\"http:\/\/wecreatedesign.co\/dev\/WP\/amec\/wp-content\/uploads\/2023\/03\/positive-industry-declaration-redim-w500-h280.jpg\" alt=\"positive-industry-declaration.JPG\" width=\"500\" height=\"280\" \/><\/a>El director general\u00a0<em><strong>d&#8217;amec,<\/strong><\/em>\u00a0Joan Tristany, s&#8217;ha reunit amb el\u00a0<strong>president de la Comissi\u00f3 d&#8217;Ind\u00fastria al Congr\u00e9s dels Diputats, Joan Capdevila.<\/strong>\u00a0La trobada ha servit per incidir en la necessitat de treballar conjuntament, entitats p\u00fabliques i privades, per posar la ind\u00fastria al centre. Per\u00a0<em><strong>amec,<\/strong><\/em>\u00a0tot i que l&#8217;ecosistema industrial \u00e9s conscient que la ind\u00fastria \u00e9s motor de progr\u00e9s, cal treballar perqu\u00e8 la societat en general sigui igualment conscient. Aix\u00ed mateix, Tristany ha presentat a Capdevila el moviment\u00a0<a href=\"https:\/\/www.positiveindustry.org\/\" target=\"_blank\" rel=\"noopener\">Positive Industry<\/a>\u00a0que l&#8217;entitat promou des del 2020, i amb el qual\u00a0<em><strong>amec<\/strong><\/em>\u00a0aposta no per qualsevol ind\u00fastria, sin\u00f3 per aquella compromesa en un progr\u00e9s compartit, que sempre suma a la societat, a l&#8217;ecosistema i a l&#8217; planeta.<\/p>\n<p>Aquesta reuni\u00f3 forma part de les nombroses iniciatives que amec est\u00e0 duent a terme amb l&#8217;objectiu reivindicar el paper de la ind\u00fastria, incidint perqu\u00e8 ocupi el lloc que li correspon. A m\u00e9s de l&#8217;impuls de BforPlanet, l&#8217;entitat s&#8217;ha sumat a el moviment i a l&#8217;acte\u00a0<em>Som Ind\u00fastria<\/em>\u00a0de Pimec, en qu\u00e8 el director general, Joan Tristany, va explicar el moviment Positive Industry. Per\u00a0<em><strong>amec,<\/strong><\/em>\u00a0tal com ja va expressar a l&#8217;abril en\u00a0<a href=\"https:\/\/www.amec.es\/es\/pl191\/amecnews\/notas-de-prensa\/id689\/amec-advierte-que-sin-una-excelente-aplicacion-de-los-fondos-europeos-no-se-evitara-la-perdida-de-competitividad.htm?fcat_191=378\" target=\"_blank\" rel=\"noopener\">l&#8217;acte Ind\u00fastria Last Call<\/a>\u00a0, amb l&#8217;assist\u00e8ncia a la seu de l&#8217;entitat de l&#8217;secretari general d&#8217;Ind\u00fastria i Pime, Ra\u00fcl Blanco, la ind\u00fastria ha de representar m\u00e9s de l&#8217;25% de l&#8217;PIB per tal d&#8217;assegurar el progr\u00e9s de la societat, ja que:<\/p>\n<ul>\n<li>Els salaris en la ind\u00fastria s\u00f3n gaireb\u00e9 un 20% superiors a la mitjana de l&#8217;economia.<\/li>\n<li>El 95% dels treballadors en la ind\u00fastria s\u00f3n assalariats.<\/li>\n<li>El VAB \/ emprat en la ind\u00fastria \u00e9s gaireb\u00e9 un 30% superior a la mitjana de l&#8217;economia.<\/li>\n<li>Segons l&#8217;OCDE els serveis d&#8217;alt VA es lliguen a la ind\u00fastria.<\/li>\n<li>El sector exterior es sustenta fonamentalment en la ind\u00fastria.<\/li>\n<\/ul>\n<p>El document\u00a0<a href=\"https:\/\/www.amec.es\/site1\/files\/doc105\/claves-para-el-cambio-del-modelo-productivo-amec-mayo2020.pdf\" target=\"_blank\" rel=\"noopener\">Claus per al canvi de model productiu<\/a>\u00a0<em><strong>d&#8217;amec<\/strong><\/em>\u00a0\u00e9s una guia amb mesures concretes per a l&#8217;impuls i la transformaci\u00f3 de la ind\u00fastria.<\/p>\n","protected":false},"excerpt":{"rendered":"<p>El director general\u00a0d&#8217;amec,\u00a0Joan Tristany, s&#8217;ha reunit amb el\u00a0president de la Comissi\u00f3 d&#8217;Ind\u00fastria al Congr\u00e9s dels Diputats, Joan Capdevila.\u00a0La trobada ha servit per incidir en la necessitat de treballar conjuntament, entitats p\u00fabliques i privades, per posar la ind\u00fastria al centre. Per\u00a0amec,\u00a0tot i que l&#8217;ecosistema industrial \u00e9s conscient que la ind\u00fastria \u00e9s motor de progr\u00e9s, cal treballar [&hellip;]<\/p>\n","protected":false},"author":1,"featured_media":4871,"comment_status":"open","ping_status":"open","sticky":false,"template":"","format":"standard","meta":{"inline_featured_image":false,"footnotes":""},"categories":[27],"tags":[],"class_list":["post-6493","post","type-post","status-publish","format-standard","has-post-thumbnail","hentry","category-actualitat"],"acf":[],"_links":{"self":[{"href":"https:\/\/en.amec.es\/index.php\/wp-json\/wp\/v2\/posts\/6493","targetHints":{"allow":["GET"]}}],"collection":[{"href":"https:\/\/en.amec.es\/index.php\/wp-json\/wp\/v2\/posts"}],"about":[{"href":"https:\/\/en.amec.es\/index.php\/wp-json\/wp\/v2\/types\/post"}],"author":[{"embeddable":true,"href":"https:\/\/en.amec.es\/index.php\/wp-json\/wp\/v2\/users\/1"}],"replies":[{"embeddable":true,"href":"https:\/\/en.amec.es\/index.php\/wp-json\/wp\/v2\/comments?post=6493"}],"version-history":[{"count":0,"href":"https:\/\/en.amec.es\/index.php\/wp-json\/wp\/v2\/posts\/6493\/revisions"}],"wp:featuredmedia":[{"embeddable":true,"href":"https:\/\/en.amec.es\/index.php\/wp-json\/"}],"wp:attachment":[{"href":"https:\/\/en.amec.es\/index.php\/wp-json\/wp\/v2\/media?parent=6493"}],"wp:term":[{"taxonomy":"category","embeddable":true,"href":"https:\/\/en.amec.es\/index.php\/wp-json\/wp\/v2\/categories?post=6493"},{"taxonomy":"post_tag","embeddable":true,"href":"https:\/\/en.amec.es\/index.php\/wp-json\/wp\/v2\/tags?post=6493"}],"curies":[{"name":"wp","href":"https:\/\/api.w.org\/{rel}","templated":true}]}}