{"id":6499,"date":"2021-07-29T06:49:23","date_gmt":"2021-07-29T06:49:23","guid":{"rendered":"https:\/\/wecreatedesign.co\/dev\/WP\/amec\/?p=5560"},"modified":"2021-07-29T06:49:23","modified_gmt":"2021-07-29T06:49:23","slug":"fira-en-marxa","status":"publish","type":"post","link":"https:\/\/en.amec.es\/index.php\/2021\/07\/29\/fira-en-marxa\/","title":{"rendered":"Fira, en marxa"},"content":{"rendered":"","protected":false},"excerpt":{"rendered":"<p>Fa tan sols un mes tanc\u00e0vem una de les edicions m\u00e9s especials del MWC Barcelona, i ho f\u00e8iem amb la satisfacci\u00f3 d\u2019haver complert els objectius i haver superat un repte de gran import\u00e0ncia. Les fires han tornat. Avui encara en formats adaptats, tant&#8230;<\/p>\n","protected":false},"author":1,"featured_media":5561,"comment_status":"open","ping_status":"open","sticky":false,"template":"","format":"standard","meta":{"inline_featured_image":false,"footnotes":""},"categories":[29],"tags":[],"class_list":["post-6499","post","type-post","status-publish","format-standard","has-post-thumbnail","hentry","category-articles-dexperts"],"acf":[],"_links":{"self":[{"href":"https:\/\/en.amec.es\/index.php\/wp-json\/wp\/v2\/posts\/6499","targetHints":{"allow":["GET"]}}],"collection":[{"href":"https:\/\/en.amec.es\/index.php\/wp-json\/wp\/v2\/posts"}],"about":[{"href":"https:\/\/en.amec.es\/index.php\/wp-json\/wp\/v2\/types\/post"}],"author":[{"embeddable":true,"href":"https:\/\/en.amec.es\/index.php\/wp-json\/wp\/v2\/users\/1"}],"replies":[{"embeddable":true,"href":"https:\/\/en.amec.es\/index.php\/wp-json\/wp\/v2\/comments?post=6499"}],"version-history":[{"count":0,"href":"https:\/\/en.amec.es\/index.php\/wp-json\/wp\/v2\/posts\/6499\/revisions"}],"wp:featuredmedia":[{"embeddable":true,"href":"https:\/\/en.amec.es\/index.php\/wp-json\/"}],"wp:attachment":[{"href":"https:\/\/en.amec.es\/index.php\/wp-json\/wp\/v2\/media?parent=6499"}],"wp:term":[{"taxonomy":"category","embeddable":true,"href":"https:\/\/en.amec.es\/index.php\/wp-json\/wp\/v2\/categories?post=6499"},{"taxonomy":"post_tag","embeddable":true,"href":"https:\/\/en.amec.es\/index.php\/wp-json\/wp\/v2\/tags?post=6499"}],"curies":[{"name":"wp","href":"https:\/\/api.w.org\/{rel}","templated":true}]}}