{"id":6501,"date":"2021-07-06T07:19:00","date_gmt":"2021-07-06T07:19:00","guid":{"rendered":"https:\/\/wecreatedesign.co\/dev\/WP\/amec\/?p=5619"},"modified":"2021-07-06T07:19:00","modified_gmt":"2021-07-06T07:19:00","slug":"les-empreses-industrials-debaten-sobre-com-aconseguir-la-dimensio-optima-en-lactual-entorn-de-concentracio-empresarial","status":"publish","type":"post","link":"https:\/\/en.amec.es\/index.php\/2021\/07\/06\/les-empreses-industrials-debaten-sobre-com-aconseguir-la-dimensio-optima-en-lactual-entorn-de-concentracio-empresarial\/","title":{"rendered":"Les empreses industrials debaten sobre com aconseguir la dimensi\u00f3 \u00f2ptima en l&#8217;actual entorn de concentraci\u00f3 empresarial"},"content":{"rendered":"<div class=\"columna-contingut-int\">\n<div class=\"portletDetailNoticies\">\n<div class=\"amplada-pagina descripcion\">\n<ul>\n<li><strong>El F\u00f2rum\u00a0<em>amec<\/em>\u00a02021 exposa diferents formes de cr\u00e9ixer, dificultats i casos d&#8217;\u00e8xit de creixement \u00f2ptim, mostrant que en l&#8217;actual m\u00f3n global i col\u00b7laboratiu hi ha espai per a empreses de diferent dimensi\u00f3.<\/strong><\/li>\n<li><strong>Els membres d\u2019<em>amec<\/em>, amb un volum d&#8217;exportaci\u00f3 vinculat a la facturaci\u00f3 equivalent al de les grans empreses, constaten com s\u2019assimilen a les alemanyes i italianes i exposen els seus casos d&#8217;\u00e8xit, que a m\u00e9s de la dimensi\u00f3 es regeixen per factors de competitivitat com l&#8217;anticipaci\u00f3, la visi\u00f3 i la innovaci\u00f3.<\/strong><\/li>\n<\/ul>\n<p><strong>Barcelona, 6 de juliol de 2021.\u00a0<\/strong>El\u00a0<strong>F\u00f2rum\u00a0<em>amec<\/em>\u00a02021\u00a0<\/strong>ha reunit m\u00e9s de 400 directius d&#8217;empreses industrials internacionalitzades per debatre en un format semipresencial quina \u00e9s la dimensi\u00f3 \u00f2ptima per a la competitivitat de la nostra ind\u00fastria, tenint en compte que la Pime \u00e9s la realitat majorit\u00e0ria i que ens trobem en un entorn de concentraci\u00f3 tecnol\u00f2gica, empresarial i del poder econ\u00f2mic. La trobada, des del Paranimf de la Universitat de Barcelona i moderat per la periodista J\u00e8ssica del Moral, s&#8217;ha seguit majorit\u00e0riament en streaming tant des de diversos punts de la geografia espanyola com des d\u2019empla\u00e7aments a tot el m\u00f3n en els quals resideixen tant filials de les empreses industrials com col\u00b7laboradors de l&#8217;ecosistema industrial.<\/p>\n<p>&nbsp;<\/p>\n<p><strong>&#8220;S\u2019anticipa un 2021 encara m\u00e9s din\u00e0mic en fusions, adquisicions i pactes empresarials amb l&#8217;objectiu d&#8217;aconseguir, entre d&#8217;altres, nous actius productius. Les empreses hem d&#8217;adaptar les nostres estructures corporatives a les necessitats del mercat. Apareixen aix\u00ed aspectes relacionats amb la consolidaci\u00f3 en els mercats, l&#8217;obertura de noves vies de negoci, l&#8217;expansi\u00f3 de la base de clients i el mateix abast geogr\u00e0fic&#8221;<\/strong>, ha explicat el president d&#8217;<strong><em>amec<\/em><\/strong>,\u00a0<strong>Pere Relats<\/strong>, en l&#8217;obertura del F\u00f2rum. D&#8217;aquesta manera, el F\u00f2rum ha servit per con\u00e8ixer que hi ha m\u00faltiples formes de cr\u00e9ixer: mitjan\u00e7ant la internacionalitzaci\u00f3, la diversificaci\u00f3, en innovaci\u00f3, ampliant el marge de benefici, mitjan\u00e7ant absorci\u00f3, a trav\u00e9s de la col\u00b7laboraci\u00f3, etc.<\/p>\n<p>&nbsp;<\/p>\n<p>Durant la jornada s&#8217;han mostrat casos d&#8217;\u00e8xit d&#8217;empreses que han aconseguit cr\u00e9ixer de forma \u00f2ptima. Kerajet, per exemple, va realitzar el seu proc\u00e9s de creixement a trav\u00e9s de la seva internacionalitzaci\u00f3, com ha explicat el seu director general,\u00a0<strong>Jos\u00e9 Vicente Tom\u00e1s<\/strong>, amb la instal\u00b7laci\u00f3 de seus a tot el m\u00f3n. A partir de 2015, el creixement s&#8217;ha dut a terme mitjan\u00e7ant la diversificaci\u00f3 de producte. Per al director general de Kerajet, la clau de l&#8217;\u00e8xit ha estat\u00a0<strong>&#8220;seguir sempre \u00fanicament la visi\u00f3&#8221;<\/strong>, invertint tot el guanyat en R + D i avan\u00e7ant-se al mercat.<\/p>\n<p>&nbsp;<\/p>\n<p>La directora general d&#8217;UNEX,\u00a0<strong>Neus Mas<\/strong>, ha explicat com es pot cr\u00e9ixer i guanyar la dimensi\u00f3 \u00f2ptima bregant amb empreses petites, mitjanes i grans, i continuar sent una empresa familiar 60 anys despr\u00e9s de la seva creaci\u00f3. Ha afirmat que una de les traves majors de cr\u00e9ixer \u00e9s la burocratitzaci\u00f3. Per aix\u00f2, ha reivindicat que cal mantenir l&#8217;agilitat en la presa de decisions i la proximitat amb l&#8217;equip.<\/p>\n<p>Per Armando Ares, director de Relacions amb Inversors i Comunicaci\u00f3 de Viscofan,<strong>\u00a0&#8220;el creixement es converteix en un fet exponencial&#8221;<\/strong>, perqu\u00e8 condueix a seguir creixent. No obstant aix\u00f2, l&#8217;objectiu \u00e9s cr\u00e9ixer de forma rendible i per a aix\u00f2\u00a0<strong>&#8220;cal tenir una estructura de finan\u00e7ament s\u00f2lida&#8221;<\/strong>. La f\u00f3rmula de Viscofan ha estat aprofitar els seus avantatges competitius en els diferents mercats buscant oportunitats i duent a terme una barreja de creixement org\u00e0nic i inorg\u00e0nic. Ares ha explicat la complicada adquisici\u00f3 d&#8217;una empresa alemanya de col\u00b7lagen m\u00e9s gran que Viscofan realitzada en els inicis de l&#8217;expansi\u00f3, que va implicar un gran aprenentatge en haver de sumar una gran estructura i personal. Posteriorment, l&#8217;empresa ha crescut mitjan\u00e7ant la internacionalitzaci\u00f3 i noves adquisicions, amb 22 centres de producci\u00f3 a 19 pa\u00efsos i una facturaci\u00f3 de m\u00e9s de 900 milions. Per Ares, \u00e9s imprescindible tra\u00e7ar una estrat\u00e8gia de creixement i anar adoptant nous models organitzatius.<\/p>\n<p>&nbsp;<\/p>\n<p>A trav\u00e9s d&#8217;experts de diferents parts de m\u00f3n, el F\u00f2rum ha mostrat que existeixen m\u00faltiples formes d&#8217;operar molt h\u00e0bils en l&#8217;actual entorn de fusions i adquisicions. El president de l&#8217;Association for Packaging and Processing Technologies (PMMI),\u00a0<strong>Jorge Izquier-do<\/strong>, representant a m\u00e9s de 900 fabricants i prove\u00efdors nord-americans d&#8217;equips i serveis per a la ind\u00fastria d&#8217;envasament i transformaci\u00f3, ha explicat com les petites empreses despleguen estrat\u00e8gies per fer front a competidors grans, posant \u00e8mfasi en el seu know how, treballant en n\u00ednxols espec\u00edfics i amb l\u2019externalitzaci\u00f3 de la fabricaci\u00f3 de parts de la maquin\u00e0ria. Thomas Waldmann, director de VDMA, associaci\u00f3 que representa m\u00e9s de 3.200 empreses de la ind\u00fastria d&#8217;enginyeria mec\u00e0nica a Alemanya -l\u2019associaci\u00f3 industrial m\u00e9s gran d&#8217;Europa-, ha destacat que\u00a0<strong>&#8220;les empreses petites i mitjanes som majoria a Alemanya i el model ha estat un \u00e8xit&#8221;<\/strong>. Waldmann ha posat l&#8217;accent en els reptes que afronten davant la digitalitzaci\u00f3 i com s&#8217;estan transformant davant la necessitat d&#8217;adoptar nous models de negoci. Ha indicat que\u00a0<strong>&#8220;hi ha una falta de sensibilitat a obrir-se a nous socis&#8221;<\/strong>, un problema que no nom\u00e9s es pot atribuir a l&#8217;empresa petita i mitjana espanyola.<\/p>\n<p>&nbsp;<\/p>\n<p><strong>&#8220;La dimensi\u00f3 \u00f2ptima \u00e9s la que permet tenir consist\u00e8ncia&#8221;<\/strong><\/p>\n<p>Per al consultor en estrat\u00e8gia, innovaci\u00f3 i emprenedoria corporatiu, Xavier Marcet,\u00a0<strong>&#8220;la dimensi\u00f3 \u00f2ptima \u00e9s la que permet la consist\u00e8ncia, m\u00e9s enll\u00e0 de l&#8217;\u00e8xit&#8221;<\/strong>, aportant beneficis no nom\u00e9s a l&#8217;empresa sin\u00f3 tamb\u00e9 a l&#8217;entorn. Marcet ha diferenciat el creixement empresarial basat en un projecte del de\u00a0<strong>&#8220;determina-nades operacions que tenen com a objectiu la dimensi\u00f3, com les que protagonitzen alguns fons, i que converteixen el que era una empresa en un negoci&#8221;.\u00a0<\/strong>A m\u00e9s del creixement inorg\u00e0nic,<strong>\u00a0&#8220;interessant, per\u00f2 molt complex perqu\u00e8 moltes vegades un m\u00e9s un no suma dos&#8221;<\/strong>, Marcet ha detallat pros i contres de les nombroses vies de creixement (per marge, per intensificaci\u00f3 de mercat, desenvolupament de nous models de negoci, tenint la tecnologia com a palanca, a trav\u00e9s de spin off, d&#8217;aliances, mitjan\u00e7ant l&#8217;aportaci\u00f3 a la societat, etc.). Segons el consultor, per cr\u00e9ixer amb consist\u00e8ncia, sense guanyar menys diners, cal seguir una estrat\u00e8gia, marcar prioritats, innovar i seguir aprenent, perqu\u00e8 el m\u00f3n va canviant. El focus ha d&#8217;estar posat sempre en el client:\u00a0<strong>&#8220;el risc de cr\u00e9ixer \u00e9s la burocratitzaci\u00f3, tenir dins de l&#8217;empresa a persones que deixen de pensar en el client&#8221;<\/strong>.<\/p>\n<p>&nbsp;<\/p>\n<p>El director general d&#8217;Antonio Mengibar, Fidel Mengibar; la directora general de Grup Benito Novatilu, Andrea Carandell; el director general de Multiscan Technologies, \u00c1lvaro Soler; i la directora general d&#8217;Alfa Torres, Concha Fuentes han tractat al seu torn aspectes clau com les barreres fiscals, legals i laborals al creixement, la necessitat d&#8217;adaptaci\u00f3 de la dimensi\u00f3 en un entorn VUCA, i el prop\u00f2sit de l&#8217;empresa com a motor del creixement.\u00a0<strong>&#8220;No tot \u00e9s q\u00fcesti\u00f3 de mida, tamb\u00e9 \u00e9s q\u00fcesti\u00f3 de visi\u00f3&#8221;<\/strong>, ha afirmat Mengibar, que ha afegit que\u00a0<strong>&#8220;tenim moltes limitacions, per\u00f2 no m\u00e9s que la nostra compet\u00e8ncia italiana&#8221;<\/strong>. Per Fuentes,\u00a0<strong>&#8220;la normativa espanyola, volunt\u00e0riament o no, fent difer\u00e8ncies entre grans i petites empreses provoca que hi hagi empresaris que no vulguin escalar per no seguir normes m\u00e9s estrictes&#8221;<\/strong>.<\/p>\n<p>&nbsp;<\/p>\n<p><strong>Cr\u00e9ixer com a ind\u00fastria i com a pa\u00eds<\/strong><\/p>\n<p><strong>&#8220;Hem de sentir cont\u00ednuament que hem de guanyar dimensi\u00f3, per\u00f2 la realitat \u00e9s que hem de ser competitius en la nostra dimensi\u00f3&#8221;<\/strong>, ha afirmat en les conclusions del F\u00f2rum el director general d&#8217;<strong><em>amec<\/em><\/strong>, Joan Tristany. En el proc\u00e9s de creixement i el cam\u00ed cap a la competitivitat,\u00a0<strong>&#8220;els casos d&#8217;\u00e8xit han mostrat que ser una empresa familiar o una empresa petita o mitjana no \u00e9s determinant ni limitant&#8221;<\/strong>, ha incidit.<strong>\u00a0&#8220;Cal dirigir-se, sense obsessi\u00f3, cap a la dimensi\u00f3 \u00f2ptima, i fer-ho b\u00e9, perqu\u00e8 hi ha riscos i cal controlar-los&#8221;<\/strong>. Per aix\u00f2, ha afegit,\u00a0<strong>&#8220;\u00e9s imprescindible comptar amb capacitat financera, acc\u00e9s al talent i visi\u00f3&#8221;<\/strong>. En totes les operacions\u00a0<strong>&#8220;es necessita un proc\u00e9s de maduraci\u00f3, en un m\u00f3n que per contra evoluciona molt de pressa&#8221;<\/strong>. Aix\u00ed mateix, per Tristany,\u00a0<strong>&#8220;cal cr\u00e9ixer no nom\u00e9s com a empresa, sin\u00f3 tamb\u00e9 com a ind\u00fastria i com a pa\u00eds&#8221;<\/strong>, recordant com l&#8217;aposta per la ind\u00fastria aporta un retorn al conjunt de l&#8217;economia i al benestar. Molt m\u00e9s enll\u00e0 de repensar la dimensi\u00f3 pr\u00f2pia, Tristany s&#8217;ha dirigit als directius per remarcar la import\u00e0ncia de teixir una xarxa nacional i internacional de col\u00b7laboracions empresarials.\u00a0<strong>&#8220;Col\u00b7laborant amb altres aconseguim nous reptes i projectes que ens fan competitius<\/strong>&#8220;. En aquest sentit, Tristany ha avan\u00e7at que l&#8217;objectiu d\u2019<strong><em>amec<\/em><\/strong>\u00a0per 2023 \u00e9s que el seu principal producte de valor ser\u00e0 el mateix dinamisme de la comunitat.<\/p>\n<p>&nbsp;<\/p>\n<p><strong><em>amec\u00a0<\/em><\/strong><strong>impulsa els nous factors clau de competitivitat en les empreses<\/strong><\/p>\n<p>La comunitat de les empreses industrials internacionalitzades\u00a0<strong><em>amec<\/em><\/strong>\u00a0impulsa els nous factors clau de competitivitat en les empreses de tot l\u2019Estat:\u00a0<a href=\"https:\/\/www.amec.es\/pl14\/amecnews\/actualidad\/id139\/nueva-mision-y-proposito-de-amec.htm?fcat_14=558\" data-href=\"https:\/\/www.amec.es\/pl14\/amecnews\/actualidad\/id139\/nueva-mision-y-proposito-de-amec.htm?fcat_14=558\"><strong>anticipaci\u00f3, adaptabilitat, col\u00b7laboraci\u00f3, glocalitzaci\u00f3 i sostenibilitat<\/strong><\/a>. Les empreses que formen part d\u2019<strong><em>amec<\/em><\/strong>\u00a0generen un volum d&#8217;exportaci\u00f3 superior als 6.200 milions d&#8217;euros, exporten una mitjana del 53,6% de la seva facturaci\u00f3 i inverteixen el 3,9% en innovaci\u00f3.<\/p>\n<p><strong>\u00a0<\/strong><\/p>\n<p><strong>Per a m\u00e9s informaci\u00f3:<\/strong><\/p>\n<p>Gl\u00f2ria Ayuso<\/p>\n<p><a href=\"mailto:Gloria.ayuso@ga-binet.com\">Gloria.ayuso@ga-binet.com<\/a>\u00a0Tel. 654 60 95 18<\/p>\n<\/div>\n<\/div>\n<div class=\"registre-accions amplada-pagina\">\n<div class=\"addthis_inline_share_toolbox\"><\/div>\n<\/div>\n<\/div>\n<div id=\"galeria-element_adicional\" class=\"galeria-amec-pag-15\">\n<h3 class=\"amplada-pagina title_with_yellow_after\">Galeria d&#8217;imatges<\/h3>\n<div class=\"gallery-controls\">\n<div class=\"gal-dot-control selected\" data-page=\"1\"><\/div>\n<div class=\"gal-dot-control\" data-page=\"2\"><\/div>\n<div class=\"gal-dot-control\" data-page=\"3\"><\/div>\n<div class=\"gal-dot-control\" data-page=\"4\"><\/div>\n<div class=\"gal-dot-control\" data-page=\"5\"><\/div>\n<div class=\"gal-dot-control\" data-page=\"6\"><\/div>\n<div class=\"gal-dot-control\" data-page=\"7\"><\/div>\n<div class=\"gal-dot-control\" data-page=\"8\"><\/div>\n<div class=\"gal-dot-control\" data-page=\"9\"><\/div>\n<div class=\"gal-dot-control\" data-page=\"10\"><\/div>\n<div class=\"gal-dot-control\" data-page=\"11\"><\/div>\n<\/div>\n<ul class=\"galeria-amec visualitza-box\">\n<li class=\"image-container column-image warea_31\"><a title=\"3-Pere-Relats-forum-amec-21.jpg\" href=\"https:\/\/www.amec.es\/media\/site1\/cache\/images\/3-pere-relats-forum-amec-21.jpg\" target=\"_blank\" rel=\"gallery noopener\"><img fetchpriority=\"high\" decoding=\"async\" class=\"imatge-zoom\" src=\"http:\/\/wecreatedesign.co\/dev\/WP\/amec\/wp-content\/uploads\/2023\/03\/forum-amec-2021-227-redim-prop-w800-h500.jpg\" alt=\"3-Pere-Relats-forum-amec-21\" width=\"800\" height=\"500\" \/><\/a><\/li>\n<li class=\"image-container column-image warea_31\"><a title=\"forum_amec_2021-227.jpg\" href=\"https:\/\/www.amec.es\/media\/site1\/cache\/images\/forum-amec-2021-227.jpg\" target=\"_blank\" rel=\"gallery noopener\"><img decoding=\"async\" class=\"imatge-zoom\" src=\"http:\/\/wecreatedesign.co\/dev\/WP\/amec\/wp-content\/uploads\/2023\/03\/joan-tristany-3-2-redim-prop-w800-h500.jpg\" alt=\"forum_amec_2021-227\" width=\"800\" height=\"500\" \/><\/a><\/li>\n<li class=\"image-container column-image warea_31\">\n<a title=\"forum_amec_2021-227.jpg\" href=\"https:\/\/www.amec.es\/media\/site1\/cache\/images\/forum-amec-2021-227.jpg\" target=\"_blank\" rel=\"gallery noopener\"><img decoding=\"async\" class=\"imatge-zoom\" src=\"http:\/\/wecreatedesign.co\/dev\/WP\/amec\/wp-content\/uploads\/2023\/03\/joan-tristany-3-2-redim-prop-w800-h500.jpg\" alt=\"forum_amec_2021-227\" width=\"800\" height=\"500\" \/><\/a><\/li>\n<div class=\"gallery-controls\">\n<div class=\"gal-dot-control\" data-page=\"1\"><\/div>\n<div class=\"gal-dot-control selected\" data-page=\"2\"><\/div>\n<div class=\"gal-dot-control\" data-page=\"3\"><\/div>\n<div class=\"gal-dot-control\" data-page=\"4\"><\/div>\n<div class=\"gal-dot-control\" data-page=\"5\"><\/div>\n<div class=\"gal-dot-control\" data-page=\"6\"><\/div>\n<div class=\"gal-dot-control\" data-page=\"7\"><\/div>\n<div class=\"gal-dot-control\" data-page=\"8\"><\/div>\n<div class=\"gal-dot-control\" data-page=\"9\"><\/div>\n<div class=\"gal-dot-control\" data-page=\"10\"><\/div>\n<div class=\"gal-dot-control\" data-page=\"11\"><\/div>\n<\/div>\n<ul class=\"galeria-amec visualitza-box\">\n<li class=\"image-container column-image warea_31\"><a title=\"j\u00e8ssica.JPG\" href=\"https:\/\/www.amec.es\/media\/site1\/cache\/images\/jessica.jpg\" target=\"_blank\" rel=\"gallery noopener\"><img decoding=\"async\" class=\"imatge-zoom\" src=\"http:\/\/wecreatedesign.co\/dev\/WP\/amec\/wp-content\/uploads\/2023\/03\/3-pere-relats-forum-amec-21-redim-prop-w800-h500-1.jpg\" alt=\"j\u00e8ssica\" width=\"800\" height=\"500\" \/><\/a><\/li>\n<li class=\"image-container column-image warea_31\"><a title=\"forum_amec_2021-76.jpg\" href=\"https:\/\/www.amec.es\/media\/site1\/cache\/images\/forum-amec-2021-76.jpg\" target=\"_blank\" rel=\"gallery noopener\"><img loading=\"lazy\" decoding=\"async\" class=\"imatge-zoom\" src=\"http:\/\/wecreatedesign.co\/dev\/WP\/amec\/wp-content\/uploads\/2023\/03\/forum-amec-2021-227-redim-prop-w800-h500-1.jpg\" alt=\"forum_amec_2021-76\" width=\"800\" height=\"500\" \/><\/a><\/li>\n<li class=\"image-container column-image warea_31\"><a title=\"cesce.jpg\" href=\"https:\/\/www.amec.es\/media\/site1\/cache\/images\/cesce-5.jpg\" target=\"_blank\" rel=\"gallery noopener\"><img loading=\"lazy\" decoding=\"async\" class=\"imatge-zoom\" src=\"http:\/\/wecreatedesign.co\/dev\/WP\/amec\/wp-content\/uploads\/2023\/03\/joan-tristany-3-2-redim-prop-w800-h500-1.jpg\" alt=\"cesce\" width=\"800\" height=\"500\" \/><\/a><\/li>\n<\/ul>\n<\/li>\n<li class=\"image-container column-image warea_31\">\n<div class=\"gallery-controls\">\n<div class=\"gal-dot-control\" data-page=\"1\"><\/div>\n<div class=\"gal-dot-control\" data-page=\"2\"><\/div>\n<div class=\"gal-dot-control selected\" data-page=\"3\"><\/div>\n<div class=\"gal-dot-control\" data-page=\"4\"><\/div>\n<div class=\"gal-dot-control\" data-page=\"5\"><\/div>\n<div class=\"gal-dot-control\" data-page=\"6\"><\/div>\n<div class=\"gal-dot-control\" data-page=\"7\"><\/div>\n<div class=\"gal-dot-control\" data-page=\"8\"><\/div>\n<div class=\"gal-dot-control\" data-page=\"9\"><\/div>\n<div class=\"gal-dot-control\" data-page=\"10\"><\/div>\n<div class=\"gal-dot-control\" data-page=\"11\"><\/div>\n<\/div>\n<ul class=\"galeria-amec visualitza-box\">\n<li class=\"image-container column-image warea_31\"><a title=\"Sabadell.JPG\" href=\"https:\/\/www.amec.es\/media\/site1\/cache\/images\/sabadell-3.jpg\" target=\"_blank\" rel=\"gallery noopener\"><img loading=\"lazy\" decoding=\"async\" class=\"imatge-zoom\" src=\"http:\/\/wecreatedesign.co\/dev\/WP\/amec\/wp-content\/uploads\/2023\/03\/sabadell-3-redim-prop-w800-h500.jpg\" alt=\"Sabadell\" width=\"800\" height=\"500\" \/><\/a><\/li>\n<li class=\"image-container column-image warea_31\"><a title=\"forum_amec_2021-106.jpg\" href=\"https:\/\/www.amec.es\/media\/site1\/cache\/images\/forum-amec-2021-106.jpg\" target=\"_blank\" rel=\"gallery noopener\"><img loading=\"lazy\" decoding=\"async\" class=\"imatge-zoom\" src=\"http:\/\/wecreatedesign.co\/dev\/WP\/amec\/wp-content\/uploads\/2023\/03\/forum-amec-2021-106-redim-prop-w800-h500.jpg\" alt=\"forum_amec_2021-106\" width=\"800\" height=\"500\" \/><\/a><\/li>\n<li class=\"image-container column-image warea_31\"><a title=\"Thomas-Waldmann.JPG\" href=\"https:\/\/www.amec.es\/media\/site1\/cache\/images\/thomas-waldmann.jpg\" target=\"_blank\" rel=\"gallery noopener\"><img loading=\"lazy\" decoding=\"async\" class=\"imatge-zoom\" src=\"http:\/\/wecreatedesign.co\/dev\/WP\/amec\/wp-content\/uploads\/2023\/03\/thomas-waldmann-redim-prop-w800-h500.jpg\" alt=\"Thomas-Waldmann\" width=\"800\" height=\"500\" \/><\/a><\/li>\n<\/ul>\n<\/li>\n<li class=\"image-container column-image warea_31\">\n<div class=\"gallery-controls\">\n<div class=\"gal-dot-control\" data-page=\"1\"><\/div>\n<div class=\"gal-dot-control\" data-page=\"2\"><\/div>\n<div class=\"gal-dot-control\" data-page=\"3\"><\/div>\n<div class=\"gal-dot-control selected\" data-page=\"4\"><\/div>\n<div class=\"gal-dot-control\" data-page=\"5\"><\/div>\n<div class=\"gal-dot-control\" data-page=\"6\"><\/div>\n<div class=\"gal-dot-control\" data-page=\"7\"><\/div>\n<div class=\"gal-dot-control\" data-page=\"8\"><\/div>\n<div class=\"gal-dot-control\" data-page=\"9\"><\/div>\n<div class=\"gal-dot-control\" data-page=\"10\"><\/div>\n<div class=\"gal-dot-control\" data-page=\"11\"><\/div>\n<\/div>\n<ul class=\"galeria-amec visualitza-box\">\n<li class=\"image-container column-image warea_31\"><a title=\"tugores.JPG\" href=\"https:\/\/www.amec.es\/media\/site1\/cache\/images\/tugores-3.jpg\" target=\"_blank\" rel=\"gallery noopener\"><img loading=\"lazy\" decoding=\"async\" class=\"imatge-zoom\" src=\"http:\/\/wecreatedesign.co\/dev\/WP\/amec\/wp-content\/uploads\/2023\/03\/tugores-3-redim-prop-w800-h500.jpg\" alt=\"tugores\" width=\"800\" height=\"500\" \/><\/a><\/li>\n<li class=\"image-container column-image warea_31\"><a title=\"garrigues.JPG\" href=\"https:\/\/www.amec.es\/media\/site1\/cache\/images\/garrigues-3.jpg\" target=\"_blank\" rel=\"gallery noopener\"><img loading=\"lazy\" decoding=\"async\" class=\"imatge-zoom\" src=\"http:\/\/wecreatedesign.co\/dev\/WP\/amec\/wp-content\/uploads\/2023\/03\/garrigues-3-redim-prop-w800-h500.jpg\" alt=\"garrigues\" width=\"800\" height=\"500\" \/><\/a><\/li>\n<li class=\"image-container column-image warea_31\"><a title=\"KC Mani.JPG\" href=\"https:\/\/www.amec.es\/media\/site1\/cache\/images\/kc-mani.jpg\" target=\"_blank\" rel=\"gallery noopener\"><img loading=\"lazy\" decoding=\"async\" class=\"imatge-zoom\" src=\"http:\/\/wecreatedesign.co\/dev\/WP\/amec\/wp-content\/uploads\/2023\/03\/kc-mani-redim-prop-w800-h500.jpg\" alt=\"KC Mani\" width=\"800\" height=\"500\" \/><\/a><\/li>\n<\/ul>\n<\/li>\n<li class=\"image-container column-image warea_31\">\n<div class=\"gallery-controls\">\n<div class=\"gal-dot-control\" data-page=\"2\"><\/div>\n<div class=\"gal-dot-control\" data-page=\"3\"><\/div>\n<div class=\"gal-dot-control\" data-page=\"4\"><\/div>\n<div class=\"gal-dot-control selected\" data-page=\"5\"><\/div>\n<div class=\"gal-dot-control\" data-page=\"6\"><\/div>\n<div class=\"gal-dot-control\" data-page=\"7\"><\/div>\n<div class=\"gal-dot-control\" data-page=\"8\"><\/div>\n<div class=\"gal-dot-control\" data-page=\"9\"><\/div>\n<div class=\"gal-dot-control\" data-page=\"10\"><\/div>\n<div class=\"gal-dot-control\" data-page=\"11\"><\/div>\n<\/div>\n<ul class=\"galeria-amec visualitza-box\">\n<li class=\"image-container column-image warea_31\"><a title=\"kerajet-jose-vicente-tomas.jpg\" href=\"https:\/\/www.amec.es\/media\/site1\/cache\/images\/kerajet-jose-vicente-tomas.jpg\" target=\"_blank\" rel=\"gallery noopener\"><img loading=\"lazy\" decoding=\"async\" class=\"imatge-zoom\" src=\"http:\/\/wecreatedesign.co\/dev\/WP\/amec\/wp-content\/uploads\/2023\/03\/kerajet-jose-vicente-tomas-redim-prop-w800-h500.jpg\" alt=\"kerajet-jose-vicente-tomas\" width=\"800\" height=\"500\" \/><\/a><\/li>\n<li class=\"image-container column-image warea_31\"><a title=\"jorge-izquierdo-pmmi-2.JPG\" href=\"https:\/\/www.amec.es\/media\/site1\/cache\/images\/jorge-izquierdo-pmmi-2.jpg\" target=\"_blank\" rel=\"gallery noopener\"><img loading=\"lazy\" decoding=\"async\" class=\"imatge-zoom\" src=\"http:\/\/wecreatedesign.co\/dev\/WP\/amec\/wp-content\/uploads\/2023\/03\/jorge-izquierdo-pmmi-2-redim-prop-w800-h500.jpg\" alt=\"jorge-izquierdo-pmmi-2\" width=\"800\" height=\"500\" \/><\/a><\/li>\n<li class=\"image-container column-image warea_31\"><a title=\"forum_amec_2021-78.jpg\" href=\"https:\/\/www.amec.es\/media\/site1\/cache\/images\/forum-amec-2021-78.jpg\" target=\"_blank\" rel=\"gallery noopener\"><img loading=\"lazy\" decoding=\"async\" class=\"imatge-zoom\" src=\"http:\/\/wecreatedesign.co\/dev\/WP\/amec\/wp-content\/uploads\/2023\/03\/forum-amec-2021-78-redim-prop-w800-h500.jpg\" alt=\"forum_amec_2021-78\" width=\"800\" height=\"500\" \/><\/a><\/li>\n<\/ul>\n<\/li>\n<li class=\"image-container column-image warea_31\">\n<div class=\"gallery-controls\">\n<div class=\"gal-dot-control\" data-page=\"2\"><\/div>\n<div class=\"gal-dot-control\" data-page=\"3\"><\/div>\n<div class=\"gal-dot-control\" data-page=\"4\"><\/div>\n<div class=\"gal-dot-control\" data-page=\"5\"><\/div>\n<div class=\"gal-dot-control selected\" data-page=\"6\"><\/div>\n<div class=\"gal-dot-control\" data-page=\"7\"><\/div>\n<div class=\"gal-dot-control\" data-page=\"8\"><\/div>\n<div class=\"gal-dot-control\" data-page=\"9\"><\/div>\n<div class=\"gal-dot-control\" data-page=\"10\"><\/div>\n<div class=\"gal-dot-control\" data-page=\"11\"><\/div>\n<\/div>\n<ul class=\"galeria-amec visualitza-box\">\n<li class=\"image-container column-image warea_31\"><a title=\"ENTORN.JPG\" href=\"https:\/\/www.amec.es\/media\/site1\/cache\/images\/entorn.jpg\" target=\"_blank\" rel=\"gallery noopener\"><img loading=\"lazy\" decoding=\"async\" class=\"imatge-zoom\" src=\"http:\/\/wecreatedesign.co\/dev\/WP\/amec\/wp-content\/uploads\/2023\/03\/entorn-redim-prop-w800-h500.jpg\" alt=\"ENTORN\" width=\"800\" height=\"500\" \/><\/a><\/li>\n<li class=\"image-container column-image warea_31\"><a title=\"guardiola.JPG\" href=\"https:\/\/www.amec.es\/media\/site1\/cache\/images\/guardiola.jpg\" target=\"_blank\" rel=\"gallery noopener\"><img loading=\"lazy\" decoding=\"async\" class=\"imatge-zoom\" src=\"http:\/\/wecreatedesign.co\/dev\/WP\/amec\/wp-content\/uploads\/2023\/03\/guardiola-redim-prop-w800-h500.jpg\" alt=\"guardiola\" width=\"800\" height=\"500\" \/><\/a><\/li>\n<li class=\"image-container column-image warea_31\"><a title=\"araujo ibarra.JPG\" href=\"https:\/\/www.amec.es\/media\/site1\/cache\/images\/araujo-ibarra.jpg\" target=\"_blank\" rel=\"gallery noopener\"><img loading=\"lazy\" decoding=\"async\" class=\"imatge-zoom\" src=\"http:\/\/wecreatedesign.co\/dev\/WP\/amec\/wp-content\/uploads\/2023\/03\/araujo-ibarra-redim-prop-w800-h500.jpg\" alt=\"araujo ibarra\" width=\"800\" height=\"500\" \/><\/a><\/li>\n<\/ul>\n<\/li>\n<li class=\"image-container column-image warea_31\">\n<div class=\"gallery-controls\">\n<div class=\"gal-dot-control\" data-page=\"2\"><\/div>\n<div class=\"gal-dot-control\" data-page=\"3\"><\/div>\n<div class=\"gal-dot-control\" data-page=\"4\"><\/div>\n<div class=\"gal-dot-control\" data-page=\"5\"><\/div>\n<div class=\"gal-dot-control\" data-page=\"6\"><\/div>\n<div class=\"gal-dot-control selected\" data-page=\"7\"><\/div>\n<div class=\"gal-dot-control\" data-page=\"8\"><\/div>\n<div class=\"gal-dot-control\" data-page=\"9\"><\/div>\n<div class=\"gal-dot-control\" data-page=\"10\"><\/div>\n<div class=\"gal-dot-control\" data-page=\"11\"><\/div>\n<\/div>\n<ul class=\"galeria-amec visualitza-box\">\n<li class=\"image-container column-image warea_31\"><a title=\"angels-roqueta.JPG\" href=\"https:\/\/www.amec.es\/media\/site1\/cache\/images\/angels-roqueta.jpg\" target=\"_blank\" rel=\"gallery noopener\"><img loading=\"lazy\" decoding=\"async\" class=\"imatge-zoom\" src=\"http:\/\/wecreatedesign.co\/dev\/WP\/amec\/wp-content\/uploads\/2023\/03\/angels-roqueta-redim-prop-w800-h500.jpg\" alt=\"angels-roqueta\" width=\"800\" height=\"500\" \/><\/a><\/li>\n<li class=\"image-container column-image warea_31\"><a title=\"Carandell.jpg\" href=\"https:\/\/www.amec.es\/media\/site1\/cache\/images\/carandell.jpg\" target=\"_blank\" rel=\"gallery noopener\"><img loading=\"lazy\" decoding=\"async\" class=\"imatge-zoom\" src=\"http:\/\/wecreatedesign.co\/dev\/WP\/amec\/wp-content\/uploads\/2023\/03\/carandell-redim-prop-w800-h500.jpg\" alt=\"Carandell\" width=\"800\" height=\"500\" \/><\/a><\/li>\n<li class=\"image-container column-image warea_31\"><a title=\"forum_amec_2021-197.jpg\" href=\"https:\/\/www.amec.es\/media\/site1\/cache\/images\/forum-amec-2021-197.jpg\" target=\"_blank\" rel=\"gallery noopener\"><img loading=\"lazy\" decoding=\"async\" class=\"imatge-zoom\" src=\"http:\/\/wecreatedesign.co\/dev\/WP\/amec\/wp-content\/uploads\/2023\/03\/forum-amec-2021-197-redim-prop-w800-h500.jpg\" alt=\"forum_amec_2021-197\" width=\"800\" height=\"500\" \/><\/a><\/li>\n<\/ul>\n<\/li>\n<li class=\"image-container column-image warea_31\">\n<div class=\"gallery-controls\">\n<div class=\"gal-dot-control\" data-page=\"1\"><\/div>\n<div class=\"gal-dot-control\" data-page=\"2\"><\/div>\n<div class=\"gal-dot-control\" data-page=\"3\"><\/div>\n<div class=\"gal-dot-control\" data-page=\"4\"><\/div>\n<div class=\"gal-dot-control\" data-page=\"5\"><\/div>\n<div class=\"gal-dot-control\" data-page=\"6\"><\/div>\n<div class=\"gal-dot-control\" data-page=\"7\"><\/div>\n<div class=\"gal-dot-control selected\" data-page=\"8\"><\/div>\n<div class=\"gal-dot-control\" data-page=\"9\"><\/div>\n<div class=\"gal-dot-control\" data-page=\"10\"><\/div>\n<div class=\"gal-dot-control\" data-page=\"11\"><\/div>\n<\/div>\n<ul class=\"galeria-amec visualitza-box\">\n<li class=\"image-container column-image warea_31\"><a title=\"Concha Fuentes.jpg\" href=\"https:\/\/www.amec.es\/media\/site1\/cache\/images\/concha-fuentes.jpg\" target=\"_blank\" rel=\"gallery noopener\"><img loading=\"lazy\" decoding=\"async\" class=\"imatge-zoom\" src=\"http:\/\/wecreatedesign.co\/dev\/WP\/amec\/wp-content\/uploads\/2023\/03\/concha-fuentes-redim-prop-w800-h500.jpg\" alt=\"Concha Fuentes\" width=\"800\" height=\"500\" \/><\/a><\/li>\n<li class=\"image-container column-image warea_31\"><a title=\"forum_amec_2021-239.jpg\" href=\"https:\/\/www.amec.es\/media\/site1\/cache\/images\/forum-amec-2021-239.jpg\" target=\"_blank\" rel=\"gallery noopener\"><img loading=\"lazy\" decoding=\"async\" class=\"imatge-zoom\" src=\"http:\/\/wecreatedesign.co\/dev\/WP\/amec\/wp-content\/uploads\/2023\/03\/forum-amec-2021-239-redim-prop-w800-h500.jpg\" alt=\"forum_amec_2021-239\" width=\"800\" height=\"500\" \/><\/a><\/li>\n<li class=\"image-container column-image warea_31\"><a title=\"Fidel-mengibar.jpg\" href=\"https:\/\/www.amec.es\/media\/site1\/cache\/images\/fidel-mengibar.jpg\" target=\"_blank\" rel=\"gallery noopener\"><img loading=\"lazy\" decoding=\"async\" class=\"imatge-zoom\" src=\"http:\/\/wecreatedesign.co\/dev\/WP\/amec\/wp-content\/uploads\/2023\/03\/fidel-mengibar-redim-prop-w800-h500.jpg\" alt=\"Fidel-mengibar\" width=\"800\" height=\"500\" \/><\/a><\/li>\n<\/ul>\n<\/li>\n<li class=\"image-container column-image warea_31\">\n<div class=\"gallery-controls\">\n<div class=\"gal-dot-control\" data-page=\"1\"><\/div>\n<div class=\"gal-dot-control\" data-page=\"2\"><\/div>\n<div class=\"gal-dot-control\" data-page=\"3\"><\/div>\n<div class=\"gal-dot-control\" data-page=\"4\"><\/div>\n<div class=\"gal-dot-control\" data-page=\"5\"><\/div>\n<div class=\"gal-dot-control\" data-page=\"6\"><\/div>\n<div class=\"gal-dot-control\" data-page=\"7\"><\/div>\n<div class=\"gal-dot-control\" data-page=\"8\"><\/div>\n<div class=\"gal-dot-control selected\" data-page=\"9\"><\/div>\n<div class=\"gal-dot-control\" data-page=\"10\"><\/div>\n<div class=\"gal-dot-control\" data-page=\"11\"><\/div>\n<\/div>\n<ul class=\"galeria-amec visualitza-box\">\n<li class=\"image-container column-image warea_31\"><a title=\"forum_amec_2021-113.jpg\" href=\"https:\/\/www.amec.es\/media\/site1\/cache\/images\/forum-amec-2021-113.jpg\" target=\"_blank\" rel=\"gallery noopener\"><img loading=\"lazy\" decoding=\"async\" class=\"imatge-zoom\" src=\"http:\/\/wecreatedesign.co\/dev\/WP\/amec\/wp-content\/uploads\/2023\/03\/forum-amec-2021-113-redim-prop-w800-h500.jpg\" alt=\"forum_amec_2021-113\" width=\"800\" height=\"500\" \/><\/a><\/li>\n<li class=\"image-container column-image warea_31\"><a title=\"Neus-Mas-UNEX.jpg\" href=\"https:\/\/www.amec.es\/media\/site1\/cache\/images\/neus-mas-unex.jpg\" target=\"_blank\" rel=\"gallery noopener\"><img loading=\"lazy\" decoding=\"async\" class=\"imatge-zoom\" src=\"http:\/\/wecreatedesign.co\/dev\/WP\/amec\/wp-content\/uploads\/2023\/03\/neus-mas-unex-redim-prop-w800-h500.jpg\" alt=\"Neus-Mas-UNEX\" width=\"800\" height=\"500\" \/><\/a><\/li>\n<li class=\"image-container column-image warea_31\"><a title=\"forum_amec_2021-149.jpg\" href=\"https:\/\/www.amec.es\/media\/site1\/cache\/images\/forum-amec-2021-149.jpg\" target=\"_blank\" rel=\"gallery noopener\"><img loading=\"lazy\" decoding=\"async\" class=\"imatge-zoom\" src=\"http:\/\/wecreatedesign.co\/dev\/WP\/amec\/wp-content\/uploads\/2023\/03\/forum-amec-2021-149-redim-prop-w800-h500.jpg\" alt=\"forum_amec_2021-149\" width=\"800\" height=\"500\" \/><\/a><\/li>\n<\/ul>\n<\/li>\n<li class=\"image-container column-image warea_31\">\n<div class=\"gallery-controls\">\n<div class=\"gal-dot-control\" data-page=\"1\"><\/div>\n<div class=\"gal-dot-control\" data-page=\"2\"><\/div>\n<div class=\"gal-dot-control\" data-page=\"3\"><\/div>\n<div class=\"gal-dot-control\" data-page=\"4\"><\/div>\n<div class=\"gal-dot-control\" data-page=\"5\"><\/div>\n<div class=\"gal-dot-control\" data-page=\"6\"><\/div>\n<div class=\"gal-dot-control\" data-page=\"7\"><\/div>\n<div class=\"gal-dot-control\" data-page=\"8\"><\/div>\n<div class=\"gal-dot-control\" data-page=\"9\"><\/div>\n<div class=\"gal-dot-control selected\" data-page=\"10\"><\/div>\n<div class=\"gal-dot-control\" data-page=\"11\"><\/div>\n<\/div>\n<ul class=\"galeria-amec visualitza-box\">\n<li class=\"image-container column-image warea_31\"><a title=\"forum_amec_2021-77.jpg\" href=\"https:\/\/www.amec.es\/media\/site1\/cache\/images\/forum-amec-2021-77.jpg\" target=\"_blank\" rel=\"gallery noopener\"><img loading=\"lazy\" decoding=\"async\" class=\"imatge-zoom\" src=\"http:\/\/wecreatedesign.co\/dev\/WP\/amec\/wp-content\/uploads\/2023\/03\/forum-amec-2021-77-redim-prop-w800-h500.jpg\" alt=\"forum_amec_2021-77\" width=\"800\" height=\"500\" \/><\/a><\/li>\n<li class=\"image-container column-image warea_31\"><a title=\"forum_amec_2021-107.jpg\" href=\"https:\/\/www.amec.es\/media\/site1\/cache\/images\/forum-amec-2021-107.jpg\" target=\"_blank\" rel=\"gallery noopener\"><img loading=\"lazy\" decoding=\"async\" class=\"imatge-zoom\" src=\"http:\/\/wecreatedesign.co\/dev\/WP\/amec\/wp-content\/uploads\/2023\/03\/forum-amec-2021-107-redim-prop-w800-h500.jpg\" alt=\"forum_amec_2021-107\" width=\"800\" height=\"500\" \/><\/a><\/li>\n<li class=\"image-container column-image warea_31\"><a title=\"forum_amec_2021-237.jpg\" href=\"https:\/\/www.amec.es\/media\/site1\/cache\/images\/forum-amec-2021-237.jpg\" target=\"_blank\" rel=\"gallery noopener\"><img loading=\"lazy\" decoding=\"async\" class=\"imatge-zoom\" src=\"http:\/\/wecreatedesign.co\/dev\/WP\/amec\/wp-content\/uploads\/2023\/03\/forum-amec-2021-237-redim-prop-w800-h500.jpg\" alt=\"forum_amec_2021-237\" width=\"800\" height=\"500\" \/><\/a><\/li>\n<\/ul>\n<\/li>\n<li class=\"image-container column-image warea_31\">\n<div class=\"gallery-controls\">\n<div class=\"gal-dot-control\" data-page=\"2\"><\/div>\n<div class=\"gal-dot-control\" data-page=\"3\"><\/div>\n<div class=\"gal-dot-control\" data-page=\"4\"><\/div>\n<div class=\"gal-dot-control\" data-page=\"5\"><\/div>\n<div class=\"gal-dot-control\" data-page=\"6\"><\/div>\n<div class=\"gal-dot-control\" data-page=\"7\"><\/div>\n<div class=\"gal-dot-control\" data-page=\"8\"><\/div>\n<div class=\"gal-dot-control\" data-page=\"9\"><\/div>\n<div class=\"gal-dot-control\" data-page=\"10\"><\/div>\n<div class=\"gal-dot-control selected\" data-page=\"11\"><\/div>\n<\/div>\n<ul class=\"galeria-amec visualitza-box\">\n<li class=\"image-container column-image warea_31\"><a title=\"forum_amec_2021-223.jpg\" href=\"https:\/\/www.amec.es\/media\/site1\/cache\/images\/forum-amec-2021-223.jpg\" target=\"_blank\" rel=\"gallery noopener\"><img loading=\"lazy\" decoding=\"async\" class=\"imatge-zoom\" src=\"http:\/\/wecreatedesign.co\/dev\/WP\/amec\/wp-content\/uploads\/2023\/03\/forum-amec-2021-223-redim-prop-w800-h500.jpg\" alt=\"forum_amec_2021-223\" width=\"800\" height=\"500\" \/><\/a><\/li>\n<li class=\"image-container column-image warea_31\"><a title=\"forum_amec_2021-117.jpg\" href=\"https:\/\/www.amec.es\/media\/site1\/cache\/images\/forum-amec-2021-117.jpg\" target=\"_blank\" rel=\"gallery noopener\"><img loading=\"lazy\" decoding=\"async\" class=\"imatge-zoom\" src=\"http:\/\/wecreatedesign.co\/dev\/WP\/amec\/wp-content\/uploads\/2023\/03\/forum-amec-2021-117-redim-prop-w800-h500.jpg\" alt=\"forum_amec_2021-117\" width=\"800\" height=\"500\" \/><\/a><\/li>\n<li class=\"image-container column-image warea_31\"><a title=\"forum_amec_2021-238.jpg\" href=\"https:\/\/www.amec.es\/media\/site1\/cache\/images\/forum-amec-2021-238.jpg\" target=\"_blank\" rel=\"gallery noopener\"><img loading=\"lazy\" decoding=\"async\" class=\"imatge-zoom\" src=\"http:\/\/wecreatedesign.co\/dev\/WP\/amec\/wp-content\/uploads\/2023\/03\/forum-amec-2021-238-redim-prop-w800-h500.jpg\" alt=\"forum_amec_2021-238\" width=\"800\" height=\"500\" \/><\/a><\/li>\n<\/ul>\n<p><a title=\"joan-tristany-3.JPG\" href=\"https:\/\/www.amec.es\/media\/site1\/cache\/images\/joan-tristany-3-2.jpg\" target=\"_blank\" rel=\"gallery noopener\"><img loading=\"lazy\" decoding=\"async\" class=\"imatge-zoom\" src=\"https:\/\/www.amec.es\/media\/site1\/cache\/images\/joan-tristany-3-2-redim-prop-w800-h500.jpg\" alt=\"joan-tristany-3\" width=\"800\" height=\"500\" \/><\/a><\/li>\n<\/ul>\n<\/div>\n","protected":false},"excerpt":{"rendered":"<p>El F\u00f2rum\u00a0amec\u00a02021 exposa diferents formes de cr\u00e9ixer, dificultats i casos d&#8217;\u00e8xit de creixement \u00f2ptim, mostrant que en l&#8217;actual m\u00f3n global i col\u00b7laboratiu hi ha espai per a empreses de diferent dimensi\u00f3. Els membres d\u2019amec, amb un volum d&#8217;exportaci\u00f3 vinculat a la facturaci\u00f3 equivalent al de les grans empreses, constaten com s\u2019assimilen a les alemanyes i [&hellip;]<\/p>\n","protected":false},"author":1,"featured_media":0,"comment_status":"open","ping_status":"open","sticky":false,"template":"","format":"standard","meta":{"inline_featured_image":false,"footnotes":""},"categories":[28],"tags":[],"class_list":["post-6501","post","type-post","status-publish","format-standard","hentry","category-notes-de-premsa"],"acf":[],"_links":{"self":[{"href":"https:\/\/en.amec.es\/index.php\/wp-json\/wp\/v2\/posts\/6501","targetHints":{"allow":["GET"]}}],"collection":[{"href":"https:\/\/en.amec.es\/index.php\/wp-json\/wp\/v2\/posts"}],"about":[{"href":"https:\/\/en.amec.es\/index.php\/wp-json\/wp\/v2\/types\/post"}],"author":[{"embeddable":true,"href":"https:\/\/en.amec.es\/index.php\/wp-json\/wp\/v2\/users\/1"}],"replies":[{"embeddable":true,"href":"https:\/\/en.amec.es\/index.php\/wp-json\/wp\/v2\/comments?post=6501"}],"version-history":[{"count":0,"href":"https:\/\/en.amec.es\/index.php\/wp-json\/wp\/v2\/posts\/6501\/revisions"}],"wp:attachment":[{"href":"https:\/\/en.amec.es\/index.php\/wp-json\/wp\/v2\/media?parent=6501"}],"wp:term":[{"taxonomy":"category","embeddable":true,"href":"https:\/\/en.amec.es\/index.php\/wp-json\/wp\/v2\/categories?post=6501"},{"taxonomy":"post_tag","embeddable":true,"href":"https:\/\/en.amec.es\/index.php\/wp-json\/wp\/v2\/tags?post=6501"}],"curies":[{"name":"wp","href":"https:\/\/api.w.org\/{rel}","templated":true}]}}