{"id":6502,"date":"2021-07-19T09:06:04","date_gmt":"2021-07-19T09:06:04","guid":{"rendered":"https:\/\/wecreatedesign.co\/dev\/WP\/amec\/?p=5665"},"modified":"2021-07-19T09:06:04","modified_gmt":"2021-07-19T09:06:04","slug":"les-empreses-de-tecnologia-textil-comparteixen-com-operar-en-lactual-entorn","status":"publish","type":"post","link":"https:\/\/en.amec.es\/index.php\/2021\/07\/19\/les-empreses-de-tecnologia-textil-comparteixen-com-operar-en-lactual-entorn\/","title":{"rendered":"Les empreses de tecnologia t\u00e8xtil comparteixen com operar en l&#8217;actual entorn"},"content":{"rendered":"<ul>\n<li><strong>El president\u00a0<em>d&#8217;amec AMTEX<\/em>\u00a0i el director general de ITMF adverteixen dels futurs problemes de prove\u00efment i recomanen &#8220;comen\u00e7ar a estocar&#8221;.<\/strong><\/li>\n<li><strong>Els nous serveis digitals obren el debat sobre la propietat de les dades.<\/strong><\/li>\n<\/ul>\n<p><strong>Barcelona, 19 de juliol de 2021.\u00a0<em>amec<\/em><\/strong>\u00a0ha celebrat la seva Jornada Sectorial\u00a0<strong><em>d&#8217;amec AMTEX,<\/em><\/strong>\u00a0el principal punt de trobada anual de les empreses fabricants de maquin\u00e0ria i tecnologia de la ind\u00fastria t\u00e8xtil. La jornada ha servit perqu\u00e8 les empreses comparteixin com estan operant en el complex context actual, com s&#8217;estan comportant els diferents mercats i per debatre les principals tend\u00e8ncies en fabricaci\u00f3 t\u00e8xtil i cap a on es dirigeix la ind\u00fastria. Per a aix\u00f2, han aportat informaci\u00f3 de valor tant el president\u00a0<strong><em>d&#8217;amec AMTEX,<\/em><\/strong>\u00a0<strong>\u00d3scar Rius,<\/strong>\u00a0com el director general de\u00a0<strong>ITMF, Christian Schindler.<\/strong>\u00a0ITMF \u00e9s el principal f\u00f2rum internacional de el sector, compta amb empreses i associacions de tota la cadena t\u00e8xtil (fabricants de maquin\u00e0ria, empreses de mat\u00e8ries primeres i fabricants de producte) i \u00e9s el\u00a0<em>think tank<\/em>\u00a0de refer\u00e8ncia en informaci\u00f3 i desenvolupament, editant els principals estudis internacionals sobre el t\u00e8xtil.<\/p>\n<p>&nbsp;<\/p>\n<p>Malgrat que el sector est\u00e0 funcionant fins ara de forma correcta, tant Rius com Schindler han advertit a les empreses que els problemes de prove\u00efment de mat\u00e8ries primeres aniran en augment i arribaran al seu m\u00e0xim nivell entre la tardor i finals d&#8217;any.\u00a0<strong>&#8220;\u00c9s hora de comen\u00e7ar a estocar&#8221;<\/strong>\u00a0ha indicat el president\u00a0<strong><em>d&#8217;amec AMTEX.<\/em><\/strong>\u00a0Precisament, moltes empreses de tecnologia t\u00e8xtil estan abandonant la producci\u00f3\u00a0<em>just in time<\/em>\u00a0causa de l&#8217;encariment dels materials i la seva dificultat d&#8217;acc\u00e9s. Afecten el sector de la tecnologia t\u00e8xtil l&#8217;augment de l&#8217;preu de l&#8217;coure, de l&#8217;alumini, i m\u00e9s concretament de les pues per bobinar, aix\u00ed com dels semiconductors. A aix\u00f2 se sumen els problemes de log\u00edstica i de transport, ja que s&#8217;ha triplicat el cost dels contenidors. Tot aix\u00f2 fa molt sovint inviable el lliurament a un preu raonable. Aquestes dificultats afecten a tota la ind\u00fastria a nivell internacional.<\/p>\n<p>&nbsp;<\/p>\n<p>Pel que fa als mercats, si b\u00e9 per als membres\u00a0<strong><em>d&#8217;amec<\/em><\/strong>\u00a0la primera destinaci\u00f3 de les exportacions \u00e9s EUA, Schindler ha afirmat amb rotunditat que a nivell internacional la Xina seguir\u00e0 sent el principal mercat i aglutinador de tota la cadena de valor. No obstant aix\u00f2, hi ha en el propi pa\u00eds una compet\u00e8ncia local molt fort, i fins gaireb\u00e9 el 80% de les m\u00e0quines que produeix es dirigeixen a el mercat intern.<\/p>\n<p>&nbsp;<\/p>\n<p><strong>L&#8217;evoluci\u00f3 dels materials<\/strong><\/p>\n<p>Schindler ha indicat que el poli\u00e8ster seguir\u00e0 mantenint la seva hegemonia en els propers anys davant el cot\u00f3. Les fibres artificials segueixen sent m\u00e9s barates, alhora que l&#8217;important pel que fa a la sostenibilitat d&#8217;aquest material rau en el proc\u00e9s que s&#8217;aplica en la seva producci\u00f3 i en la quantitat d&#8217;aigua necess\u00e0ria, tal com ha explicat. \u00c9s aix\u00ed com \u00e9s possible crear fibres que requereixin de poca utilitzaci\u00f3 d&#8217;aquest preuat recurs.<\/p>\n<p>D&#8217;altra banda, els teixits intel\u00b7ligents seguiran guanyant terreny. Alguns exemples de la gran quantitat de funcionalitats que aniran sumant \u00e9s la de roba que mai es taca, o la d&#8217;un nou teixit esportiu que modifica el seu comportament segons la temperatura corporal, permetent una major transpiraci\u00f3 en moments de calor i una menor en cas de fred. Un altre cas \u00e9s el de roba que mai es taca.<\/p>\n<p>&nbsp;<\/p>\n<p><strong>Nous serveis digitals i la propietat de les dades<\/strong><\/p>\n<p>Les empreses de tecnologia t\u00e8xtil estan treballant en la digitalitzaci\u00f3 de les seves m\u00e0quines i oferint nous serveis en forma de paquets digitals. Aix\u00ed, \u00e9s possible monitoritzar el funcionament de la f\u00e0brica a quil\u00f2metres de dist\u00e0ncia, o b\u00e9 comptar amb un manteniment predictiu, en el qual la m\u00e0quina adverteix amb temps de quan necessitar\u00e0 recanvis, de manera que el fabricant pot remetre sense necessitat de paralitzar la producci\u00f3. Amb tot, tal com ha exposat Schindler, s&#8217;ha obert un debat:\u00a0<strong>&#8220;Qui \u00e9s el propietari de les dades? El fabricant de la tecnologia o el productor de les dades? &#8220;<\/strong>\u00a0. Una pregunta que comporta complexitat, ja que, si b\u00e9 el client \u00e9s qui realitza la inversi\u00f3 per comptar amb m\u00e0quines intel\u00b7ligents, \u00e9s el fabricant qui pot optimitzar el seu funcionament si compta amb aquestes dades.<\/p>\n<p>&nbsp;<\/p>\n<p><strong><em>amec<\/em><\/strong>\u00a0<strong>impulsa els nous factors clau de competitivitat a les empreses<\/strong><\/p>\n<p>La comunitat de les empreses industrials internacionalitzades\u00a0<strong><em>amec<\/em><\/strong>\u00a0impulsa els\u00a0<a href=\"https:\/\/www.youtube.com\/watch?v=SDztjgsQdBk&amp;feature=youtu.be\">nous factors clau de competitivitat a les empreses a Espanya<\/a>\u00a0:\u00a0<strong>anticipaci\u00f3, adaptabilitat, col\u00b7laboraci\u00f3, glocalitzaci\u00f3 i sostenibilitat.<\/strong>\u00a0Les empreses que formen part\u00a0<strong><em>d&#8217;amec<\/em><\/strong>\u00a0generen un volum d&#8217;exportaci\u00f3 superior als 6.200 milions d&#8217;euros, exporten de mitjana el 53,6% de la seva facturaci\u00f3 i inverteixen el 3,9% en innovaci\u00f3.<\/p>\n<p>&nbsp;<\/p>\n<p><img fetchpriority=\"high\" decoding=\"async\" src=\"http:\/\/wecreatedesign.co\/dev\/WP\/amec\/wp-content\/uploads\/2023\/03\/rius-schindler-redim-w394-h199-1.jpg\" alt=\"rius-schindler.jpg\" width=\"394\" height=\"199\" \/><\/p>\n","protected":false},"excerpt":{"rendered":"<p>El president\u00a0d&#8217;amec AMTEX\u00a0i el director general de ITMF adverteixen dels futurs problemes de prove\u00efment i recomanen &#8220;comen\u00e7ar a estocar&#8221;. Els nous serveis digitals obren el debat sobre la propietat de les dades. Barcelona, 19 de juliol de 2021.\u00a0amec\u00a0ha celebrat la seva Jornada Sectorial\u00a0d&#8217;amec AMTEX,\u00a0el principal punt de trobada anual de les empreses fabricants de maquin\u00e0ria [&hellip;]<\/p>\n","protected":false},"author":1,"featured_media":0,"comment_status":"open","ping_status":"open","sticky":false,"template":"","format":"standard","meta":{"inline_featured_image":false,"footnotes":""},"categories":[28],"tags":[],"class_list":["post-6502","post","type-post","status-publish","format-standard","hentry","category-notes-de-premsa"],"acf":[],"_links":{"self":[{"href":"https:\/\/en.amec.es\/index.php\/wp-json\/wp\/v2\/posts\/6502","targetHints":{"allow":["GET"]}}],"collection":[{"href":"https:\/\/en.amec.es\/index.php\/wp-json\/wp\/v2\/posts"}],"about":[{"href":"https:\/\/en.amec.es\/index.php\/wp-json\/wp\/v2\/types\/post"}],"author":[{"embeddable":true,"href":"https:\/\/en.amec.es\/index.php\/wp-json\/wp\/v2\/users\/1"}],"replies":[{"embeddable":true,"href":"https:\/\/en.amec.es\/index.php\/wp-json\/wp\/v2\/comments?post=6502"}],"version-history":[{"count":0,"href":"https:\/\/en.amec.es\/index.php\/wp-json\/wp\/v2\/posts\/6502\/revisions"}],"wp:attachment":[{"href":"https:\/\/en.amec.es\/index.php\/wp-json\/wp\/v2\/media?parent=6502"}],"wp:term":[{"taxonomy":"category","embeddable":true,"href":"https:\/\/en.amec.es\/index.php\/wp-json\/wp\/v2\/categories?post=6502"},{"taxonomy":"post_tag","embeddable":true,"href":"https:\/\/en.amec.es\/index.php\/wp-json\/wp\/v2\/tags?post=6502"}],"curies":[{"name":"wp","href":"https:\/\/api.w.org\/{rel}","templated":true}]}}