{"id":6513,"date":"2021-09-01T11:03:24","date_gmt":"2021-09-01T11:03:24","guid":{"rendered":"https:\/\/wecreatedesign.co\/dev\/WP\/amec\/?p=4870"},"modified":"2021-09-01T11:03:24","modified_gmt":"2021-09-01T11:03:24","slug":"antena-3-quines-consequencies-economiques-creuen-els-experts-que-comportara-la-pujada-del-preu-de-la-llum","status":"publish","type":"post","link":"https:\/\/en.amec.es\/index.php\/2021\/09\/01\/antena-3-quines-consequencies-economiques-creuen-els-experts-que-comportara-la-pujada-del-preu-de-la-llum\/","title":{"rendered":"Antena 3: Quines conseq\u00fc\u00e8ncies econ\u00f2miques creuen els experts que comportar\u00e0 la pujada del preu de la llum?"},"content":{"rendered":"<p><img fetchpriority=\"high\" decoding=\"async\" src=\"http:\/\/wecreatedesign.co\/dev\/WP\/amec\/wp-content\/uploads\/2023\/03\/a3-noticias-energia-electrica-redim-w900-h507.jpg\" alt=\"A3 Not\u00edcies-energia-electrica.JPG\" width=\"900\" height=\"507\" \/><\/p>\n","protected":false},"excerpt":{"rendered":"","protected":false},"author":1,"featured_media":0,"comment_status":"open","ping_status":"open","sticky":false,"template":"","format":"standard","meta":{"inline_featured_image":false,"footnotes":""},"categories":[25],"tags":[],"class_list":["post-6513","post","type-post","status-publish","format-standard","hentry","category-amec-als-mitjans"],"acf":[],"_links":{"self":[{"href":"https:\/\/en.amec.es\/index.php\/wp-json\/wp\/v2\/posts\/6513","targetHints":{"allow":["GET"]}}],"collection":[{"href":"https:\/\/en.amec.es\/index.php\/wp-json\/wp\/v2\/posts"}],"about":[{"href":"https:\/\/en.amec.es\/index.php\/wp-json\/wp\/v2\/types\/post"}],"author":[{"embeddable":true,"href":"https:\/\/en.amec.es\/index.php\/wp-json\/wp\/v2\/users\/1"}],"replies":[{"embeddable":true,"href":"https:\/\/en.amec.es\/index.php\/wp-json\/wp\/v2\/comments?post=6513"}],"version-history":[{"count":0,"href":"https:\/\/en.amec.es\/index.php\/wp-json\/wp\/v2\/posts\/6513\/revisions"}],"wp:attachment":[{"href":"https:\/\/en.amec.es\/index.php\/wp-json\/wp\/v2\/media?parent=6513"}],"wp:term":[{"taxonomy":"category","embeddable":true,"href":"https:\/\/en.amec.es\/index.php\/wp-json\/wp\/v2\/categories?post=6513"},{"taxonomy":"post_tag","embeddable":true,"href":"https:\/\/en.amec.es\/index.php\/wp-json\/wp\/v2\/tags?post=6513"}],"curies":[{"name":"wp","href":"https:\/\/api.w.org\/{rel}","templated":true}]}}