{"id":6535,"date":"2021-10-07T12:37:21","date_gmt":"2021-10-07T12:37:21","guid":{"rendered":"https:\/\/wecreatedesign.co\/dev\/WP\/amec\/?p=5046"},"modified":"2021-10-07T12:37:21","modified_gmt":"2021-10-07T12:37:21","slug":"entrevista-a-lambaixador-despanya-a-bangla-desh-el-pais-valora-la-tecnologia-europea-i-lespanyola-es-la-mes-competitiva","status":"publish","type":"post","link":"https:\/\/en.amec.es\/index.php\/2021\/10\/07\/entrevista-a-lambaixador-despanya-a-bangla-desh-el-pais-valora-la-tecnologia-europea-i-lespanyola-es-la-mes-competitiva\/","title":{"rendered":"Entrevista a l&#8217;ambaixador d&#8217;Espanya a Bangla Desh: &#8220;El pa\u00eds valora la tecnologia europea, i l&#8217;espanyola \u00e9s la m\u00e9s competitiva&#8221;"},"content":{"rendered":"<div class=\"amplada-pagina descripcion\">\n<p><strong>Membre de la Carrera Diplom\u00e0tica des de 1988 i llicenciat en Dret, l&#8217;ambaixador d&#8217;Espanya a Bangla Desh, Francesc d&#8217;Ass\u00eds Ben\u00edtez Sales, ha estat destinat a les ambaixades a l&#8217;Ar\u00e0bia Saudita, Zibabue, S\u00edria, Jap\u00f3, Tail\u00e0ndia, Se\u00fcl i Guinea-Conakry. Tamb\u00e9 ha ocupat c\u00e0rrecs en el Ministeri d&#8217;Afers Exteriors i en Pesidencia de Govern. A l&#8217;front actualment de l&#8217;ambaixada a Bangla Desh, ens rep abans de protagonitzar una trobada amb empreses organitzat per l&#8217;\u00a0<a href=\"https:\/\/www.ceibcn.com\/es\/\" target=\"_blank\" rel=\"noopener\">Escola Diplom\u00e0tica de Barcelona<\/a>\u00a0i ens<\/strong>\u00a0<strong>explica les oportunitats que poden trobar els nostres membres i la nostra ind\u00fastria al pa\u00eds, en el qual es valora especialment la tecnologia europea.<\/strong><\/p>\n<p>&nbsp;<\/p>\n<p><strong><img fetchpriority=\"high\" decoding=\"async\" src=\"http:\/\/wecreatedesign.co\/dev\/WP\/amec\/wp-content\/uploads\/2023\/03\/emb-2-redim-w500-h282.jpg\" alt=\"ambaixador-bangladesh\" width=\"500\" height=\"282\" \/><\/strong><\/p>\n<p>&nbsp;<\/p>\n<p><strong>Bangla Desh \u00e9s una gran democr\u00e0cia, sense atur, per\u00f2 amb una inflaci\u00f3 molt elevada. Ha experimentat un grand\u00edssim creixement, superior al 7,5% en 2019. Com ha afrontat la pand\u00e8mia? Ha impactat sobre la marxa de les empreses i l&#8217;economia?<\/strong><\/p>\n<p>L&#8217;economia segueix la seva marxa malgrat les circumst\u00e0ncies adverses. A l&#8217;escenari de pand\u00e8mia, el pa\u00eds ha mantingut un ritme de creixement econ\u00f2mic d&#8217;entre el 3% i el 5%. Ha aconseguit aix\u00ed no nom\u00e9s mantenir-se, sin\u00f3 seguir creixent de forma molt considerable. En els propers anys est\u00e0 previst que el PIB de Bangla Desh segueixi creixent entre el 6% i el 8%. Tot i aix\u00ed, es tracta d&#8217;un pa\u00eds amb problemes de subdesenvolupament i pobresa.<\/p>\n<p>&nbsp;<\/p>\n<p><strong>Quina \u00e9s l&#8217;explicaci\u00f3 d&#8217;aquest creixement?<\/strong><\/p>\n<p>La primera ministra Sheikh Hasina, en el seu tercer mandat ja que ocupa el c\u00e0rrec des de 2009, ha optat per l&#8217;estabilitat, prenent decisions molt raonables en pol\u00edtica econ\u00f2mica. Per\u00f2 la de Bangla Desh segueix sent una economia molt poc diversificada. El motor de creixement s\u00f3n les exportacions de roba confeccionada i les remeses de banglades\u00edes a l&#8217;exterior.<\/p>\n<p>&nbsp;<\/p>\n<p><strong>La seva relaci\u00f3 comercial amb Espanya es basa clarament en el t\u00e8xtil: exportem a pa\u00eds maquin\u00e0ria t\u00e8xtil i colorants relacionats amb el t\u00e8xtil i vam comprar roba ja confeccionada, fins al punt que es podria dir que Bangla Desh \u00e9s la f\u00e0brica t\u00e8xtil d&#8217;Espanya. Existeix recorregut o ja es tracta d&#8217;un sector molt madur?<\/strong><\/p>\n<p>Aquesta estreta relaci\u00f3 en el sector t\u00e8xtil funciona molt b\u00e9. Ara b\u00e9: les empreses espanyoles el que fan \u00e9s subcontractar la fabricaci\u00f3 a empreses de Bangla Desh, sense que hi hagi un vincle jur\u00eddic. Fabriquen aqu\u00ed, per\u00f2 no inverteixen. \u00c9s una relaci\u00f3 alhora un tant fr\u00e0gil perqu\u00e8 les empreses espanyoles quan vulguin poden marxar a qualsevol altra part.<\/p>\n<p>&nbsp;<\/p>\n<p><strong>Hi ha oportunitats en altres sectors?<\/strong><\/p>\n<p>Bangladesh \u00e9s un pa\u00eds en ple creixement, amb una classe empresarial molt activa i ben connectada. Hi ha, per tant, molt\u00edssimes oportunitats. La primera d&#8217;elles \u00e9s en infraestructures. El pa\u00eds s&#8217;ha embarcat en un gran pla que preveu en 20 anys revitalitzar els rius. Aix\u00f2 no \u00e9s menor, ja que el pa\u00eds \u00e9s tot ell un gran estuari. El transport mar\u00edtim i fluvial aqu\u00ed \u00e9s important\u00edssim. Les autoritats locals tamb\u00e9 insisteixen en erigir una gran xarxa de ferrocarril. Empreses espanyoles d&#8217;infraestructures, ferrocarril i drassanes tenen aqu\u00ed molt a dir. Tamb\u00e9 hi ha molta manca en maquin\u00e0ria i tecnologia per a l&#8217;agricultura i la ind\u00fastria aliment\u00e0ria. No hi ha una ind\u00fastria de transformaci\u00f3 de productes alimentaris. I per aix\u00f2 molta producci\u00f3 es perd perqu\u00e8 no pot comercialitzar-se.<\/p>\n<p>&nbsp;<\/p>\n<p><strong>La principal relaci\u00f3 comercial de pa\u00eds \u00e9s amb la Xina i l&#8217;\u00cdndia. Hi ha espai per a la tecnologia espanyola?<\/strong><\/p>\n<p>Cal tecnologia industrial ia Bangla Desh es valora cada vegada m\u00e9s la tecnologia i el producte europeu. Se&#8217;l considera de primer\u00edssima qualitat, i amb un bon equilibri entre qualitat-preu. Aqu\u00ed hi ha molta pres\u00e8ncia de producte de l&#8217;\u00cdndia i la Xina i saben apreciar molt b\u00e9 la difer\u00e8ncia, de manera que valoren el know how europeu. Cal aprofitar aquesta clara prefer\u00e8ncia, encara m\u00e9s quan les empreses espanyoles s\u00f3n molt competitius: poden oferir productes i tecnologia de primer\u00edssima qualitat a preus m\u00e9s competitius que altres pa\u00efsos europeus. En aquest sentit, els banglades\u00edes tenen com a socis m\u00e9s tradicionals a Europa als brit\u00e0nics -eren seva antiga colonials, Alemanya, Fran\u00e7a i potser fins a It\u00e0lia. En canvi, desconeixen la nostra tecnologia. Quan resulta que la nostra \u00e9s una tecnologia d&#8217;alt\u00edssima qualitat a preus m\u00e9s competitius que els dels nostres ve\u00efns. Aix\u00f2 no ho saben. Espanya no t\u00e9 encara una imatge de pa\u00eds a Bangla Desh, que cal treballar i construir a fons. Hem d&#8217;explicar que les empreses espanyoles s\u00f3n capdavanteres en moltes coses: tecnologia puntera, trens d&#8217;alta velocitat, tecnologia puntera &#8230;<\/p>\n<p>&nbsp;<\/p>\n<p><strong>Existeix tamb\u00e9 algun pla per desenvolupar aquests sectors?<\/strong><\/p>\n<p>L&#8217;administraci\u00f3 desitja que les empreses estrangeres vinguin amb la seva tecnologia i desenvolupin aquests sectors. Tamb\u00e9 els de sanitat i hospitals. Creix a gran ritme una gran consci\u00e8ncia ambiental entre els joves, i hi ha terreny tamb\u00e9 per a les energies netes, aix\u00ed com la gesti\u00f3 de l&#8217;aigua, sanejament i residus. Bangladesh \u00e9s un pa\u00eds ple d&#8217;aigua, per\u00f2 mal gestionada, molt contaminat i afectat per desastres naturals. De la mateixa manera cal treballar en la contaminaci\u00f3 de l&#8217;aire -la capital Dacca, amb una poblaci\u00f3 de 26 milions de persones, \u00e9s de les que compta amb m\u00e9s pol\u00b7luci\u00f3- i la gesti\u00f3 de les ciutats.<\/p>\n<p>&nbsp;<\/p>\n<p><strong>I com \u00e9s fer negocis a Bangladesh?<\/strong><\/p>\n<p>La realitat tamb\u00e9 \u00e9s que l&#8217;entorn de negocis al pa\u00eds \u00e9s molt complicat, amb greus problemes de corrupci\u00f3 i inseguretat pol\u00edtica. Les empreses han de tenir perseveran\u00e7a, no espantar-se i sobretot comptar amb un agent local que navegui b\u00e9 per dins de l&#8217;administraci\u00f3, i s\u00e0piga a quina porta cal trucar. Aix\u00f2 \u00e9s essencial.<\/p>\n<p>&nbsp;<\/p>\n<p><strong>La importaci\u00f3 des Bangladesh est\u00e0 lliure d&#8217;aranzels. Per qu\u00e8 no a l&#8217;inrev\u00e9s?<\/strong><\/p>\n<p>Bangla Desh, com a pa\u00eds en desenvolupament, \u00e9s el m\u00e9s beneficiat per la Uni\u00f3 Europea a trav\u00e9s de la cl\u00e0usula EVA (Everything But Arms) que beneficia a totes les importacions excepte armes, lliures de quotes i aranzels. En canvi, el pa\u00eds imposa alts aranzels a les nostres exportacions. El pa\u00eds compta amb un sistema fiscal molt deficient, la poblaci\u00f3 amb prou feines paga impostos, i per aix\u00f2 els ingressos fiscals s\u00f3n molt baixos. La seva forma d&#8217;obtenir ingressos \u00e9s gravant les importacions.<\/p>\n<p>&nbsp;<\/p>\n<p><strong>A causa de la seva pres\u00e8ncia com a diplom\u00e0tic en diversos pa\u00efsos, coneix b\u00e9 \u00c0sia. Com veu en general la relaci\u00f3 entre Espanya i el gran continent?<\/strong><\/p>\n<p>\u00c0sia no \u00e9s el futur, \u00e9s el present. Compta amb gran diversitat d&#8217;economies que estan en ple creixement, amb una societat molt activa, classes dirigents molt connectades amb el poder local i tamb\u00e9 a nivell internacional. Es tracta d&#8217;una \u00e0rea de grans oportunitats per a la pres\u00e8ncia espanyola. I no nom\u00e9s en temes empresarials. Tamb\u00e9 en l&#8217;aspecte cultural i en l&#8217;ensenyament. Podem aportar molt\u00edssim en Universitats i educaci\u00f3, aix\u00ed com donar a con\u00e8ixer la nostra llengua, l&#8217;\u00fas \u00e9s molt important en el m\u00f3n.<\/p>\n<\/div>\n","protected":false},"excerpt":{"rendered":"<p>Membre de la Carrera Diplom\u00e0tica des de 1988 i llicenciat en Dret, l&#8217;ambaixador d&#8217;Espanya a Bangla Desh, Francesc d&#8217;Ass\u00eds Ben\u00edtez Sales, ha estat destinat a les ambaixades a l&#8217;Ar\u00e0bia Saudita, Zibabue, S\u00edria, Jap\u00f3, Tail\u00e0ndia, Se\u00fcl i Guinea-Conakry. Tamb\u00e9 ha ocupat c\u00e0rrecs en el Ministeri d&#8217;Afers Exteriors i en Pesidencia de Govern. A l&#8217;front actualment de [&hellip;]<\/p>\n","protected":false},"author":1,"featured_media":5048,"comment_status":"open","ping_status":"open","sticky":false,"template":"","format":"standard","meta":{"inline_featured_image":false,"footnotes":""},"categories":[27],"tags":[],"class_list":["post-6535","post","type-post","status-publish","format-standard","has-post-thumbnail","hentry","category-actualitat"],"acf":[],"_links":{"self":[{"href":"https:\/\/en.amec.es\/index.php\/wp-json\/wp\/v2\/posts\/6535","targetHints":{"allow":["GET"]}}],"collection":[{"href":"https:\/\/en.amec.es\/index.php\/wp-json\/wp\/v2\/posts"}],"about":[{"href":"https:\/\/en.amec.es\/index.php\/wp-json\/wp\/v2\/types\/post"}],"author":[{"embeddable":true,"href":"https:\/\/en.amec.es\/index.php\/wp-json\/wp\/v2\/users\/1"}],"replies":[{"embeddable":true,"href":"https:\/\/en.amec.es\/index.php\/wp-json\/wp\/v2\/comments?post=6535"}],"version-history":[{"count":0,"href":"https:\/\/en.amec.es\/index.php\/wp-json\/wp\/v2\/posts\/6535\/revisions"}],"wp:featuredmedia":[{"embeddable":true,"href":"https:\/\/en.amec.es\/index.php\/wp-json\/"}],"wp:attachment":[{"href":"https:\/\/en.amec.es\/index.php\/wp-json\/wp\/v2\/media?parent=6535"}],"wp:term":[{"taxonomy":"category","embeddable":true,"href":"https:\/\/en.amec.es\/index.php\/wp-json\/wp\/v2\/categories?post=6535"},{"taxonomy":"post_tag","embeddable":true,"href":"https:\/\/en.amec.es\/index.php\/wp-json\/wp\/v2\/tags?post=6535"}],"curies":[{"name":"wp","href":"https:\/\/api.w.org\/{rel}","templated":true}]}}