{"id":6539,"date":"2021-10-07T04:34:27","date_gmt":"2021-10-07T04:34:27","guid":{"rendered":"https:\/\/wecreatedesign.co\/dev\/WP\/amec\/?p=5175"},"modified":"2021-10-07T04:34:27","modified_gmt":"2021-10-07T04:34:27","slug":"amec-amtex-presenta-els-avencos-de-la-tecnologia-textil-espanyola-en-caitme-uzbekistan","status":"publish","type":"post","link":"https:\/\/en.amec.es\/index.php\/2021\/10\/07\/amec-amtex-presenta-els-avencos-de-la-tecnologia-textil-espanyola-en-caitme-uzbekistan\/","title":{"rendered":"amec AMTEX presenta els aven\u00e7os de la tecnologia t\u00e8xtil espanyola en CAITME, Uzbekistan"},"content":{"rendered":"<p>El director de\u00a0<em><strong>amec amtex,<\/strong><\/em>\u00a0Alejandro Gallego, ha participat aquest dimecres en la inauguraci\u00f3 de la sala\u00a0<strong>CAITME,<\/strong>\u00a0Central Asian International Textile Machinery Exhibition que t\u00e9 lloc fins dem\u00e0 a Uzbekistan, en la qual acompanyem a les nostres empreses industrials per\u00a0<strong>mostrar l&#8217;alta qualitat i avan\u00e7ada tecnologia del nostre sector.<\/strong>\u00a0Aix\u00ed ho ha traslladat Gallego en el seu discurs durant l&#8217;obertura de la sala, aix\u00ed com a Ministre de Comer\u00e7 de Uzbekistan, amb el qual ha mantingut una petita trobada.<\/p>\n<p>Els mitjans de comunicaci\u00f3 s&#8217;han interessat per les novetats que aporta la tecnologia t\u00e8xtil espanyola, que ha estat objecte de diversos reportatges i entrevistes.<\/p>\n<p><strong>&#8220;Estem observant un bon nivell de visites, es palpa en l&#8217;ambient que la ind\u00fastria tenia moltes ganes de retrobar-se i de con\u00e8ixer qu\u00e8 estan fent els fabricants en digitalitzaci\u00f3&#8221;,<\/strong>\u00a0ha explicat el responsable d&#8217;<em><strong>amec AMTEX<\/strong><\/em>\u00a0sobre la marxa del primer dia de CAITME, que tindr\u00e0 lloc fins al divendres 8 d&#8217;octubre.<\/p>\n","protected":false},"excerpt":{"rendered":"<p>El director de\u00a0amec amtex,\u00a0Alejandro Gallego, ha participat aquest dimecres en la inauguraci\u00f3 de la sala\u00a0CAITME,\u00a0Central Asian International Textile Machinery Exhibition que t\u00e9 lloc fins dem\u00e0 a Uzbekistan, en la qual acompanyem a les nostres empreses industrials per\u00a0mostrar l&#8217;alta qualitat i avan\u00e7ada tecnologia del nostre sector.\u00a0Aix\u00ed ho ha traslladat Gallego en el seu discurs durant l&#8217;obertura [&hellip;]<\/p>\n","protected":false},"author":1,"featured_media":5177,"comment_status":"open","ping_status":"open","sticky":false,"template":"","format":"standard","meta":{"inline_featured_image":false,"footnotes":""},"categories":[30],"tags":[],"class_list":["post-6539","post","type-post","status-publish","format-standard","has-post-thumbnail","hentry","category-croniques"],"acf":[],"_links":{"self":[{"href":"https:\/\/en.amec.es\/index.php\/wp-json\/wp\/v2\/posts\/6539","targetHints":{"allow":["GET"]}}],"collection":[{"href":"https:\/\/en.amec.es\/index.php\/wp-json\/wp\/v2\/posts"}],"about":[{"href":"https:\/\/en.amec.es\/index.php\/wp-json\/wp\/v2\/types\/post"}],"author":[{"embeddable":true,"href":"https:\/\/en.amec.es\/index.php\/wp-json\/wp\/v2\/users\/1"}],"replies":[{"embeddable":true,"href":"https:\/\/en.amec.es\/index.php\/wp-json\/wp\/v2\/comments?post=6539"}],"version-history":[{"count":0,"href":"https:\/\/en.amec.es\/index.php\/wp-json\/wp\/v2\/posts\/6539\/revisions"}],"wp:featuredmedia":[{"embeddable":true,"href":"https:\/\/en.amec.es\/index.php\/wp-json\/wp\/v2\/media\/5177"}],"wp:attachment":[{"href":"https:\/\/en.amec.es\/index.php\/wp-json\/wp\/v2\/media?parent=6539"}],"wp:term":[{"taxonomy":"category","embeddable":true,"href":"https:\/\/en.amec.es\/index.php\/wp-json\/wp\/v2\/categories?post=6539"},{"taxonomy":"post_tag","embeddable":true,"href":"https:\/\/en.amec.es\/index.php\/wp-json\/wp\/v2\/tags?post=6539"}],"curies":[{"name":"wp","href":"https:\/\/api.w.org\/{rel}","templated":true}]}}