{"id":6560,"date":"2021-10-21T04:37:25","date_gmt":"2021-10-21T04:37:25","guid":{"rendered":"https:\/\/wecreatedesign.co\/dev\/WP\/amec\/?p=5193"},"modified":"2021-10-21T04:37:25","modified_gmt":"2021-10-21T04:37:25","slug":"amec-coneix-de-primera-ma-i-trasllada-als-seus-membres-lacces-als-ajuts-de-cdti","status":"publish","type":"post","link":"https:\/\/en.amec.es\/index.php\/2021\/10\/21\/amec-coneix-de-primera-ma-i-trasllada-als-seus-membres-lacces-als-ajuts-de-cdti\/","title":{"rendered":"amec coneix de primera m\u00e0 i trasllada als seus membres l&#8217;acc\u00e9s als ajuts de CDTI"},"content":{"rendered":"<p><em><strong>amec<\/strong><\/em>\u00a0ha participat aquesta setmana en la primera trobada presencial de tots els membres de la\u00a0<a href=\"https:\/\/www.cdti.es\/index.asp?MP=8&amp;MS=777&amp;MN=2&amp;r=1920*1200\" target=\"_blank\" rel=\"noopener\">xarxa PI + D + I<\/a>\u00a0de l&#8217;CDTI despr\u00e9s de la pand\u00e8mia.\u00a0<em><strong>amec,<\/strong><\/em>\u00a0que compta amb un\u00a0<a href=\"https:\/\/www.amec.es\/es\/competitividad\/tramitacion-de-ayudas.htm\" target=\"_blank\" rel=\"noopener\">Servei Integral d&#8217;Ajudes P\u00fabliques<\/a>\u00a0per a les empreses industrials, est\u00e0 acreditada com a membre de la xarxa que dep\u00e8n de CDTI, que organitza aquestes trobades per tal d&#8217;assegurar que els ajuts p\u00fablics a la innovaci\u00f3 es vehiculin i arribin a les empreses. Els membres de la xarxa (organitzacions empresarials, centres de tecnologia i coneixement) comparteixen informaci\u00f3 sobre el funcionament de les ajudes i col\u00b7laboren per fer realitat projectes d&#8217;innovaci\u00f3 de les empreses a les quals representen.\u00a0<strong>&#8220;Es tracta aix\u00ed d&#8217;una xarxa multiplicadora, en la qual tots estem en contacte i facilitem l&#8217;acc\u00e9s als ajuts, als recursos i la tecnologia perqu\u00e8 les empreses duguin a terme els seus projectes d&#8217;innovaci\u00f3&#8221;,<\/strong>\u00a0explica la responsable de el Servei Integral d&#8217; ajudes, Sonia Fern\u00e1ndez, que ha assistit a aquesta trobada.<\/p>\n<p>Durant la jornada, el CDTI ha informat als membres de la xarxa sobre les \u00faltimes actualitzacions de les ajudes que atorga, aix\u00ed com els sectors i la tipologia de projectes que poden accedir-hi. S&#8217;ha tractat aix\u00ed mateix sobre com gestionar de la forma m\u00e9s eficient totes les consultes dels nostres membres, aix\u00ed com de la resta d&#8217;integrants de la xarxa.<\/p>\n<p><em><strong>amec<\/strong><\/em>\u00a0est\u00e0 duent a terme un intens treball d&#8217;assessorament i acompanyament a les empreses industrials per assegurar el seu acc\u00e9s als ajuts p\u00fablics. Tal com ha constatat en aquesta jornada la responsable de Servei d&#8217;Ajudes P\u00fabliques, enguany es destinaran\u00a0<strong>296.600.000 d&#8217;euros a Projectes de tecnologies industrials, especialment a R + D (125.300.000), LIC-A per a la compra d&#8217;actius fixos (86,2) i LIC (30,8) entre altres l\u00ednies.<\/strong>\u00a0<strong>Responent a preguntes dels presents, el CDTI ha explicat a m\u00e9s que gr\u00e0cies als Fons Next Generation en 2022 hi haur\u00e0 una major dotaci\u00f3 econ\u00f2mica per a les l\u00ednies Neotec per startups, aix\u00ed com per a la Xarxa Cervera, que interessa especialment tamb\u00e9 a les nostres empreses industrials. El proper 9 de desembre, el CDTI i\u00a0<em>amec<\/em>\u00a0realitzaran una presentaci\u00f3 per a les empreses industrials, per tal d&#8217;informar i respondre a tots els dubtes (\u00a0<a href=\"https:\/\/www.amec.es\/es\/pl102\/agenda\/id164\/conoce-las-herramientas-de-financiacion-cdti-con-enfoque-industria.htm\" target=\"_blank\" rel=\"noopener\">inscripcions aqu\u00ed<\/a>\u00a0).<\/strong><\/p>\n<p>Durant la trobada, Fern\u00e1ndez ha intervingut en les dues taules de debat organitzades per tractar els temes d&#8217;Ind\u00fastria i TIC i Agroalimentaci\u00f3 i Salut. Gr\u00e0cies a formar part de la xarxa PIDI,\u00a0<em><strong>amec<\/strong><\/em>\u00a0<strong>respon a totes les preguntes, dubtes i tr\u00e0mits de les empreses industrials<\/strong>\u00a0per accedir a aquests importants fons, a m\u00e9s de dur a terme la pr\u00f2pia sol\u00b7licitud dels ajuts. L&#8217;objectiu\u00a0<em><strong>d&#8217;amec<\/strong><\/em>\u00a0\u00e9s impulsar la innovaci\u00f3 a les empreses industrials per assegurar la seva competitivitat.<\/p>\n","protected":false},"excerpt":{"rendered":"<p>amec\u00a0ha participat aquesta setmana en la primera trobada presencial de tots els membres de la\u00a0xarxa PI + D + I\u00a0de l&#8217;CDTI despr\u00e9s de la pand\u00e8mia.\u00a0amec,\u00a0que compta amb un\u00a0Servei Integral d&#8217;Ajudes P\u00fabliques\u00a0per a les empreses industrials, est\u00e0 acreditada com a membre de la xarxa que dep\u00e8n de CDTI, que organitza aquestes trobades per tal d&#8217;assegurar que [&hellip;]<\/p>\n","protected":false},"author":1,"featured_media":5196,"comment_status":"open","ping_status":"open","sticky":false,"template":"","format":"standard","meta":{"inline_featured_image":false,"footnotes":""},"categories":[30],"tags":[],"class_list":["post-6560","post","type-post","status-publish","format-standard","has-post-thumbnail","hentry","category-croniques"],"acf":[],"_links":{"self":[{"href":"https:\/\/en.amec.es\/index.php\/wp-json\/wp\/v2\/posts\/6560","targetHints":{"allow":["GET"]}}],"collection":[{"href":"https:\/\/en.amec.es\/index.php\/wp-json\/wp\/v2\/posts"}],"about":[{"href":"https:\/\/en.amec.es\/index.php\/wp-json\/wp\/v2\/types\/post"}],"author":[{"embeddable":true,"href":"https:\/\/en.amec.es\/index.php\/wp-json\/wp\/v2\/users\/1"}],"replies":[{"embeddable":true,"href":"https:\/\/en.amec.es\/index.php\/wp-json\/wp\/v2\/comments?post=6560"}],"version-history":[{"count":0,"href":"https:\/\/en.amec.es\/index.php\/wp-json\/wp\/v2\/posts\/6560\/revisions"}],"wp:featuredmedia":[{"embeddable":true,"href":"https:\/\/en.amec.es\/index.php\/wp-json\/"}],"wp:attachment":[{"href":"https:\/\/en.amec.es\/index.php\/wp-json\/wp\/v2\/media?parent=6560"}],"wp:term":[{"taxonomy":"category","embeddable":true,"href":"https:\/\/en.amec.es\/index.php\/wp-json\/wp\/v2\/categories?post=6560"},{"taxonomy":"post_tag","embeddable":true,"href":"https:\/\/en.amec.es\/index.php\/wp-json\/wp\/v2\/tags?post=6560"}],"curies":[{"name":"wp","href":"https:\/\/api.w.org\/{rel}","templated":true}]}}