{"id":6576,"date":"2021-11-30T04:40:25","date_gmt":"2021-11-30T04:40:25","guid":{"rendered":"https:\/\/wecreatedesign.co\/dev\/WP\/amec\/?p=5210"},"modified":"2021-11-30T04:40:25","modified_gmt":"2021-11-30T04:40:25","slug":"la-comissio-tecnica-dinnovacio-destaca-la-importancia-dincorporar-leconomia-circular-estrategicament-a-lempresa","status":"publish","type":"post","link":"https:\/\/en.amec.es\/index.php\/2021\/11\/30\/la-comissio-tecnica-dinnovacio-destaca-la-importancia-dincorporar-leconomia-circular-estrategicament-a-lempresa\/","title":{"rendered":"La Comissi\u00f3 T\u00e8cnica d&#8217;Innovaci\u00f3 destaca la import\u00e0ncia d&#8217;incorporar l&#8217;economia circular estrat\u00e8gicament a l&#8217;empresa"},"content":{"rendered":"<div class=\"portletDetailNoticies\">\n<div class=\"amplada-pagina descripcion\">\n<p>L&#8217;economia circular \u00e9s una gran oportunitat per a empreses industrials. Fins al punt que incorporar la circularitat de forma estrat\u00e8gica ha de ser necess\u00e0ria, no nom\u00e9s a la seva operativa, sin\u00f3 a tota la visi\u00f3 del negoci. Aquesta \u00e9s la conclusi\u00f3 a qu\u00e8 han arribat els membres de la Comissi\u00f3 T\u00e8cnica d&#8217;Innovaci\u00f3 de\u00a0<em><strong>Amec<\/strong><\/em>\u00a0en la seva darrera trobada, que ha tingut lloc aquest mes de novembre.<\/p>\n<p>Aix\u00f2 \u00e9s degut a que\u00a0<strong>\u201cl&#8217;epicentre de les oportunitats de transformaci\u00f3 s&#8217;han de situar a l&#8217;energia, l&#8217;\u00e0mbit on hi ha marge d&#8217;actuaci\u00f3 i millores disruptivament innovadores al sector de b\u00e9ns d&#8217;equip i tecnologia\u201d<\/strong>\u00a0, tal com va destacar de l&#8217;expert en Estrat\u00e8gia de Economia Circular,\u00a0<strong>Ignasi Cubi\u00f1\u00e0<\/strong>\u00a0, que va participar com a convidat a la Comissi\u00f3 d&#8217;Innovaci\u00f3. Per a Cubi\u00f1\u00e0, la difer\u00e8ncia competitiva d&#8217;Europa respecte als EUA i l&#8217;\u00c0sia es troba en aquest \u00e0mbit.<\/p>\n<p>Les empreses van abordar com aplicar aquesta innovaci\u00f3, alhora que van avaluar com l&#8217;augment dels preus de l&#8217;energia afecta l&#8217;activitat industrial en general. Aix\u00ed mateix, els membres de la comissi\u00f3, que presideix\u00a0<strong>Jordi Serrat<\/strong>\u00a0, director de Producte i Tecnologia d&#8217;Azbil Telstar, van tractar la crisi de mat\u00e8ries primeres i de la log\u00edstica, l&#8217;evoluci\u00f3 de la mobilitat i els temes candents que estan afectant l&#8217;operativa de la producci\u00f3, que han condu\u00eft les organitzacions a establir una col\u00b7laboraci\u00f3 m\u00e9s gran amb totes les seves \u00e0rees funcionals i especialment tamb\u00e9 els seus departaments financers per ser m\u00e9s productius i eficients.<\/p>\n<\/div>\n<\/div>\n<div class=\"registre-accions amplada-pagina\">\n<div class=\"addthis_inline_share_toolbox\" data-url=\"https:\/\/www.amec.es\/ca\/amecnews\/cronicas.htm\" data-title=\"La Comissi\u00f3 T\u00e8cnica d'Innovaci\u00f3 destaca la import\u00e0ncia d'incorporar l'economia circular estrat\u00e8gicament a l'empresa\">\n<div id=\"atstbx2\" class=\"at-resp-share-element at-style-responsive addthis-smartlayers addthis-animated at4-show\" role=\"region\" aria-labelledby=\"at-7fc78e38-d24d-4463-85a2-9fa3d807f3cf\"><span id=\"at-7fc78e38-d24d-4463-85a2-9fa3d807f3cf\" class=\"at4-visually-hidden\"><\/span><\/p>\n<div class=\"at-share-btn-elements\"><\/div>\n<\/div>\n<\/div>\n<\/div>\n","protected":false},"excerpt":{"rendered":"<p>L&#8217;economia circular \u00e9s una gran oportunitat per a empreses industrials. Fins al punt que incorporar la circularitat de forma estrat\u00e8gica ha de ser necess\u00e0ria, no nom\u00e9s a la seva operativa, sin\u00f3 a tota la visi\u00f3 del negoci. Aquesta \u00e9s la conclusi\u00f3 a qu\u00e8 han arribat els membres de la Comissi\u00f3 T\u00e8cnica d&#8217;Innovaci\u00f3 de\u00a0Amec\u00a0en la seva [&hellip;]<\/p>\n","protected":false},"author":1,"featured_media":5214,"comment_status":"open","ping_status":"open","sticky":false,"template":"","format":"standard","meta":{"inline_featured_image":false,"footnotes":""},"categories":[30],"tags":[],"class_list":["post-6576","post","type-post","status-publish","format-standard","has-post-thumbnail","hentry","category-croniques"],"acf":[],"_links":{"self":[{"href":"https:\/\/en.amec.es\/index.php\/wp-json\/wp\/v2\/posts\/6576","targetHints":{"allow":["GET"]}}],"collection":[{"href":"https:\/\/en.amec.es\/index.php\/wp-json\/wp\/v2\/posts"}],"about":[{"href":"https:\/\/en.amec.es\/index.php\/wp-json\/wp\/v2\/types\/post"}],"author":[{"embeddable":true,"href":"https:\/\/en.amec.es\/index.php\/wp-json\/wp\/v2\/users\/1"}],"replies":[{"embeddable":true,"href":"https:\/\/en.amec.es\/index.php\/wp-json\/wp\/v2\/comments?post=6576"}],"version-history":[{"count":0,"href":"https:\/\/en.amec.es\/index.php\/wp-json\/wp\/v2\/posts\/6576\/revisions"}],"wp:featuredmedia":[{"embeddable":true,"href":"https:\/\/en.amec.es\/index.php\/wp-json\/wp\/v2\/media\/5214"}],"wp:attachment":[{"href":"https:\/\/en.amec.es\/index.php\/wp-json\/wp\/v2\/media?parent=6576"}],"wp:term":[{"taxonomy":"category","embeddable":true,"href":"https:\/\/en.amec.es\/index.php\/wp-json\/wp\/v2\/categories?post=6576"},{"taxonomy":"post_tag","embeddable":true,"href":"https:\/\/en.amec.es\/index.php\/wp-json\/wp\/v2\/tags?post=6576"}],"curies":[{"name":"wp","href":"https:\/\/api.w.org\/{rel}","templated":true}]}}