{"id":6578,"date":"2021-12-02T04:43:14","date_gmt":"2021-12-02T04:43:14","guid":{"rendered":"https:\/\/wecreatedesign.co\/dev\/WP\/amec\/?p=5225"},"modified":"2021-12-02T04:43:14","modified_gmt":"2021-12-02T04:43:14","slug":"les-empreses-de-amec-expliquen-com-afronten-els-problemes-que-presenta-el-transport-maritim","status":"publish","type":"post","link":"https:\/\/en.amec.es\/index.php\/2021\/12\/02\/les-empreses-de-amec-expliquen-com-afronten-els-problemes-que-presenta-el-transport-maritim\/","title":{"rendered":"Les empreses de Amec expliquen com afronten els problemes que presenta el transport mar\u00edtim"},"content":{"rendered":"<div class=\"portletDetailNoticies\">\n<div class=\"amplada-pagina descripcion\">\nDavant la preocupaci\u00f3 de les empreses industrials sobre\u00a0<strong>com afrontar els problemes de l&#8217;encariment del transport mar\u00edtim i la manca de contenidors<\/strong>\u00a0,\u00a0<em><strong>amec<\/strong><\/em>\u00a0ha organitzat fins a quatre sessions de networking perqu\u00e8 puguin compartir entre elles com estan resolent les dificultats.<\/p>\n<p>En aquestes trobades, el nostre partner\u00a0<strong>JCV Shipping&amp;Solutions<\/strong>\u00a0ha explicat quina \u00e9s la situaci\u00f3 actual, els motius que motiven els preus actuals dels n\u00f2lits i com s&#8217;espera que evolucionin en els propers mesos.<\/p>\n<p>Davant d&#8217;aquest escenari,\u00a0<strong>\u00d3scar Calvo<\/strong>\u00a0, Managing Director de JCV, i\u00a0<strong>Yolanda Calvo<\/strong>\u00a0, Business Development Manager a la companyia, subratllen la import\u00e0ncia que les empreses facin una\u00a0<strong>planificaci\u00f3 a llarg termini<\/strong>\u00a0. Aix\u00ed, durant les sessions de networking, les empreses han compartit qu\u00e8 estan fent per fer front als problemes i quines mesures estan prenent. Als elevats costos se suma a m\u00e9s la falta de contenidors, i els contagis de Covid-19 entre els treballadors dels ports, que fa que no es compleixin els\u00a0<strong>timmings d&#8217;embarcament<\/strong>\u00a0i la mercaderia arribi amb retard al client.\u00a0<strong>&#8220;L&#8217;antelaci\u00f3 \u00e9s la clau per no patir tant els costos i les demores en els enviaments&#8221;<\/strong>\u00a0, ha insistit Calvo. En aquest sentit, les empreses han explicat amb quina previsi\u00f3 de reserves de contenidors estan treballant; quins canvis han aplicat a nivell intern i com duen a terme la negociaci\u00f3 amb el prove\u00efdor i el client; quina efectivitat tenen el transport ferroviari i aeri com a alternatives; i quines altres actuacions estan duent a terme per gestionar de la millor manera aquesta crisi.<\/p>\n<p><strong>&#8220;Aquesta crisi afecta fabricants i clients a nivell mundial: cal perdre la por a l&#8217;increment de preus en les operacions&#8221;<\/strong>\u00a0, ha afirmat la responsable de JCV, que ha incidit que les empreses segueixin confiant en la feina que fan les transit\u00e0ries com intermedi\u00e0ries davant les navilieres.\n<\/div>\n<\/div>\n<div class=\"registre-accions amplada-pagina\">\n<div class=\"addthis_inline_share_toolbox\" style=\"margin: 0px; padding: 0px; border: 0px; outline: 0px; font-weight: inherit; font-style: inherit; clear: both;\" data-url=\"https:\/\/www.amec.es\/ca\/amecnews\/cronicas.htm\" data-title=\"Les empreses de &lt;em&gt;Amec&lt;\/em&gt; expliquen com afronten els problemes que presenta el transport mar\u00edtim\">\n<div id=\"atstbx2\" class=\"at-resp-share-element at-style-responsive addthis-smartlayers addthis-animated at4-show\" role=\"region\" aria-labelledby=\"at-c8f00c88-2885-467b-8d6b-a0ac3afefc3b\"><\/div>\n<\/div>\n<\/div>\n","protected":false},"excerpt":{"rendered":"<p>Davant la preocupaci\u00f3 de les empreses industrials sobre\u00a0com afrontar els problemes de l&#8217;encariment del transport mar\u00edtim i la manca de contenidors\u00a0,\u00a0amec\u00a0ha organitzat fins a quatre sessions de networking perqu\u00e8 puguin compartir entre elles com estan resolent les dificultats. En aquestes trobades, el nostre partner\u00a0JCV Shipping&amp;Solutions\u00a0ha explicat quina \u00e9s la situaci\u00f3 actual, els motius que motiven [&hellip;]<\/p>\n","protected":false},"author":1,"featured_media":5232,"comment_status":"open","ping_status":"open","sticky":false,"template":"","format":"standard","meta":{"inline_featured_image":false,"footnotes":""},"categories":[30],"tags":[],"class_list":["post-6578","post","type-post","status-publish","format-standard","has-post-thumbnail","hentry","category-croniques"],"acf":[],"_links":{"self":[{"href":"https:\/\/en.amec.es\/index.php\/wp-json\/wp\/v2\/posts\/6578","targetHints":{"allow":["GET"]}}],"collection":[{"href":"https:\/\/en.amec.es\/index.php\/wp-json\/wp\/v2\/posts"}],"about":[{"href":"https:\/\/en.amec.es\/index.php\/wp-json\/wp\/v2\/types\/post"}],"author":[{"embeddable":true,"href":"https:\/\/en.amec.es\/index.php\/wp-json\/wp\/v2\/users\/1"}],"replies":[{"embeddable":true,"href":"https:\/\/en.amec.es\/index.php\/wp-json\/wp\/v2\/comments?post=6578"}],"version-history":[{"count":0,"href":"https:\/\/en.amec.es\/index.php\/wp-json\/wp\/v2\/posts\/6578\/revisions"}],"wp:featuredmedia":[{"embeddable":true,"href":"https:\/\/en.amec.es\/index.php\/wp-json\/wp\/v2\/media\/5232"}],"wp:attachment":[{"href":"https:\/\/en.amec.es\/index.php\/wp-json\/wp\/v2\/media?parent=6578"}],"wp:term":[{"taxonomy":"category","embeddable":true,"href":"https:\/\/en.amec.es\/index.php\/wp-json\/wp\/v2\/categories?post=6578"},{"taxonomy":"post_tag","embeddable":true,"href":"https:\/\/en.amec.es\/index.php\/wp-json\/wp\/v2\/tags?post=6578"}],"curies":[{"name":"wp","href":"https:\/\/api.w.org\/{rel}","templated":true}]}}