{"id":6580,"date":"2021-11-26T09:11:55","date_gmt":"2021-11-26T09:11:55","guid":{"rendered":"https:\/\/wecreatedesign.co\/dev\/WP\/amec\/?p=5675"},"modified":"2021-11-26T09:11:55","modified_gmt":"2021-11-26T09:11:55","slug":"les-empreses-fabricants-dequipament-electric-comparteixen-la-seva-situacio-i-les-noves-oportunitats-en-la-trobada-anual-del-sector","status":"publish","type":"post","link":"https:\/\/en.amec.es\/index.php\/2021\/11\/26\/les-empreses-fabricants-dequipament-electric-comparteixen-la-seva-situacio-i-les-noves-oportunitats-en-la-trobada-anual-del-sector\/","title":{"rendered":"Les empreses fabricants d&#8217;equipament el\u00e8ctric comparteixen la seva situaci\u00f3 i les noves oportunitats en la trobada anual del sector"},"content":{"rendered":"<ul>\n<li><strong>&#8220;Estar a prop dels clients ha posicionat millor les empreses locals davant de la compet\u00e8ncia asi\u00e0tica&#8221;, ha afirmat el president d&#8217;\u00a0<em>amec amelec<\/em>\u00a0i director general de COFME, Carlos S\u00e1nchez.<\/strong><\/li>\n<li><strong>El president d&#8217;\u00a0<em>amec amelec<\/em>\u00a0veu les empreses espanyoles &#8220;molt ben posicionades i preparades&#8221; per assumir el repte de l&#8217;electrificaci\u00f3 de la mobilitat. Les infraestructures de rec\u00e0rrega, el desplegament de les quals s&#8217;ha d&#8217;accelerar a Espanya, s\u00f3n un dels sectors amb m\u00e9s potencial de desenvolupament d&#8217;ocupaci\u00f3 i competitivitat en els propers anys.<\/strong><\/li>\n<\/ul>\n<p>&nbsp;<\/p>\n<p><strong>Barcelona, 26 de novembre de 2021.<\/strong>\u00a0Les empreses fabricants d&#8217;equipament el\u00e8ctric de baixa, mitjana i alta tensi\u00f3 s&#8217;han reunit a la celebraci\u00f3 de la\u00a0<strong>Jornada del Sector<\/strong>\u00a0, la cita anual de refer\u00e8ncia organitzada per\u00a0<a href=\"https:\/\/www.amec.es\/es\/miembros\/directorio-d-argrupaciones\/amec-amelec.htm\" data-href=\"https:\/\/www.amec.es\/es\/miembros\/directorio-d-argrupaciones\/amec-amelec.htm\"><strong><em>amec amelec<\/em><\/strong><\/a>\u00a0. Durant la jornada, s&#8217;ha donat a con\u00e8ixer la situaci\u00f3 actual i futura del sector i les noves oportunitats, com les que ofereix el desplegament de la nova mobilitat el\u00e8ctrica, una ind\u00fastria en ple auge que requerir\u00e0 prove\u00efdors en diversos \u00e0mbits i subsectors.<\/p>\n<p>&nbsp;<\/p>\n<p>Les empreses fabricants d&#8217;equipament el\u00e8ctric consideren que el 2021 ser\u00e0, al final, un bon any en conjunt, amb volums de projectes nacionals i internacionals que superaran \u00e0mpliament els del 2020. No obstant,\u00a0<strong>\u201cl&#8217;\u00faltim trimestre s&#8217;ha presentat m\u00e9s complex, amb un important ajustament de marges\u201d<\/strong>\u00a0, com ha explicat el president d&#8217;\u00a0<strong><em>amec amelec<\/em><\/strong>\u00a0i director general de COFME, Carlos S\u00e1nchez a causa de l&#8217;augment de preus de primeres mat\u00e8ries, log\u00edstica i energia. La manca d&#8217;estocs ha portat a m\u00e9s les empreses a fer recollida, cosa que ha provocat m\u00e9s dificultats d&#8217;acc\u00e9s als materials. Estar a prop dels clients ha posicionat millor les empreses locals davant de la compet\u00e8ncia asi\u00e0tica en aquests moments complicats, tal com ha confirmat S\u00e1nchez.<\/p>\n<p>&nbsp;<\/p>\n<p>La pand\u00e8mia ha continuat afectant la mobilitat i el mercat, sobretot en els intercanvis amb l&#8217;Am\u00e8rica Llatina. Els viatges han recuperat a partir del setembre, per\u00f2 nom\u00e9s a pa\u00efsos amb poca incid\u00e8ncia de Covid-19. Les fires digitals no han pogut suplir les presencials, i per aix\u00f2 les empreses industrials\u00a0<strong>\u201ctenen moltes ganes d&#8217;assistir a les grans cites tradicionals\u201d<\/strong>\u00a0, com ha constatat el responsable d&#8217;\u00a0<strong><em>amec amelec<\/em><\/strong>\u00a0, Josep Maria Borr\u00e0s.<\/p>\n<p>&nbsp;<\/p>\n<p>En aquest sentit, per al 2022 el sector compta amb diverses cites imprescindibles, com s\u00f3n la MEE de Dubai i LIGHT &amp; BUILDING de Frankfurt al mar\u00e7; HANNOVER MESSE a l&#8217;abril; CIGRE de Par\u00eds a finals d&#8217;agost; i Epower &amp; Building (Madrid) al novembre. Aix\u00ed mateix,\u00a0<strong><em>amec<\/em><\/strong>\u00a0est\u00e0 organitzant un gran esdeveniment de prescripci\u00f3 de material el\u00e8ctric, l&#8217;EPC Show, amb pa\u00efsos de Middle East i Nord d&#8217;\u00c0frica per al febrer del 2022. Altres activitats del calendari anual seran missions empresarials virtuals a diversos mercats d&#8217;inter\u00e8s; aix\u00ed com les trobades de networking que l&#8217;entitat organitzar\u00e0 per compartir temes que preocupen el sector i sumar-hi capacitats. Aix\u00ed mateix, els temes clau i reptes que han d&#8217;abordar les empreses industrials seran com adaptar-se als canvis, la sostenibilitat, la ciberseguretat, el nou lideratge, posicionar-se als nous canals digitals, la captaci\u00f3 del talent i la col\u00b7laboraci\u00f3 entre les empreses. Sobre tots\u00a0<strong><em>amec<\/em><\/strong>\u00a0ofereix suport a trav\u00e9s de formacions espec\u00edfiques.<\/p>\n<p>&nbsp;<\/p>\n<p>El proper any\u00a0<strong>&#8220;es preveu que segueixi estant marcat per la incertesa&#8221;<\/strong>\u00a0, ha incidit el responsable d&#8217;\u00a0<strong><em>amec amelec<\/em><\/strong>\u00a0, Josep Maria Borr\u00e0s, en un mercat on cal posicionar-se invertint en digitalitzaci\u00f3, factor que la ind\u00fastria veu com una palanca per potenciar moltes \u00e0rees funcionals. En aquest cam\u00ed cap a una major competitivitat, a l&#8217;actual escenari tamb\u00e9 cal dedicar recursos a la innovaci\u00f3, per la qual cosa les empreses industrials poden clarament recolzar-se en les subvencions i ajudes p\u00fabliques. Davant del gran volum d&#8217;informaci\u00f3 i la manca de coneixement sobre com aprofitar-les de la millor forma,\u00a0<strong><em>amec<\/em><\/strong>\u00a0duu a terme un extens treball, proporcionant a les empreses els ajuts que m\u00e9s s&#8217;adapten a les seves caracter\u00edstiques i facilitant-hi l&#8217;acc\u00e9s.<\/p>\n<p>&nbsp;<\/p>\n<p><strong>Les grans oportunitats entorn de la nova ind\u00fastria del Vehicle El\u00e8ctric<\/strong><\/p>\n<p><strong>\u00a0<\/strong><\/p>\n<p>La Jornada del Sector, en qu\u00e8 s&#8217;ha donat la benvinguda a dos nous membres a la comunitat, com s\u00f3n\u00a0<strong>Famatel i Interflex<\/strong>\u00a0, ha servit a m\u00e9s per tractar quines s\u00f3n les grans oportunitats de la ind\u00fastria fabricant de material el\u00e8ctric. El sector es troba sens dubte davant d&#8217;un nou mercat que est\u00e0 a punt d&#8217;enlairar-se: el de l&#8217;electrificaci\u00f3 de la mobilitat, mitjan\u00e7ant el desplegament del vehicle el\u00e8ctric i totes les infraestructures que requerir\u00e0. \u00c9s per aix\u00f2 que s&#8217;ha convidat a Arturo P\u00e9rez, director general d&#8217;AEDIVE, l&#8217;Associaci\u00f3 Empresarial per al Desenvolupament i Impuls de la Mobilitat El\u00e8ctrica, que ha fet una descripci\u00f3 detallada de quina \u00e9s la situaci\u00f3 actual del desplegament de la mobilitat el\u00e8ctrica i ha avan\u00e7at com es preveu que evolucioni, detallant quines s\u00f3n les necessitats que han de cobrir les empreses del sector. Per a P\u00e9rez,\u00a0<strong>\u201cles infraestructures de rec\u00e0rrega, el desplegament de les quals s&#8217;ha d&#8217;accelerar a Espanya, s\u00f3n un dels sectors amb m\u00e9s potencial de desenvolupament d&#8217;ocupaci\u00f3 i competitivitat en els propers anys\u201d<\/strong>\u00a0.<\/p>\n<p>&nbsp;<\/p>\n<p>El president d&#8217;\u00a0<strong><em>amec amelec<\/em><\/strong>\u00a0i director general de COFME ha afirmat que les empreses espanyoles estan molt ben posicionades i molt preparades per assumir el repte de l&#8217;electrificaci\u00f3 de la mobilitat, ja que el pa\u00eds compta amb un ecosistema industrial i tecnol\u00f2gic de primer nivell. en el desenvolupament i la fabricaci\u00f3 de punts de rec\u00e0rrega, convertidors de pot\u00e8ncia i transformadors.<\/p>\n<p>&nbsp;<\/p>\n<p>Tot i aix\u00f2, tal com ha explicat AEDIVE, hi ha barreres a nivell regulatori ia nivell de mercat, per la necessitat d&#8217;instal\u00b7lar punts de rec\u00e0rrega i els problemes que a la pr\u00e0ctica es troben les empreses en la concessi\u00f3 de llic\u00e8ncies i permisos per part de les diferents administracions p\u00fabliques. Unes dificultats que la ind\u00fastria ja intenta solucionar juntament amb l&#8217;administraci\u00f3.<\/p>\n<p>&nbsp;<\/p>\n<p><strong><em>amec<\/em><\/strong>\u00a0<strong>impulsa els nous factors clau de competitivitat a les empreses<\/strong><\/p>\n<p>La comunitat de les empreses industrials internacionalitzades\u00a0<strong><em>amec<\/em><\/strong>\u00a0impulsa els\u00a0<a href=\"https:\/\/www.youtube.com\/watch?v=SDztjgsQdBk&amp;feature=youtu.be\">nous factors clau de competitivitat a les empreses a Espanya<\/a>\u00a0:\u00a0<strong>anticipaci\u00f3, adaptabilitat, col\u00b7laboraci\u00f3, glocalitzaci\u00f3 i sostenibilitat<\/strong>\u00a0. Les empreses que formen part d&#8217;\u00a0<strong><em>amec<\/em><\/strong>\u00a0generen un volum d&#8217;exportaci\u00f3 superior als 6.200 milions d&#8217;euros, exporten de mitjana el 53,6% de la facturaci\u00f3 i inverteixen el 3,9% en innovaci\u00f3.<\/p>\n<p>&nbsp;<\/p>\n<p><strong>Per a m\u00e9s informaci\u00f3 i entrevistes:<\/strong><\/p>\n<p>Gl\u00f2ria Ayuso<\/p>\n<p>Gloria.ayuso@ga-binet.com<\/p>\n<p>Tel. 654 60 95 18<\/p>\n","protected":false},"excerpt":{"rendered":"<p>&#8220;Estar a prop dels clients ha posicionat millor les empreses locals davant de la compet\u00e8ncia asi\u00e0tica&#8221;, ha afirmat el president d&#8217;\u00a0amec amelec\u00a0i director general de COFME, Carlos S\u00e1nchez. El president d&#8217;\u00a0amec amelec\u00a0veu les empreses espanyoles &#8220;molt ben posicionades i preparades&#8221; per assumir el repte de l&#8217;electrificaci\u00f3 de la mobilitat. Les infraestructures de rec\u00e0rrega, el desplegament [&hellip;]<\/p>\n","protected":false},"author":1,"featured_media":0,"comment_status":"open","ping_status":"open","sticky":false,"template":"","format":"standard","meta":{"inline_featured_image":false,"footnotes":""},"categories":[28],"tags":[],"class_list":["post-6580","post","type-post","status-publish","format-standard","hentry","category-notes-de-premsa"],"acf":[],"_links":{"self":[{"href":"https:\/\/en.amec.es\/index.php\/wp-json\/wp\/v2\/posts\/6580","targetHints":{"allow":["GET"]}}],"collection":[{"href":"https:\/\/en.amec.es\/index.php\/wp-json\/wp\/v2\/posts"}],"about":[{"href":"https:\/\/en.amec.es\/index.php\/wp-json\/wp\/v2\/types\/post"}],"author":[{"embeddable":true,"href":"https:\/\/en.amec.es\/index.php\/wp-json\/wp\/v2\/users\/1"}],"replies":[{"embeddable":true,"href":"https:\/\/en.amec.es\/index.php\/wp-json\/wp\/v2\/comments?post=6580"}],"version-history":[{"count":0,"href":"https:\/\/en.amec.es\/index.php\/wp-json\/wp\/v2\/posts\/6580\/revisions"}],"wp:attachment":[{"href":"https:\/\/en.amec.es\/index.php\/wp-json\/wp\/v2\/media?parent=6580"}],"wp:term":[{"taxonomy":"category","embeddable":true,"href":"https:\/\/en.amec.es\/index.php\/wp-json\/wp\/v2\/categories?post=6580"},{"taxonomy":"post_tag","embeddable":true,"href":"https:\/\/en.amec.es\/index.php\/wp-json\/wp\/v2\/tags?post=6580"}],"curies":[{"name":"wp","href":"https:\/\/api.w.org\/{rel}","templated":true}]}}