{"id":6588,"date":"2021-12-16T12:36:23","date_gmt":"2021-12-16T12:36:23","guid":{"rendered":"https:\/\/wecreatedesign.co\/dev\/WP\/amec\/?p=5042"},"modified":"2021-12-16T12:36:23","modified_gmt":"2021-12-16T12:36:23","slug":"la-informacio-el-futur-de-la-industria-made-in-spain-passa-pel-mercat-dels-eua-i-franca","status":"publish","type":"post","link":"https:\/\/en.amec.es\/index.php\/2021\/12\/16\/la-informacio-el-futur-de-la-industria-made-in-spain-passa-pel-mercat-dels-eua-i-franca\/","title":{"rendered":"La Informaci\u00f3: El futur de la ind\u00fastria &#8216;made in Spain&#8217; passa pel mercat dels EUA i Fran\u00e7a"},"content":{"rendered":"<p><img fetchpriority=\"high\" decoding=\"async\" src=\"http:\/\/wecreatedesign.co\/dev\/WP\/amec\/wp-content\/uploads\/2023\/03\/20211213-la-informacion-ranking-redim-w800-h1622.png\" alt=\"20211213-La Informaci\u00f3-Ranking.png\" width=\"800\" height=\"1622\" \/><\/p>\n","protected":false},"excerpt":{"rendered":"","protected":false},"author":1,"featured_media":0,"comment_status":"open","ping_status":"open","sticky":false,"template":"","format":"standard","meta":{"inline_featured_image":false,"footnotes":""},"categories":[25],"tags":[],"class_list":["post-6588","post","type-post","status-publish","format-standard","hentry","category-amec-als-mitjans"],"acf":[],"_links":{"self":[{"href":"https:\/\/en.amec.es\/index.php\/wp-json\/wp\/v2\/posts\/6588","targetHints":{"allow":["GET"]}}],"collection":[{"href":"https:\/\/en.amec.es\/index.php\/wp-json\/wp\/v2\/posts"}],"about":[{"href":"https:\/\/en.amec.es\/index.php\/wp-json\/wp\/v2\/types\/post"}],"author":[{"embeddable":true,"href":"https:\/\/en.amec.es\/index.php\/wp-json\/wp\/v2\/users\/1"}],"replies":[{"embeddable":true,"href":"https:\/\/en.amec.es\/index.php\/wp-json\/wp\/v2\/comments?post=6588"}],"version-history":[{"count":0,"href":"https:\/\/en.amec.es\/index.php\/wp-json\/wp\/v2\/posts\/6588\/revisions"}],"wp:attachment":[{"href":"https:\/\/en.amec.es\/index.php\/wp-json\/wp\/v2\/media?parent=6588"}],"wp:term":[{"taxonomy":"category","embeddable":true,"href":"https:\/\/en.amec.es\/index.php\/wp-json\/wp\/v2\/categories?post=6588"},{"taxonomy":"post_tag","embeddable":true,"href":"https:\/\/en.amec.es\/index.php\/wp-json\/wp\/v2\/tags?post=6588"}],"curies":[{"name":"wp","href":"https:\/\/api.w.org\/{rel}","templated":true}]}}