{"id":6608,"date":"2022-01-28T04:31:19","date_gmt":"2022-01-28T04:31:19","guid":{"rendered":"https:\/\/wecreatedesign.co\/dev\/WP\/amec\/?p=5161"},"modified":"2022-01-28T04:31:19","modified_gmt":"2022-01-28T04:31:19","slug":"amec-assessora-a-la-confederacio-dempreses-tunisines-conect","status":"publish","type":"post","link":"https:\/\/en.amec.es\/index.php\/2022\/01\/28\/amec-assessora-a-la-confederacio-dempreses-tunisines-conect\/","title":{"rendered":"amec assessora a la confederaci\u00f3 d&#8217;empreses tunisines CONECT"},"content":{"rendered":"<div class=\"amplada-pagina descripcion\">\n<p><em><strong><img fetchpriority=\"high\" decoding=\"async\" src=\"http:\/\/wecreatedesign.co\/dev\/WP\/amec\/wp-content\/uploads\/2023\/03\/amec-conect-2-redim-w600-h445.png\" alt=\"amec-conect-2.png\" width=\"600\" height=\"445\" \/>amec<\/strong><\/em>\u00a0ha dut a terme consultoria t\u00e8cnica i una tasca d&#8217;assessorament a la confederaci\u00f3 d&#8217;empreses tunisiana\u00a0<a href=\"https:\/\/www.conect.org.tn\/\" target=\"_blank\" rel=\"noopener\">CONECT<\/a>\u00a0. A trav\u00e9s d&#8217;aquest intercanvi,\u00a0<em><strong>Amec<\/strong><\/em>\u00a0transfereix coneixements i bones pr\u00e0ctiques a CONECT, a les \u00e0rees tem\u00e0tiques del projecte com s\u00f3n internacionalitzaci\u00f3, fidelitzaci\u00f3 d&#8217;empreses, planificaci\u00f3 estrat\u00e8gica, talent i digitalitzaci\u00f3, entre d&#8217;altres. L&#8217;objectiu \u00e9s implementar noves metodologies de governan\u00e7a a CONECT dotant-los d&#8217;una competitivitat m\u00e9s gran.<\/p>\n<p>&nbsp;<\/p>\n<p>Aquesta acci\u00f3 s&#8217;emmarca en el programa\u00a0<a href=\"http:\/\/ebsomed.eu\/\" target=\"_blank\" rel=\"noopener\">EBSOMED<\/a>\u00a0d&#8217;enfortiment d&#8217;organitzacions empresarials als pa\u00efsos del sud de la Mediterr\u00e0nia cofinan\u00e7at per la Uni\u00f3 Europea, on participa a trav\u00e9s del projecte Peer Learning la xarxa\u00a0<a href=\"https:\/\/anima.coop\/en\/\" target=\"_blank\" rel=\"noopener\">ANIMA<\/a>\u00a0, l&#8217;alian\u00e7a d&#8217;ag\u00e8ncies de promoci\u00f3 i desenvolupament econ\u00f2mic de els pa\u00efsos del Mediterrani amb seu a Marsella, de la qual forma part\u00a0<strong><em>amec<\/em><\/strong>\u00a0.<\/p>\n<p>&nbsp;<\/p>\n<p>Durant el 2021\u00a0<strong><em>, amec<\/em><\/strong>\u00a0ha centrat el seu assessorament a CONECT en la millora de la seva estrat\u00e8gia i pol\u00edtica de captaci\u00f3 i fidelitzaci\u00f3 d&#8217;associats i membres. Aix\u00ed, ha realitzat un diagn\u00f2stic de l&#8217;estat de la pol\u00edtica de fidelitzaci\u00f3 a CONECT per despr\u00e9s adaptar una proposta i metodologia de treball per a l&#8217;entitat tunisiana. Gr\u00e0cies a aquest projecte,\u00a0<em><strong>amec<\/strong><\/em>\u00a0i CONECT han tingut l&#8217;oportunitat de con\u00e8ixer els seus\u00a0<em>best practices<\/em>\u00a0, i han\u00a0<strong>generat sinergies per a possibles col\u00b7laboracions futures entre els seus membres i empreses<\/strong>\u00a0.<\/p>\n<\/div>\n","protected":false},"excerpt":{"rendered":"<p>amec\u00a0ha dut a terme consultoria t\u00e8cnica i una tasca d&#8217;assessorament a la confederaci\u00f3 d&#8217;empreses tunisiana\u00a0CONECT\u00a0. A trav\u00e9s d&#8217;aquest intercanvi,\u00a0Amec\u00a0transfereix coneixements i bones pr\u00e0ctiques a CONECT, a les \u00e0rees tem\u00e0tiques del projecte com s\u00f3n internacionalitzaci\u00f3, fidelitzaci\u00f3 d&#8217;empreses, planificaci\u00f3 estrat\u00e8gica, talent i digitalitzaci\u00f3, entre d&#8217;altres. L&#8217;objectiu \u00e9s implementar noves metodologies de governan\u00e7a a CONECT dotant-los d&#8217;una competitivitat [&hellip;]<\/p>\n","protected":false},"author":1,"featured_media":5162,"comment_status":"open","ping_status":"open","sticky":false,"template":"","format":"standard","meta":{"inline_featured_image":false,"footnotes":""},"categories":[27],"tags":[],"class_list":["post-6608","post","type-post","status-publish","format-standard","has-post-thumbnail","hentry","category-actualitat"],"acf":[],"_links":{"self":[{"href":"https:\/\/en.amec.es\/index.php\/wp-json\/wp\/v2\/posts\/6608","targetHints":{"allow":["GET"]}}],"collection":[{"href":"https:\/\/en.amec.es\/index.php\/wp-json\/wp\/v2\/posts"}],"about":[{"href":"https:\/\/en.amec.es\/index.php\/wp-json\/wp\/v2\/types\/post"}],"author":[{"embeddable":true,"href":"https:\/\/en.amec.es\/index.php\/wp-json\/wp\/v2\/users\/1"}],"replies":[{"embeddable":true,"href":"https:\/\/en.amec.es\/index.php\/wp-json\/wp\/v2\/comments?post=6608"}],"version-history":[{"count":0,"href":"https:\/\/en.amec.es\/index.php\/wp-json\/wp\/v2\/posts\/6608\/revisions"}],"wp:featuredmedia":[{"embeddable":true,"href":"https:\/\/en.amec.es\/index.php\/wp-json\/wp\/v2\/media\/5162"}],"wp:attachment":[{"href":"https:\/\/en.amec.es\/index.php\/wp-json\/wp\/v2\/media?parent=6608"}],"wp:term":[{"taxonomy":"category","embeddable":true,"href":"https:\/\/en.amec.es\/index.php\/wp-json\/wp\/v2\/categories?post=6608"},{"taxonomy":"post_tag","embeddable":true,"href":"https:\/\/en.amec.es\/index.php\/wp-json\/wp\/v2\/tags?post=6608"}],"curies":[{"name":"wp","href":"https:\/\/api.w.org\/{rel}","templated":true}]}}