{"id":6618,"date":"2022-02-04T09:28:50","date_gmt":"2022-02-04T09:28:50","guid":{"rendered":"https:\/\/wecreatedesign.co\/dev\/WP\/amec\/?p=5693"},"modified":"2022-02-04T09:28:50","modified_gmt":"2022-02-04T09:28:50","slug":"amec-organitza-la-primera-trobada-internacional-de-la-prescripcio-de-material-electric","status":"publish","type":"post","link":"https:\/\/en.amec.es\/index.php\/2022\/02\/04\/amec-organitza-la-primera-trobada-internacional-de-la-prescripcio-de-material-electric\/","title":{"rendered":"amec organitza la primera trobada internacional de la prescripci\u00f3 de material el\u00e8ctric"},"content":{"rendered":"<div class=\"columna-contingut-int\">\n<div class=\"portletDetailNoticies\">\n<div class=\"amplada-pagina descripcion\">\n<p><strong>Barcelona, 3 de febrer del 2022.<\/strong>\u00a0Barcelona acollir\u00e0 la primera trobada internacional de la prescripci\u00f3 de material el\u00e8ctric. Es tracta d&#8217;\u00a0<a href=\"https:\/\/www.amec.es\/es\/pl102\/agenda\/id169\/the-epc-show-2022.htm\" target=\"_blank\" rel=\"noopener\"><strong>EPC Show<\/strong><\/a>\u00a0, que tindr\u00e0 lloc el 16 i 17 de febrer.\u00a0<strong><em>amec amelec<\/em><\/strong>\u00a0ha organitzat aquest esdeveniment, obert a la participaci\u00f3 de totes les empreses espanyoles del sector, que podran contactar directament amb prescriptors claus a nivell internacional. Durant dos dies, les empreses de material el\u00e8ctric espanyoles podran mostrar en reunions B2B els seus productes i innovacions davant dels potencials clients de car\u00e0cter global.<\/p>\n<p>&nbsp;<\/p>\n<p>Institucions, administracions p\u00fabliques i governs s\u00f3n els clients finals d&#8217;un sector on les empreses s&#8217;han d&#8217;adre\u00e7ar als diferents prescriptors a cada pa\u00eds:\u00a0<strong>enginyeries, constructores, instal\u00b7ladors i empreses d&#8217;arquitectura.<\/strong>\u00a0Per tal de facilitar l&#8217;acc\u00e9s a aquests prescriptors i amb aix\u00f2 poder optar nous projectes internacionals,\u00a0<strong><em>amec amelec<\/em><\/strong>\u00a0, com a referent del sector a Espanya, ha organitzat la primera trobada, que se celebrar\u00e0 de forma presencial. Aquests prescriptors internacionals aniran a Barcelona i durant dos dies presentaran els projectes que preveuen desenvolupar als seus respectius pa\u00efsos, i despr\u00e9s coneixeran els fabricants del sector a Espanya i tot el que poden aportar a cadascun dels seus projectes. Entre els prescriptors que acudiran hi ha un dels cinc operadors m\u00e9s grans d&#8217;Ar\u00e0bia Saudita, aix\u00ed com una consultoria integral al mateix pa\u00eds per a diferents projectes; el prove\u00efdor de material el\u00e8ctric dels principals macroprojectes a Egipte, aix\u00ed com lempresa privada eg\u00edpcia l\u00edder en projectes denginyeria i construcci\u00f3 a gran escala, materials de construcci\u00f3 i solucions el\u00e8ctriques clau en m\u00e0. Les empreses espanyoles tamb\u00e9 es podran reunir amb l&#8217;empresa l\u00edder a Qatar a proveir materials de construcci\u00f3 i amb l&#8217;empresa p\u00fablica qatariana encarregada de dur a terme tota mena de projectes al voltant de les grans infraestructures del pa\u00eds. Tamb\u00e9 entraran en contacte directe amb una empresa especialitzada en estudis arquitect\u00f2nics i t\u00e8cnics, prescripci\u00f3 d&#8217;obres i equips i control de les obres en projectes de construcci\u00f3 a Alg\u00e8ria; aix\u00ed com una empresa especialitzada en la importaci\u00f3 i revenda de productes d&#8217;il\u00b7luminaci\u00f3 i equips industrials. Un altre dels grans prescriptors que aniran a Barcelona \u00e9s l&#8217;empresa estatal del Marroc que s&#8217;ocupa de generar i transportar l&#8217;energia el\u00e8ctrica a tot el territori marroqu\u00ed.<\/p>\n<p>&nbsp;<\/p>\n<p>Aquest esdeveniment t\u00e9 la vocaci\u00f3 de celebrar-se anualment.\u00a0<strong>\u201cEn aquesta primera edici\u00f3, ens centrem en prescriptors del Marroc, Alg\u00e8ria, Egipte, Ar\u00e0bia Saudita i Qatar pel seu gran atractiu, ja que es tracta de pa\u00efsos que estan desenvolupant macroprojectes. S\u00f3n pa\u00efsos propers, amb els quals ja hi ha una relaci\u00f3, i coneixen la qualitat i el servei que ofereixen les empreses espanyoles del sector de la construcci\u00f3 i material el\u00e8ctric\u201d<\/strong>\u00a0, explica el responsable d&#8217;\u00a0<strong><em>amec amelec<\/em><\/strong>\u00a0, Josep Maria Borr\u00e0s.\u00a0<strong>\u201cPer posar un exemple, Egipte est\u00e0 construint en temps r\u00e8cord una nova capital administrativa en substituci\u00f3 del Caire, una megaurb en situaci\u00f3 de col\u00b7lapse. Aquestes grans obres requereixen, a m\u00e9s de multimilion\u00e0ries inversions, la intervenci\u00f3 d&#8217;empreses de diferents sectors\u201d<\/strong>\u00a0, afegeix Borr\u00e0s.<\/p>\n<p>&nbsp;<\/p>\n<p>EPC Show, que respon a les sigles Engineering, Procurement, Construction, es vol erigir com a espai de refer\u00e8ncia per poder augmentar la pres\u00e8ncia d&#8217;empreses petites i mitjanes en aquests grans projectes, atesa l&#8217;alta qualitat del servei que presten. S\u00f3n empreses petites i mitjanes de primer nivell amb tecnologia que s&#8217;adapta a totes les necessitats.<\/p>\n<p>&nbsp;<\/p>\n<p><a href=\"https:\/\/www.amec.es\/es\/pl102\/agenda\/id169\/the-epc-show-2022.htm\" target=\"_blank\" rel=\"noopener\"><img fetchpriority=\"high\" decoding=\"async\" src=\"http:\/\/wecreatedesign.co\/dev\/WP\/amec\/wp-content\/uploads\/2023\/03\/epc-show-redim-w732-h533.jpg\" alt=\"EPC-show.JPG\" width=\"732\" height=\"533\" \/><\/a><\/p>\n<p>&nbsp;<\/p>\n<p><strong>Noves cites: Middle East Energy Dubai i la fira Egypt Energy<\/strong><\/p>\n<p>D&#8217;altra banda,\u00a0<strong><em>amec amelec<\/em><\/strong>\u00a0tamb\u00e9 est\u00e0 organitzant el pavell\u00f3 espanyol de la fira Middle East Energy, que tindr\u00e0 lloc del 7 al 9 de mar\u00e7 a Dubai, mitjan\u00e7ant la participaci\u00f3 de les empreses del sector. El contacte previ amb prescriptors d&#8217;aquest mercat a EPC Show permetr\u00e0 a les empreses consolidar despr\u00e9s al pa\u00eds les propostes en la participaci\u00f3 de possibles projectes en marxa.<\/p>\n<p>&nbsp;<\/p>\n<p>At\u00e8s l&#8217;inter\u00e8s que desperta el pa\u00eds i la gran quantitat de projectes en marxa, amec amelec tamb\u00e9 est\u00e0 contemplat la pres\u00e8ncia d&#8217;empreses espanyoles a la fira Egypt Energy del Caire, que tindr\u00e0 lloc del 30 d&#8217;octubre a l&#8217;1 de novembre.<\/p>\n<p>&nbsp;<\/p>\n<p><a href=\"https:\/\/www.amec.es\/es\/miembros\/directorio-d-argrupaciones\/amec-urbis.htm\" data-href=\"https:\/\/www.amec.es\/es\/miembros\/directorio-d-argrupaciones\/amec-urbis.htm\"><strong><em>amec amelec<\/em><\/strong><\/a>\u00a0\u00e9s la comunitat que integra els fabricants espanyols dequipament el\u00e8ctric de baixa, mitjana i alta tensi\u00f3. La col\u00b7laboraci\u00f3 entre els nostres membres \u00e9s clau per fer front a la transformaci\u00f3 del sector amb noves estrat\u00e8gies que passen per la innovaci\u00f3, l&#8217;adopci\u00f3 dels nous factors clau de competitivitat i la internacionalitzaci\u00f3.<\/p>\n<p><strong><em>\u00a0<\/em><\/strong><\/p>\n<p><strong><em>amec<\/em><\/strong>\u00a0<strong>impulsa els nous factors clau de competitivitat a les empreses<\/strong><\/p>\n<p>La comunitat de les empreses industrials internacionalitzades\u00a0<strong><em>amec<\/em><\/strong>\u00a0impulsa els\u00a0<a href=\"https:\/\/www.youtube.com\/watch?v=SDztjgsQdBk&amp;feature=youtu.be\">nous factors clau de competitivitat a les empreses a Espanya<\/a>\u00a0:\u00a0<strong>anticipaci\u00f3, adaptabilitat, col\u00b7laboraci\u00f3, glocalitzaci\u00f3 i sostenibilitat<\/strong>\u00a0. Les empreses que formen part d&#8217;\u00a0<strong><em>amec<\/em><\/strong>\u00a0generen un volum d&#8217;exportaci\u00f3 superior als 6.200 milions d&#8217;euros, exporten de mitjana el 53,6% de la facturaci\u00f3 i inverteixen el 3,9% en innovaci\u00f3.<\/p>\n<p>&nbsp;<\/p>\n<p>&nbsp;<\/p>\n<p><strong>Per a m\u00e9s informaci\u00f3 i entrevistes:<\/strong><\/p>\n<p>Gl\u00f2ria Ayuso Tel. 654 60 95 18<\/p>\n<p><a href=\"mailto:Gloria.ayuso@ga-binet.com\">Gl\u00f2ria.ayuso@ga-binet.com<\/a><\/p>\n<\/div>\n<\/div>\n<div class=\"registre-accions amplada-pagina\">\n<div class=\"addthis_inline_share_toolbox\" style=\"margin: 0px; padding: 0px; border: 0px; outline: 0px; font-weight: inherit; font-style: inherit; clear: both;\" data-url=\"https:\/\/www.amec.es\/ca\/pl191\/amecnews\/notas-de-prensa\/id902\/amec-organiza-el-primer-encuentro-internacional-de-la-prescripcion-de-material-electrico.htm?fcat_191=378\" data-title=\"&lt;em&gt;amec&lt;\/em&gt; organitza la primera trobada internacional de la prescripci\u00f3 de material el\u00e8ctric\" data-description=\"Barcelona, 3 de febrer del 2022. Barcelona acollir\u00e0 la primera trobada internacional de la prescripci\u00f3 de material el\u00e8ctric. Es tracta d' EPC Show , que tindr\u00e0 lloc el 16 i 17 de febrer. amec amelec ha organitzat aquest esdeveniment, obert a la participaci\u00f3 de totes les empreses espanyoles del sector, que podran contactar directament amb prescriptors claus a nivell internacional. Durant dos dies, les empreses de material el\u00e8ctric espanyoles podran mostrar en reunions B2B els seus productes...\">\n<div id=\"atstbx\" class=\"at-resp-share-element at-style-responsive addthis-smartlayers addthis-animated at4-show\" role=\"region\" aria-labelledby=\"at-5380ff9c-d500-411b-81c2-d161c4096d3d\"><span id=\"at-5380ff9c-d500-411b-81c2-d161c4096d3d\" class=\"at4-visually-hidden\"><\/span><\/p>\n<div class=\"at-share-btn-elements\"><\/div>\n<\/div>\n<\/div>\n<\/div>\n<\/div>\n<div id=\"registres-relacionats\" class=\"registres-relacionats\">\n<div class=\"amplada-pagina\">\n<div class=\"gallery-controls\"><\/div>\n<div class=\"portlet-relacionat\">\n<h2 class=\"main_title\">Not\u00edcies relacionades<\/h2>\n<p><a name=\"portlet199\"><\/a><\/p>\n<div class=\"amplada-pagina amplada-pagina-marges \">\n<ul id=\"portlet-199\" class=\"infinite-scroll llista-portada-amb-imatges interior tres_columnes\" data-pl=\"199\" data-pageid=\"184\" data-topicid=\"0\">\n<li>\n<div class=\"llista-img-sup\"><a title=\"Gran \u00e8xit a The EPC Show: 90 reunions B2B amb prescriptors d'inter\u00e8s alt\u00edssim\" href=\"https:\/\/www.amec.es\/ca\/pl199\/amecnews\/noticias\/id927\/gran-exito-en-the-epc-show-90-reuniones-b2b-con-prescriptores-de-altisimo-interes.htm\" data-href=\"\/ca\/pl199\/amecnews\/noticias\/id927\/gran-exito-en-the-epc-show-90-reuniones-b2b-con-prescriptores-de-altisimo-interes.htm\"><img decoding=\"async\" src=\"http:\/\/wecreatedesign.co\/dev\/WP\/amec\/wp-content\/uploads\/2023\/03\/epc-show-2022-2-redim-prop66-enc-w480-h320-1.jpg\" alt=\"EPC-Show-2022-2\" width=\"480\" height=\"320\" \/><\/a><\/div>\n<div class=\"llista-contingut\">\n<p class=\"categoria\">CR\u00d2NIQUES<\/p>\n<p><a class=\"titolblau21\" title=\"Gran \u00e8xit a The EPC Show: 90 reunions B2B amb prescriptors d'inter\u00e8s alt\u00edssim\" href=\"https:\/\/www.amec.es\/ca\/pl199\/amecnews\/noticias\/id927\/gran-exito-en-the-epc-show-90-reuniones-b2b-con-prescriptores-de-altisimo-interes.htm\" data-href=\"\/ca\/pl199\/amecnews\/noticias\/id927\/gran-exito-en-the-epc-show-90-reuniones-b2b-con-prescriptores-de-altisimo-interes.htm\">Gran \u00e8xit a The EPC Show: 90 reunions B2B amb prescriptors d&#8217;inter\u00e8s alt\u00edssim<\/a><\/p>\n<p><a class=\"textegrisfosc14\" title=\"Gran \u00e8xit a The EPC Show: 90 reunions B2B amb prescriptors d'inter\u00e8s alt\u00edssim\" href=\"https:\/\/www.amec.es\/ca\/pl199\/amecnews\/noticias\/id927\/gran-exito-en-the-epc-show-90-reuniones-b2b-con-prescriptores-de-altisimo-interes.htm\" data-href=\"\/ca\/pl199\/amecnews\/noticias\/id927\/gran-exito-en-the-epc-show-90-reuniones-b2b-con-prescriptores-de-altisimo-interes.htm\">25 de febrer de 2022<\/a><\/p>\n<\/div>\n<\/li>\n<li>\n<div class=\"llista-img-sup\"><a style=\"margin: 0px; padding: 0px; border: 0px; outline: 0px; font-weight: bold; font-style: inherit; text-decoration: none; cursor: pointer; color: #002e84;\" title=\"&lt;em&gt;amec&lt;\/em&gt; renova l'acord de col\u00b7laboraci\u00f3 amb la fira Middle East despr\u00e9s de la seva reeixida celebraci\u00f3\" href=\"https:\/\/www.amec.es\/ca\/pl199\/amecnews\/noticias\/id951\/fira-middle-east.htm\" data-href=\"\/ca\/pl199\/amecnews\/noticias\/id951\/fira-middle-east.htm\"><img decoding=\"async\" src=\"http:\/\/wecreatedesign.co\/dev\/WP\/amec\/wp-content\/uploads\/2023\/03\/middle-east-energy-redim-prop66-enc-w480-h320-1.png\" alt=\"Middle-East-Energy-\" width=\"480\" height=\"320\" \/><\/a><\/div>\n<div class=\"llista-contingut\">\n<p class=\"categoria\">ACTUALITAT<\/p>\n<p><a class=\"titolblau21\" style=\"margin: 0px; padding: 0px; border: 0px; outline: 0px; font-weight: bold; font-style: inherit; text-decoration: none; cursor: pointer; color: #002e84; font-size: 21px;\" title=\"&lt;em&gt;amec&lt;\/em&gt; renova l'acord de col\u00b7laboraci\u00f3 amb la fira Middle East despr\u00e9s de la seva reeixida celebraci\u00f3\" href=\"https:\/\/www.amec.es\/ca\/pl199\/amecnews\/noticias\/id951\/fira-middle-east.htm\" data-href=\"\/ca\/pl199\/amecnews\/noticias\/id951\/fira-middle-east.htm\"><em>amec<\/em>\u00a0renova l&#8217;acord de col\u00b7laboraci\u00f3 amb la fira Middle East despr\u00e9s de la seva reeixida celebraci\u00f3<\/a><\/p>\n<p><a class=\"textegrisfosc14\" style=\"margin: 0px; padding: 0px; border: 0px; outline: 0px; font-weight: bold; font-style: inherit; text-decoration: none; cursor: pointer; color: #002e84; font-size: 14px;\" title=\"&lt;em&gt;amec&lt;\/em&gt; renova l'acord de col\u00b7laboraci\u00f3 amb la fira Middle East despr\u00e9s de la seva reeixida celebraci\u00f3\" href=\"https:\/\/www.amec.es\/ca\/pl199\/amecnews\/noticias\/id951\/fira-middle-east.htm\" data-href=\"\/ca\/pl199\/amecnews\/noticias\/id951\/fira-middle-east.htm\">23 de mar\u00e7 de 2022<\/a><\/p>\n<\/div>\n<\/li>\n<\/ul>\n","protected":false},"excerpt":{"rendered":"<p>Barcelona, 3 de febrer del 2022.\u00a0Barcelona acollir\u00e0 la primera trobada internacional de la prescripci\u00f3 de material el\u00e8ctric. Es tracta d&#8217;\u00a0EPC Show\u00a0, que tindr\u00e0 lloc el 16 i 17 de febrer.\u00a0amec amelec\u00a0ha organitzat aquest esdeveniment, obert a la participaci\u00f3 de totes les empreses espanyoles del sector, que podran contactar directament amb prescriptors claus a nivell internacional. [&hellip;]<\/p>\n","protected":false},"author":1,"featured_media":0,"comment_status":"open","ping_status":"open","sticky":false,"template":"","format":"standard","meta":{"inline_featured_image":false,"footnotes":""},"categories":[28],"tags":[],"class_list":["post-6618","post","type-post","status-publish","format-standard","hentry","category-notes-de-premsa"],"acf":[],"_links":{"self":[{"href":"https:\/\/en.amec.es\/index.php\/wp-json\/wp\/v2\/posts\/6618","targetHints":{"allow":["GET"]}}],"collection":[{"href":"https:\/\/en.amec.es\/index.php\/wp-json\/wp\/v2\/posts"}],"about":[{"href":"https:\/\/en.amec.es\/index.php\/wp-json\/wp\/v2\/types\/post"}],"author":[{"embeddable":true,"href":"https:\/\/en.amec.es\/index.php\/wp-json\/wp\/v2\/users\/1"}],"replies":[{"embeddable":true,"href":"https:\/\/en.amec.es\/index.php\/wp-json\/wp\/v2\/comments?post=6618"}],"version-history":[{"count":0,"href":"https:\/\/en.amec.es\/index.php\/wp-json\/wp\/v2\/posts\/6618\/revisions"}],"wp:attachment":[{"href":"https:\/\/en.amec.es\/index.php\/wp-json\/wp\/v2\/media?parent=6618"}],"wp:term":[{"taxonomy":"category","embeddable":true,"href":"https:\/\/en.amec.es\/index.php\/wp-json\/wp\/v2\/categories?post=6618"},{"taxonomy":"post_tag","embeddable":true,"href":"https:\/\/en.amec.es\/index.php\/wp-json\/wp\/v2\/tags?post=6618"}],"curies":[{"name":"wp","href":"https:\/\/api.w.org\/{rel}","templated":true}]}}