{"id":6619,"date":"2022-02-17T09:34:17","date_gmt":"2022-02-17T09:34:17","guid":{"rendered":"https:\/\/wecreatedesign.co\/dev\/WP\/amec\/?p=5698"},"modified":"2022-02-17T09:34:17","modified_gmt":"2022-02-17T09:34:17","slug":"el-volum-dexportacions-arriba-a-maxims-malgrat-la-crisi-de-les-materies-primeres-i-els-problemes-logistics","status":"publish","type":"post","link":"https:\/\/en.amec.es\/index.php\/2022\/02\/17\/el-volum-dexportacions-arriba-a-maxims-malgrat-la-crisi-de-les-materies-primeres-i-els-problemes-logistics\/","title":{"rendered":"El volum d&#8217;exportacions arriba a m\u00e0xims malgrat la crisi de les mat\u00e8ries primeres i els problemes log\u00edstics"},"content":{"rendered":"<ul>\n<li><strong>\u201cEl proc\u00e9s de sobrestock experimentat en el darrer semestre pot incidir en un alentiment dels intercanvis comercials els primers mesos de 2022\u201d, explica el director general d&#8217;<em>amec<\/em>, Joan Tristany.<\/strong><\/li>\n<li><strong>Tot i tenir en consideraci\u00f3 l&#8217;augment de preus, i les importants dificultats a qu\u00e8 han hagut de fer front les empreses, s&#8217;aprecia un important augment de les exportacions que segueix col\u00b7locant el comer\u00e7 exterior en un element garant de l&#8217;estabilitat de l&#8217;economia. \u00c9s per aix\u00f2 que el director general d\u2019<em>amec<\/em>\u00a0incideix en la necessitat de \u201creorientar les accions per a una internacionalitzaci\u00f3 pr\u00f2pia del segle XXI\u201d.<\/strong><\/li>\n<\/ul>\n<p><strong>\u00a0<\/strong><\/p>\n<p><strong>Barcelona, \u200b\u200b17 de febrer del 2021.\u00a0<\/strong>El Ministeri d&#8217;Ind\u00fastria, Comer\u00e7 i Turisme ha publicat avui l&#8217;informe de comer\u00e7 exterior, gener-desembre 2021, que indica que\u00a0<strong>les exportacions catalanes van augmentar un\u00a021,5%\u00a0respecte l\u2019any anterior<\/strong>. Pel que respecta al conjunt de l\u2019Estat, les exportacions van augmentar un 21,2% respecte a l&#8217;any anterior, situant-se en els 316.609,2 milions d&#8217;euros. Aquest \u00e9s un increment superior al de la zona euro (17,1%). Amb aix\u00f2, les exportacions es recuperen de la caiguda experimentada el 2020, i se situen en un nou m\u00e0xim hist\u00f2ric.<\/p>\n<p>&nbsp;<\/p>\n<p>Cal destacar que els preus d&#8217;exportaci\u00f3, aproximats pels \u00edndexs de valor unitari, van cr\u00e9ixer el 7,9%. Aix\u00f2 explica, en part, l\u2019important increment del valor de les exportacions. Tot i aix\u00ed, l&#8217;augment en volum de les exportacions va ser m\u00e9s gran, situant-se en el 12,4%.<\/p>\n<p>&nbsp;<\/p>\n<p><strong>\u201cSi b\u00e9 hem de tenir en consideraci\u00f3 l&#8217;augment de preus, les dades segueixen sent bones\u201d<\/strong>, valora el director general d&#8217;<strong><em>amec<\/em><\/strong>, Joan Tristany, que incideix que,\u00a0<strong>\u201cmalgrat les dificultats d&#8217;acc\u00e9s a les mat\u00e8ries primeres i del funcionament de la cadena log\u00edstica a qu\u00e8 les empreses han hagut de fer front, el sector exterior continua sent un element de gran valor i garant d&#8217;estabilitat per a l&#8217;economia\u201d<\/strong>. \u00c9s per aix\u00f2 que, davant dels grans canvis que s&#8217;estan produint,<strong>\u00a0\u201ccal reorientar la internacionalitzaci\u00f3. Com que ens trobem al segle XXI, hem de comptar amb una internacionalitzaci\u00f3 pr\u00f2pia dels nous temps\u201d<\/strong>. Aix\u00ed\u00a0 ho ha traslladat aquest mat\u00ed el director general d\u2019<strong><em>amec<\/em><\/strong>\u00a0durant la reuni\u00f3 que ha mantingut amb el conseller d\u2019Empresa i Treball, Roger Torrent, juntament amb els agents que donen suport a la internacionalitzaci\u00f3.<\/p>\n<p>&nbsp;<\/p>\n<p>Els B\u00e9ns d&#8217;equip i el sector d&#8217;Alimentaci\u00f3, begudes i tabac, que representen cadascun gaireb\u00e9 el 20% de les exportacions, presenten increments del 13,8% i l\u201911,1%, respectivament. Tot i que tots els sectors experimenten un augment, el nivell de variaci\u00f3 de les exportacions ve influenciada en part per l&#8217;impacte dels problemes log\u00edstics, l&#8217;escassetat de components i la volatilitat dels preus de mat\u00e8ries primeres durant el 2021. Aix\u00ed, mentre que en el sector de l&#8217;Autom\u00f2bil, l&#8217;activitat del qual s&#8217;ha vist completament alterada per la manca de subministrament de microxips, \u00e9s on trobem un increment de les exportacions m\u00e9s redu\u00eft (5,0%), a l&#8217;altre extrem se situen els productes energ\u00e8tics (70,0%), Mat\u00e8ries primeres (37,1%) i Semimanufactures no qu\u00edmiques (34,3%), l&#8217;important augment de les quals t\u00e9 a veure en bona mesura amb l&#8217;al\u00e7a dels preus. A causa de les dificultats d\u2019acc\u00e9s a subministraments clau,\u00a0<strong>\u201ces pot haver produ\u00eft un sobrestock en algun \u00e0mbit que pot fer que l&#8217;inici de 2022 les exportacions experimentin un alentiment\u201d<\/strong>, explica Tristany.<\/p>\n<p>&nbsp;<\/p>\n<p>Per destinaci\u00f3 de les vendes, el 2021 van incrementar el seu pes respecte al 2020 les exportacions espanyoles dirigides a la Uni\u00f3 Europea (61,8% del total) i Am\u00e8rica Llatina (4,6%). El comer\u00e7 amb els pa\u00efsos llatinoamericans es recupera aix\u00ed progressivament despr\u00e9s de l&#8217;important impacte que la pand\u00e8mia ha tingut en els intercanvis. Destaquen importants increments a l&#8217;\u00cdndia (37,1%), Xile (35,4%), Argentina (34,9%), It\u00e0lia (29,8%), Turquia (28,9%) i el Marroc (28,7) %), entre d&#8217;altres.<\/p>\n<p>Les exportacions espanyoles dirigides als Estats Units es van recuperar del descens del 2020, amb un increment del 21,1%. Aquesta mateixa recuperaci\u00f3 s&#8217;observa a tots els principals mercats, a excepci\u00f3 de la Xina, on les vendes ja es van recuperar el 2020. Si observem el comportament de les principals economies, totes augmenten les exportacions respecte a l&#8217;any anterior, sent l&#8217;increment m\u00e9s accentuat el dels Estats Units (23,1%). L&#8217;increment m\u00e9s moderat el presenta el Regne Unit (8,3%).<\/p>\n<p>&nbsp;<\/p>\n<p><strong><em>amec\u00a0<\/em><\/strong><strong>impulsa els nous factors clau de competitivitat en les empreses<\/strong><\/p>\n<p>La comunitat de les empreses industrials internacionalitzades\u00a0<strong><em>amec<\/em><\/strong>\u00a0impulsa els nous factors clau de competitivitat en les empreses de tot l\u2019Estat:\u00a0<a href=\"https:\/\/www.youtube.com\/watch?v=SDztjgsQdBk&amp;feature=youtu.be\"><strong>anticipaci\u00f3, adaptabilitat, col<\/strong><strong>\u00b7<\/strong><strong>laboraci\u00f3, glocalitzaci\u00f3 i sostenibilitat<\/strong><\/a>. S\u00f3n uns factors que estan esdevenint essencials en l\u2019actual situaci\u00f3 de crisi per l\u2019impacte de la Covid-19 en l\u2019activitat industrial del nostre pa\u00eds. Les empreses que formen part d\u2019<strong><em>amec<\/em><\/strong>\u00a0generen un volum d&#8217;exportaci\u00f3 superior als 6.200 milions d&#8217;euros, exporten una mitjana del 55,5% de la seva facturaci\u00f3 i inverteixen el 4,7% en innovaci\u00f3.<\/p>\n<p><strong>\u00a0<\/strong><\/p>\n<p><strong>Per a m\u00e9s informaci\u00f3:<\/strong><\/p>\n<p>Gl\u00f2ria Ayuso<\/p>\n<p><a href=\"mailto:Gloria.ayuso@ga-binet.com\">Gloria.ayuso@ga-binet.com<\/a><\/p>\n<p>Tel. 654609518<\/p>\n","protected":false},"excerpt":{"rendered":"<p>\u201cEl proc\u00e9s de sobrestock experimentat en el darrer semestre pot incidir en un alentiment dels intercanvis comercials els primers mesos de 2022\u201d, explica el director general d&#8217;amec, Joan Tristany. Tot i tenir en consideraci\u00f3 l&#8217;augment de preus, i les importants dificultats a qu\u00e8 han hagut de fer front les empreses, s&#8217;aprecia un important augment de [&hellip;]<\/p>\n","protected":false},"author":1,"featured_media":0,"comment_status":"open","ping_status":"open","sticky":false,"template":"","format":"standard","meta":{"inline_featured_image":false,"footnotes":""},"categories":[28],"tags":[],"class_list":["post-6619","post","type-post","status-publish","format-standard","hentry","category-notes-de-premsa"],"acf":[],"_links":{"self":[{"href":"https:\/\/en.amec.es\/index.php\/wp-json\/wp\/v2\/posts\/6619","targetHints":{"allow":["GET"]}}],"collection":[{"href":"https:\/\/en.amec.es\/index.php\/wp-json\/wp\/v2\/posts"}],"about":[{"href":"https:\/\/en.amec.es\/index.php\/wp-json\/wp\/v2\/types\/post"}],"author":[{"embeddable":true,"href":"https:\/\/en.amec.es\/index.php\/wp-json\/wp\/v2\/users\/1"}],"replies":[{"embeddable":true,"href":"https:\/\/en.amec.es\/index.php\/wp-json\/wp\/v2\/comments?post=6619"}],"version-history":[{"count":0,"href":"https:\/\/en.amec.es\/index.php\/wp-json\/wp\/v2\/posts\/6619\/revisions"}],"wp:attachment":[{"href":"https:\/\/en.amec.es\/index.php\/wp-json\/wp\/v2\/media?parent=6619"}],"wp:term":[{"taxonomy":"category","embeddable":true,"href":"https:\/\/en.amec.es\/index.php\/wp-json\/wp\/v2\/categories?post=6619"},{"taxonomy":"post_tag","embeddable":true,"href":"https:\/\/en.amec.es\/index.php\/wp-json\/wp\/v2\/tags?post=6619"}],"curies":[{"name":"wp","href":"https:\/\/api.w.org\/{rel}","templated":true}]}}