{"id":6675,"date":"2022-04-04T07:20:10","date_gmt":"2022-04-04T07:20:10","guid":{"rendered":"https:\/\/wecreatedesign.co\/dev\/WP\/amec\/?p=5622"},"modified":"2022-04-04T07:20:10","modified_gmt":"2022-04-04T07:20:10","slug":"ajuts-a-la-proteccio-de-la-propietat-industrial","status":"publish","type":"post","link":"https:\/\/en.amec.es\/index.php\/2022\/04\/04\/ajuts-a-la-proteccio-de-la-propietat-industrial\/","title":{"rendered":"Ajuts a la protecci\u00f3 de la propietat industrial"},"content":{"rendered":"<div class=\"amplada-pagina descripcion\">\n<p>Els estudis indiquen que les empreses exportadores s\u00f3n les que inverteixen m\u00e9s en propietat industrial (patents i marques). En f\u00e0cil entendre que un comprador preferir\u00e0 adquirir un producte nacional en lloc dimportar-lo sempre que sigui possible. Les patents, en generar un monopoli sobre una tecnologia, impedeixen que la compet\u00e8ncia fabriqui i\/o comercialitzi aquesta tecnologia, per aix\u00f2 s\u00f3n l&#8217;eina ideal per fomentar l&#8217;exportaci\u00f3. En altres paraules, un fabricant espanyol que ha desenvolupat una innovaci\u00f3 i que l&#8217;ha protegit convenientment s&#8217;assegura ser l&#8217;\u00fanic a poder vendre aquesta innovaci\u00f3 als territoris on estengui la patent.<\/p>\n<p aria-hidden=\"true\">\n<p>El problema \u00e9s que la protecci\u00f3 est\u00e0 limitada als territoris on es registra la invenci\u00f3 com a patent, per la qual cosa, als territoris on no es registra, un tercer pot copiar legalment la invenci\u00f3. L&#8217;empresari ha de con\u00e8ixer molt b\u00e9 les eines i els recursos que hi ha a l&#8217;hora de protegir una invenci\u00f3 a nivell internacional per tal d&#8217;aconseguir la m\u00e0xima cobertura al preu m\u00e9s baix possible.<\/p>\n<p aria-hidden=\"true\">\n<p>En breu, la nostra ag\u00e8ncia de propietat industrial Volartpons, partners d&#8217;\u00a0<em><strong>amec<\/strong><\/em>\u00a0, oferir\u00e0 a tots els membres de la comunitat una\u00a0<a href=\"https:\/\/www.amec.es\/ca\/pl102\/agenda\/id222\/la-financiacion-como-factor-clave-en-la-venta-internacional-3.htm\" target=\"_blank\" rel=\"noopener\">sessi\u00f3 formativa on explicarem les diferents estrat\u00e8gies per aconseguir protegir correctament la innovaci\u00f3<\/a>\u00a0dedicant els recursos estrictament necessaris.<\/p>\n<p>&nbsp;<\/p>\n<p>A banda, i aquest \u00e9s el motiu d&#8217;aquest article, hi ha\u00a0<strong>subvencions que poden ajudar a suportar les despeses derivades de la protecci\u00f3 de la innovaci\u00f3<\/strong>\u00a0. Concretament hi ha dos tipus de subvencions directes a la protecci\u00f3 de patents, dissenys industrials i marques.<\/p>\n<p aria-hidden=\"true\">\n<ul type=\"disc\">\n<li>Les subvencions convocades per l&#8217;OEPM mitjan\u00e7ant les quals \u00e9s possible recuperar fins al 90% de les taxes pagades durant els exercicis anteriors per protegir les innovacions mitjan\u00e7ant patents i models d&#8217;utilitat tant espanyols com internacionals.<\/li>\n<li>Les subvencions convocades per l&#8217;EUIPO mitjan\u00e7ant les quals les PIMES adquireixen un bo de fins a 2500\u20ac per gastar a la protecci\u00f3 tant de marques com de patents a nivell espanyol o de la Uni\u00f3 Europea.<\/li>\n<\/ul>\n<p>A les dues subvencions no s&#8217;exigeixen ni mem\u00f2ries t\u00e8cniques ni que la invenci\u00f3 protegida sigui realment explotada o d&#8217;inter\u00e8s al mercat. Aquestes subvencions simplement tracten de\u00a0<strong>fomentar la protecci\u00f3 dels intangibles<\/strong>\u00a0.<\/p>\n<p aria-hidden=\"true\">\n<p>La nostra ag\u00e8ncia tramita per a tots els seus clients i tamb\u00e9 empreses membre de\u00a0<em><strong>Amec<\/strong><\/em>\u00a0aquestes subvencions, que sens dubte s\u00f3n un alleujament per a les empreses exportadores.<\/p>\n<p>Si teniu qualsevol dubte o comentaris ens podeu contactar a trav\u00e9s de l&#8217;email\u00a0<a href=\"mailto:volartpons@volartpons.com\" target=\"_blank\" rel=\"noopener noreferrer\" data-auth=\"NotApplicable\" data-linkindex=\"2\">volartpons@volartpons.com<\/a>\u00a0o al tel\u00e8fon 933182440.<\/p>\n<p>&nbsp;<\/p>\n<p><img decoding=\"async\" src=\"http:\/\/wecreatedesign.co\/dev\/WP\/amec\/wp-content\/uploads\/2023\/03\/pierre-victoor-volartpons-2-redim-w205-h207.png\" alt=\"Pierre-Victoor-volartpons-2.png\" width=\"205\" height=\"207\" \/><\/p>\n<\/div>\n<div class=\"amplada-pagina experto\">Pierre Victoor. Customer Success Manager Volartpons<\/div>\n","protected":false},"excerpt":{"rendered":"<p>Els estudis indiquen que les empreses exportadores s\u00f3n les que inverteixen m\u00e9s en propietat industrial (patents i marques). En f\u00e0cil entendre que un comprador preferir\u00e0 adquirir un producte nacional en lloc dimportar-lo sempre que sigui possible&#8230;.<\/p>\n","protected":false},"author":1,"featured_media":5623,"comment_status":"open","ping_status":"open","sticky":false,"template":"","format":"standard","meta":{"inline_featured_image":false,"footnotes":""},"categories":[29],"tags":[],"class_list":["post-6675","post","type-post","status-publish","format-standard","has-post-thumbnail","hentry","category-articles-dexperts"],"acf":[],"_links":{"self":[{"href":"https:\/\/en.amec.es\/index.php\/wp-json\/wp\/v2\/posts\/6675","targetHints":{"allow":["GET"]}}],"collection":[{"href":"https:\/\/en.amec.es\/index.php\/wp-json\/wp\/v2\/posts"}],"about":[{"href":"https:\/\/en.amec.es\/index.php\/wp-json\/wp\/v2\/types\/post"}],"author":[{"embeddable":true,"href":"https:\/\/en.amec.es\/index.php\/wp-json\/wp\/v2\/users\/1"}],"replies":[{"embeddable":true,"href":"https:\/\/en.amec.es\/index.php\/wp-json\/wp\/v2\/comments?post=6675"}],"version-history":[{"count":0,"href":"https:\/\/en.amec.es\/index.php\/wp-json\/wp\/v2\/posts\/6675\/revisions"}],"wp:featuredmedia":[{"embeddable":true,"href":"https:\/\/en.amec.es\/index.php\/wp-json\/"}],"wp:attachment":[{"href":"https:\/\/en.amec.es\/index.php\/wp-json\/wp\/v2\/media?parent=6675"}],"wp:term":[{"taxonomy":"category","embeddable":true,"href":"https:\/\/en.amec.es\/index.php\/wp-json\/wp\/v2\/categories?post=6675"},{"taxonomy":"post_tag","embeddable":true,"href":"https:\/\/en.amec.es\/index.php\/wp-json\/wp\/v2\/tags?post=6675"}],"curies":[{"name":"wp","href":"https:\/\/api.w.org\/{rel}","templated":true}]}}