{"id":6676,"date":"2022-04-22T09:36:39","date_gmt":"2022-04-22T09:36:39","guid":{"rendered":"https:\/\/wecreatedesign.co\/dev\/WP\/amec\/?p=5704"},"modified":"2022-04-22T09:36:39","modified_gmt":"2022-04-22T09:36:39","slug":"la-jornada-del-sector-del-material-electric-tracta-les-noves-tendencies-en-construccio-sostenible","status":"publish","type":"post","link":"https:\/\/en.amec.es\/index.php\/2022\/04\/22\/la-jornada-del-sector-del-material-electric-tracta-les-noves-tendencies-en-construccio-sostenible\/","title":{"rendered":"La Jornada del Sector del material el\u00e8ctric tracta les noves tend\u00e8ncies en construcci\u00f3 sostenible"},"content":{"rendered":"<ul>\n<li><strong>Les empreses van visitar l&#8217;habitatge amb la qualificaci\u00f3 m\u00e9s alta possible en sostenibilitat, segons les certificadores m\u00e9s considerades del m\u00f3n,<\/strong>\u00a0<strong>PASSIVHAUS i GREEN BUILDING<\/strong>\u00a0<strong>.<\/strong><\/li>\n<\/ul>\n<p><strong>Barcelona, 22 d&#8217;abril de 2022.<\/strong>\u00a0La Jornada del Sector d&#8217;\u00a0<strong><em>amec amelec<\/em><\/strong>\u00a0, l&#8217;esdeveniment anual que reuneix els fabricants espanyols d&#8217;equipament el\u00e8ctric de baixa, mitjana i alta tensi\u00f3 per tal de compartir la seva situaci\u00f3 i tractar aspectes i tend\u00e8ncies de futur ha celebrat novament de forma presencial despr\u00e9s de l&#8217;inici de la pand\u00e8mia. En aquesta ocasi\u00f3, s&#8217;ha tractat quin \u00e9s el futur de la construcci\u00f3 d&#8217;habitatges, que evoluciona cap a nous models m\u00e9s sostenibles, i va servir per con\u00e8ixer quins tipus de nous materials i instal\u00b7lacions s&#8217;utilitzen en la seva fabricaci\u00f3.<\/p>\n<p>&nbsp;<\/p>\n<p>Aix\u00ed, la Jornada del Sector del 2022 ha tingut com a t\u00edtol\u00a0<em>La construcci\u00f3 passiva, sostenible i saludable<\/em>\u00a0. Jos\u00e9 Antonio Gonz\u00e1lez, fundador i CEO d&#8217;ARQUIMA, empresa l\u00edder al sector de la construcci\u00f3 industrialitzada d&#8217;habitatges, equipaments, fa\u00e7anes i envoltants amb criteris de construcci\u00f3 passiva, salut, sostenibilitat i m\u00e0xima efici\u00e8ncia energ\u00e8tica ha explicat tots els detalls de concepci\u00f3, fabricaci\u00f3 i instal\u00b7laci\u00f3 d&#8217;aquest tipus d&#8217;habitatges durant una visita a l&#8217;habitatge amb la qualificaci\u00f3 m\u00e9s alta possible segons les dues certificadores m\u00e9s considerades del m\u00f3n en temes de sostenibilitat, PASSIVHAUS i GREEN BUILDING. Un dels aspectes que m\u00e9s inter\u00e8s ha generat, precisament, \u00e9s con\u00e8ixer tot el proc\u00e9s necessari per arribar a aquesta qualificaci\u00f3.<\/p>\n<p>&nbsp;<\/p>\n<p>Gonz\u00e1lez va recalcar que el futur de la construcci\u00f3 d&#8217;habitatges passar\u00e0 per dos punts principals: la fabricaci\u00f3 industrialitzada i la passivitat, sostenibilitat i \u201csaludabilitat\u201d de les mateixes. Una casa passiva \u00e9s una casa que est\u00e0 constru\u00efda segons els principis d&#8217;est\u00e0ndard alemany Passivhaus, \u00e9s a dir, tenint en compte les condicions clim\u00e0tiques i geogr\u00e0fiques de cada empla\u00e7ament amb una bona orientaci\u00f3, captaci\u00f3 i protecci\u00f3 de la radiaci\u00f3 solar, un alt grau d&#8217;a\u00efllament de l&#8217;envolupant sense ponts t\u00e8rmics, i una bona estanquitat de l&#8217;aire exterior de tota l&#8217;edificaci\u00f3 amb fusteries d&#8217;alta efici\u00e8ncia energ\u00e8tica, per aconseguir garantir la m\u00ednima demanda energ\u00e8tica que, posteriorment, es completar\u00e0 amb la correcta elecci\u00f3 dels sistemes actius m\u00e9s eficients de aportaci\u00f3 denergia natural.<\/p>\n<p>&nbsp;<\/p>\n<p>Aix\u00ed mateix, l&#8217;Arquitectura Saludable \u00e9s aquella que crea un medi ambient que no provoqui malaltia ni malestar als usuaris com a premissa fonamental ia m\u00e9s que cre\u00ef un ambient que col\u00b7labori a aconseguir en l&#8217;usuari un sentiment de benestar i salut tant en el pla f\u00edsic com el mental o psicol\u00f2gic, tal com es va detallar durant la trobada.<\/p>\n<p>&nbsp;<\/p>\n<p><strong>&#8220;La construcci\u00f3 en aquests termes, malgrat ser encara desconeguda, est\u00e0 creixent de forma exponencial&#8221;<\/strong>\u00a0, destaca el responsable d&#8217;\u00a0<strong><em>amec amelec<\/em><\/strong>\u00a0, Josep Maria Borr\u00e0s, motiu pel qual suposa una oportunitat per a les empreses industrials, a les quals s&#8217;ofereix aix\u00ed una visi\u00f3 sobre cap a on s&#8217;encaminen els edificis en el futur.<\/p>\n<p>&nbsp;<\/p>\n<p><a href=\"https:\/\/www.amec.es\/es\/miembros\/directorio-d-argrupaciones\/amec-urbis.htm\" data-href=\"https:\/\/www.amec.es\/es\/miembros\/directorio-d-argrupaciones\/amec-urbis.htm\"><strong><em>amec amelec<\/em><\/strong><\/a>\u00a0\u00e9s la comunitat que integra els fabricants espanyols dequipament el\u00e8ctric de baixa, mitjana i alta tensi\u00f3. La col\u00b7laboraci\u00f3 entre els nostres membres \u00e9s clau per fer front a la transformaci\u00f3 del sector amb noves estrat\u00e8gies que passen per la innovaci\u00f3, l&#8217;adopci\u00f3 dels nous factors clau de competitivitat i la internacionalitzaci\u00f3.<\/p>\n<p>&nbsp;<\/p>\n<p><strong><em>amec<\/em><\/strong>\u00a0<strong>impulsa els nous factors clau de competitivitat a les empreses<\/strong><\/p>\n<p>La comunitat de les empreses industrials internacionalitzades\u00a0<strong><em>amec<\/em><\/strong>\u00a0impulsa els\u00a0<a href=\"https:\/\/www.youtube.com\/watch?v=SDztjgsQdBk&amp;feature=youtu.be\">nous factors clau de competitivitat a les empreses espanyoles<\/a>\u00a0:\u00a0<strong>anticipaci\u00f3, adaptabilitat, col\u00b7laboraci\u00f3, glocalitzaci\u00f3 i sostenibilitat<\/strong>\u00a0. Les empreses que formen part d&#8217;\u00a0<strong><em>amec<\/em><\/strong>\u00a0generen un volum d&#8217;exportaci\u00f3 superior als 6.200 milions d&#8217;euros, exporten de mitjana el 56,3% de la facturaci\u00f3 i inverteixen el 4,4% en innovaci\u00f3.<\/p>\n<p><strong>Per a m\u00e9s informaci\u00f3:<\/strong><\/p>\n<p>Gl\u00f2ria Ayuso<\/p>\n<p><a href=\"mailto:Gloria.ayuso@ga-binet.com\">Gloria.ayuso@ga-binet.com<\/a>\u00a0Tel. 654609518<\/p>\n","protected":false},"excerpt":{"rendered":"<p>Les empreses van visitar l&#8217;habitatge amb la qualificaci\u00f3 m\u00e9s alta possible en sostenibilitat, segons les certificadores m\u00e9s considerades del m\u00f3n,\u00a0PASSIVHAUS i GREEN BUILDING\u00a0. Barcelona, 22 d&#8217;abril de 2022.\u00a0La Jornada del Sector d&#8217;\u00a0amec amelec\u00a0, l&#8217;esdeveniment anual que reuneix els fabricants espanyols d&#8217;equipament el\u00e8ctric de baixa, mitjana i alta tensi\u00f3 per tal de compartir la seva situaci\u00f3 [&hellip;]<\/p>\n","protected":false},"author":1,"featured_media":0,"comment_status":"open","ping_status":"open","sticky":false,"template":"","format":"standard","meta":{"inline_featured_image":false,"footnotes":""},"categories":[28],"tags":[],"class_list":["post-6676","post","type-post","status-publish","format-standard","hentry","category-notes-de-premsa"],"acf":[],"_links":{"self":[{"href":"https:\/\/en.amec.es\/index.php\/wp-json\/wp\/v2\/posts\/6676","targetHints":{"allow":["GET"]}}],"collection":[{"href":"https:\/\/en.amec.es\/index.php\/wp-json\/wp\/v2\/posts"}],"about":[{"href":"https:\/\/en.amec.es\/index.php\/wp-json\/wp\/v2\/types\/post"}],"author":[{"embeddable":true,"href":"https:\/\/en.amec.es\/index.php\/wp-json\/wp\/v2\/users\/1"}],"replies":[{"embeddable":true,"href":"https:\/\/en.amec.es\/index.php\/wp-json\/wp\/v2\/comments?post=6676"}],"version-history":[{"count":0,"href":"https:\/\/en.amec.es\/index.php\/wp-json\/wp\/v2\/posts\/6676\/revisions"}],"wp:attachment":[{"href":"https:\/\/en.amec.es\/index.php\/wp-json\/wp\/v2\/media?parent=6676"}],"wp:term":[{"taxonomy":"category","embeddable":true,"href":"https:\/\/en.amec.es\/index.php\/wp-json\/wp\/v2\/categories?post=6676"},{"taxonomy":"post_tag","embeddable":true,"href":"https:\/\/en.amec.es\/index.php\/wp-json\/wp\/v2\/tags?post=6676"}],"curies":[{"name":"wp","href":"https:\/\/api.w.org\/{rel}","templated":true}]}}