{"id":6677,"date":"2022-04-22T09:37:17","date_gmt":"2022-04-22T09:37:17","guid":{"rendered":"https:\/\/wecreatedesign.co\/dev\/WP\/amec\/?p=5706"},"modified":"2022-04-22T09:37:17","modified_gmt":"2022-04-22T09:37:17","slug":"amec-i-el-govern-basc-incideixen-en-la-importancia-de-la-industria-com-garant-del-progres-i-el-benestar-social","status":"publish","type":"post","link":"https:\/\/en.amec.es\/index.php\/2022\/04\/22\/amec-i-el-govern-basc-incideixen-en-la-importancia-de-la-industria-com-garant-del-progres-i-el-benestar-social\/","title":{"rendered":"amec i el Govern Basc incideixen en la import\u00e0ncia de la ind\u00fastria com garant del progr\u00e9s i el benestar social"},"content":{"rendered":"<div class=\"columna-contingut-int\">\n<div class=\"portletDetailNoticies\">\n<div class=\"amplada-pagina descripcion\">\n<ul>\n<li><strong><em>amec<\/em><\/strong><strong>\u00a0es reuneix amb la consellera de Desenvolupament Econ\u00f2mic d&#8217;Euskadi, comunitat model en la seva aposta per la ind\u00fastria, despr\u00e9s de la celebraci\u00f3 de la Junta Directiva a Sant Sebasti\u00e0 amb la participaci\u00f3 d&#8217;empreses de l&#8217;entitat ubicades a Euskadi i Navarra.<\/strong><\/li>\n<\/ul>\n<p><strong>San Sebasti\u00e1n, 21 d\u2019abril de 2022.\u00a0<\/strong>La junta directiva d&#8217;<strong><em>amec<\/em><\/strong>, la comunitat de les empreses industrials internacionalitzades, s&#8217;ha reunit avui amb la consellera de Desenvolupament Econ\u00f2mic, Sostenibilitat i Medi Ambient del Govern Basc, Arantxa Tapia Otaegi, per intercanviar impressions sobre les pol\u00edtiques industrials a la comunitat, que poden ser un model a seguir per tal d&#8217;enfortir el teixit productiu a Espanya.<\/p>\n<p><strong>\u201cFa molts anys es va arribar a afirmar que la millor pol\u00edtica industrial \u00e9s la que no existeix. Per contra, hi ha l&#8217;exemple d&#8217;Euskadi, que destaca per la pol\u00edtica decidida a favor de la ind\u00fastria, que mant\u00e9 des de fa m\u00e9s de 40 anys, i que ha estat clau per erigir una comunitat pr\u00f2spera\u201d<\/strong>, ha afirmat el president d\u2019<strong><em>amec<\/em><\/strong>, Pere Relats.<\/p>\n<p>&nbsp;<\/p>\n<p>La consellera Arantxa Tapia lidera un departament que assumeix cinc dels deu objectius del govern de pa\u00eds establerts per a aquesta legislatura: superar el 40% del PIB a la ind\u00fastria i en serveis avan\u00e7ats; reduir l&#8217;atur per sota del 10%; aconseguir la converg\u00e8ncia en R+D amb la mitjana europea; reduir un 30% l&#8217;emissi\u00f3 de gasos d&#8217;efecte hivernacle i aconseguir que la quota d&#8217;energies renovables representi el 20% del consum final d&#8217;energia. Aquestes pol\u00edtiques, aix\u00ed com l&#8217;impuls decidit de la Formaci\u00f3 Professional, estan molt alineades amb els objectius que persegueix i defensa\u00a0<strong><em>amec<\/em><\/strong>\u00a0davant les administracions per enfortir la ind\u00fastria a tot el pa\u00eds. En aquesta l\u00ednia,\u00a0<strong><em>amec<\/em><\/strong>\u00a0ha donat a con\u00e8ixer a la consellera el moviment\u00a0<a href=\"https:\/\/positiveindustry.org\/\">Positive Industry<\/a>\u00a0que impulsa, i que t\u00e9 com a objectiu posar la ind\u00fastria al centre, de manera que compti amb tot el suport necessari, reconeixent aix\u00ed el seu paper com a garant de progr\u00e9s i benestar. \u00c9s per aix\u00f2 que\u00a0<strong><em>amec\u00a0<\/em><\/strong>anima organitzacions, institucions i empreses a adherir-se a aquest moviment.<\/p>\n<p>&nbsp;<\/p>\n<p>T\u00e0pia ha agra\u00eft a\u00a0<strong><em>amec<\/em><\/strong>\u00a0la iniciativa que han plantejat i l&#8217;en\u00e8rgica aposta que fan per un model econ\u00f2mic industrial d&#8217;alt valor afegit.<strong>\u00a0\u201cEuskadi va fer aquesta aposta fa d\u00e8cades i \u00e9s hora que l<\/strong><strong>\u2019<\/strong><strong>entorn econ<\/strong><strong>\u00f2<\/strong><strong>mic del conjunt de l<\/strong><strong>\u2019<\/strong><strong>Estat intensifiqui tamb<\/strong><strong>\u00e9<\/strong><strong>\u00a0aquest model. Per competir globalment no n&#8217;hi ha prou que una comunitat sigui innovadora, cal dotar-nos d&#8217;un ecosistema robust m<\/strong><strong>\u00e9<\/strong><strong>s ampli i recolzat des de tots els nivells de l&#8217;administraci\u00f3. Els indicadors de la ind\u00fastria i de la innovaci\u00f3 d&#8217;Euskadi superen la mitjana de l&#8217;Estat, per\u00f2 en una economia oberta i globalitzada ens cal posicionar-nos millor a Europa i al m\u00f3n, i aquesta aposta cal refor\u00e7ar-la des de tots els agents que intervenen en el nostre sistema i model econ\u00f2mic\u201d<\/strong>, ha explicat la consellera.<\/p>\n<p>&nbsp;<\/p>\n<p>La reuni\u00f3 amb la consellera ha tingut lloc despr\u00e9s de la celebraci\u00f3 de la Junta Directiva d\u2019<strong><em>amec<\/em><\/strong>\u00a0a Sant Sebasti\u00e0, amb la participaci\u00f3 d&#8217;empreses de l&#8217;entitat ubicades a Euskadi i Navarra. Posteriorment, les empreses han visitat el centre de recerca i desenvolupament tecnol\u00f2gic\u00a0<strong>Tecnalia<\/strong>, amb l&#8217;objectiu de con\u00e8ixer les pol\u00edtiques d&#8217;innovaci\u00f3 tecnol\u00f2gica; i la Asociaci\u00f3n Espa\u00f1ola de Fabricantes de M\u00e1quinas-herramienta, Accesorios, Componentes y Herramientas\u00a0<strong>AFM<\/strong>.<\/p>\n<p>Per tal de con\u00e8ixer i donar suport a nous exemples de pol\u00edtiques de suport a la innovaci\u00f3 tecnol\u00f2gica, aix\u00ed com de l&#8217;impuls del sector industrial des del vessant tan necessari de la formaci\u00f3 t\u00e8cnica i dual, la Junta Directiva d\u2019<strong><em>amec<\/em><\/strong>\u00a0visitar\u00e0 tamb\u00e9 dem\u00e0 el Centre Tecnol\u00f2gic\u00a0<strong>IDEKO<\/strong>\u00a0i\u00a0<strong>IMH<\/strong>, el Campus Integrat de Formaci\u00f3 Professional del Govern d&#8217;Euskadi, Formaci\u00f3 Universit\u00e0ria adscrita a la UPV\/EHU i al Centre Formatiu d\u2019<strong>AFM Cluster<\/strong>. Aprofitant la celebraci\u00f3 de la Junta Directiva a Sant Sebasti\u00e0, les empreses d&#8217;<strong><em>amec<\/em><\/strong>\u00a0tamb\u00e9 aniran a les instal\u00b7lacions de\u00a0<strong>Salva Industrial<\/strong>\u00a0i\u00a0<strong>DANOBAT Group<\/strong>.<\/p>\n<p>&nbsp;<\/p>\n<p>El Pa\u00eds Basc compta amb una base industrial s\u00f2lida, un sector que representa el 24,2% del PIB. El Parlament ha aprovat el Pla de Desenvolupament Industrial i Internacionalitzaci\u00f3 2021-2024, que compta amb un pressupost global de 4.106 milions, 1.642 dels quals ja es van invertir el 2021. El pla t\u00e9 com a objectiu que la ind\u00fastria i els serveis avan\u00e7ats arribin al Pa\u00eds Basc un pes del 40% del PIB.\u00a0<strong><em>amec<\/em><\/strong>\u00a0considera aquestes pol\u00edtiques com un model a seguir. Relats ja va reclamar en nom de les empreses industrials el 16 de mar\u00e7 passat que l&#8217;1% de la despesa p\u00fablica es destini al suport de la R+D+i industrial per agilitzar una transformaci\u00f3 digital i ecol\u00f2gica que aportar\u00e0 sens dubte un progr\u00e9s m\u00e9s gran.<\/p>\n<p>Gr\u00e0cies al coneixement de la realitat industrial a Espanya,\u00a0<strong><em>amec<\/em><\/strong>\u00a0s&#8217;erigeix \u200b\u200bcom a interlocutor i realitza propostes al Govern central i administracions auton\u00f2miques per aconseguir que la ind\u00fastria ocupi un lloc central i permeti el seu paper com a garant d&#8217;un bon desenvolupament econ\u00f2mic i social. En aquest cas, aquest intercanvi i contacte amb els principals agents bascos tamb\u00e9 permet oferir\u00a0<strong><em>amec<\/em><\/strong>\u00a0millors serveis als seus membres instal\u00b7lats al Pa\u00eds Basc.<\/p>\n<p>&nbsp;<\/p>\n<p><strong><em>amec\u00a0<\/em><\/strong><strong>impulsa els nous factors clau de competitivitat en les empreses<\/strong><\/p>\n<p>La comunitat de les empreses industrials internacionalitzades\u00a0<strong><em>amec<\/em><\/strong>\u00a0impulsa els nous factors clau de competitivitat en les empreses de tot l\u2019Estat:\u00a0<a href=\"https:\/\/www.youtube.com\/watch?v=SDztjgsQdBk&amp;feature=youtu.be\"><strong>anticipaci\u00f3, adaptabilitat, col<\/strong><strong>\u00b7<\/strong><strong>laboraci\u00f3, glocalitzaci\u00f3 i sostenibilitat<\/strong><\/a>. S\u00f3n uns factors que estan esdevenint essencials en l\u2019actual situaci\u00f3 de crisi per l\u2019impacte de la Covid-19 en l\u2019activitat industrial del nostre pa\u00eds. Les empreses que formen part d\u2019<strong><em>amec<\/em><\/strong>\u00a0generen un volum d&#8217;exportaci\u00f3 superior als 6.200 milions d&#8217;euros, exporten una mitjana del 56,3% de la seva facturaci\u00f3 i inverteixen el 4,4% en innovaci\u00f3.<\/p>\n<p>&nbsp;<\/p>\n<p><strong>Per a m\u00e9s informaci\u00f3:<\/strong><\/p>\n<p>Gl\u00f2ria Ayuso\u00a0<a href=\"mailto:Gloria.ayuso@ga-binet.com\">Gloria.ayuso@ga-binet.com<\/a><\/p>\n<p>Tel. 654609518<\/p>\n<\/div>\n<\/div>\n<div class=\"registre-accions amplada-pagina\">\n<div class=\"addthis_inline_share_toolbox\" style=\"margin: 0px; padding: 0px; border: 0px; outline: 0px; font-weight: inherit; font-style: inherit; clear: both;\" data-url=\"https:\/\/www.amec.es\/ca\/pl191\/amecnews\/notas-de-prensa\/id971\/amec-y-el-gobierno-vasco-inciden-en-la-importancia-de-la-industria-como-garante-del-progreso-y-el-bienestar-social.htm?fcat_191=378\" data-title=\"&lt;em&gt;amec&lt;\/em&gt; i el Govern Basc incideixen en la import\u00e0ncia de la ind\u00fastria com garant del progr\u00e9s i el benestar social\" data-description=\"amec es reuneix amb la consellera de Desenvolupament Econ\u00f2mic d'Euskadi, comunitat model en la seva aposta per la ind\u00fastria, despr\u00e9s de la celebraci\u00f3 de la Junta Directiva a Sant Sebasti\u00e0 amb la participaci\u00f3 d'empreses de l'entitat ubicades a Euskadi i Navarra.\">\n<div id=\"atstbx\" class=\"at-resp-share-element at-style-responsive addthis-smartlayers addthis-animated at4-show\" role=\"region\" aria-labelledby=\"at-f463640e-0150-4bd6-9110-a14fa2d6bb55\">\n<p>&nbsp;<\/p>\n<div class=\"at-share-btn-elements\"><\/div>\n<\/div>\n<\/div>\n<\/div>\n<\/div>\n<div id=\"galeria-element_adicional\" class=\"galeria-amec-pag-15\">\n<h3 class=\"amplada-pagina title_with_yellow_after\">Galeria d&#8217;imatges<\/h3>\n<div class=\"gallery-controls\">\n<div class=\"gal-dot-control selected\" data-page=\"1\"><\/div>\n<div class=\"gal-dot-control\" data-page=\"2\"><\/div>\n<div class=\"gal-dot-control\" data-page=\"3\"><\/div>\n<\/div>\n<ul class=\"galeria-amec visualitza-box\">\n<li class=\"image-container column-image warea_31\"><a title=\"20220421-TAPIA-junta-directiva-amec.jpg\" href=\"https:\/\/www.amec.es\/media\/site1\/cache\/images\/20220421-tapia-junta-directiva-amec.jpg\" target=\"_blank\" rel=\"gallery noopener\"><img fetchpriority=\"high\" decoding=\"async\" class=\"imatge-zoom\" src=\"https:\/\/www.amec.es\/media\/site1\/cache\/images\/20220421-tapia-junta-directiva-amec-redim-prop-w800-h500.jpg\" alt=\"20220421-TAPIA-junta-directiva-amec\" width=\"800\" height=\"500\" \/><\/a><\/li>\n<li class=\"image-container column-image warea_31\"><a title=\"20220421-consejera-Tapia-Relats.jpg\" href=\"https:\/\/www.amec.es\/media\/site1\/cache\/images\/20220421-consejera-tapia-relats.jpg\" target=\"_blank\" rel=\"gallery noopener\"><img decoding=\"async\" class=\"imatge-zoom\" src=\"http:\/\/wecreatedesign.co\/dev\/WP\/amec\/wp-content\/uploads\/2023\/03\/20220421-consejera-tapia-relats-redim-prop-w800-h500.jpg\" alt=\"20220421-consejera-Tapia-Relats\" width=\"800\" height=\"500\" \/><\/a><\/li>\n<li><\/li>\n<li class=\"image-container column-image warea_31\">\n<div class=\"gallery-controls\">\n<div class=\"gal-dot-control\" data-page=\"1\"><\/div>\n<div class=\"gal-dot-control selected\" data-page=\"2\"><\/div>\n<div class=\"gal-dot-control\" data-page=\"3\"><\/div>\n<\/div>\n<ul class=\"galeria-amec visualitza-box\">\n<li class=\"image-container column-image warea_31\"><a title=\"20220421-TAPIA-CATALUNYA-108.jpg\" href=\"https:\/\/www.amec.es\/media\/site1\/cache\/images\/20220421-tapia-catalunya-108.jpg\" target=\"_blank\" rel=\"gallery noopener\"><img decoding=\"async\" class=\"imatge-zoom\" src=\"http:\/\/wecreatedesign.co\/dev\/WP\/amec\/wp-content\/uploads\/2023\/03\/20220421-tapia-junta-directiva-amec-redim-prop-w800-h500.jpg\" alt=\"20220421-TAPIA-CATALUNYA-108\" width=\"800\" height=\"500\" \/><\/a><\/li>\n<li class=\"image-container column-image warea_31\"><a title=\"reunion-amec-consejeria-economia-gobierno-vasco.jpg\" href=\"https:\/\/www.amec.es\/media\/site1\/cache\/images\/reunion-amec-consejeria-economia-gobierno-vasco.jpg\" target=\"_blank\" rel=\"gallery noopener\"><img loading=\"lazy\" decoding=\"async\" class=\"imatge-zoom\" src=\"http:\/\/wecreatedesign.co\/dev\/WP\/amec\/wp-content\/uploads\/2023\/03\/reunion-amec-consejeria-economia-gobierno-vasco-redim-prop-w800-h500-1.jpg\" alt=\"reunion-amec-consejeria-economia-gobierno-vasco\" width=\"800\" height=\"500\" \/><\/a><\/li>\n<li class=\"image-container column-image warea_31\"><a title=\"Tecnalia-Maite-Santos-amec.jpeg\" href=\"https:\/\/www.amec.es\/media\/site1\/cache\/images\/tecnalia-maite-santos-amec.jpeg\" target=\"_blank\" rel=\"gallery noopener\"><img loading=\"lazy\" decoding=\"async\" class=\"imatge-zoom\" src=\"http:\/\/wecreatedesign.co\/dev\/WP\/amec\/wp-content\/uploads\/2023\/03\/tecnalia-maite-santos-amec-redim-prop-w800-h500.jpeg\" alt=\"Tecnalia-Maite-Santos-amec\" width=\"800\" height=\"500\" \/><\/a><\/li>\n<\/ul>\n<p><a title=\"20220421-TAPIA-CATALUNYA-129.jpg\" href=\"https:\/\/www.amec.es\/media\/site1\/cache\/images\/20220421-tapia-catalunya-129.jpg\" target=\"_blank\" rel=\"gallery noopener\">\\<\/a><\/li>\n<li class=\"image-container column-image warea_31\">\n<div class=\"gallery-controls\">\n<div class=\"gal-dot-control\" data-page=\"2\"><\/div>\n<div class=\"gal-dot-control selected\" data-page=\"3\"><\/div>\n<\/div>\n<ul class=\"galeria-amec visualitza-box\">\n<li class=\"image-container column-image warea_31\"><a title=\"Tecnalia-amec.jpeg\" href=\"https:\/\/www.amec.es\/media\/site1\/cache\/images\/tecnalia-amec.jpeg\" target=\"_blank\" rel=\"gallery noopener\"><img loading=\"lazy\" decoding=\"async\" class=\"imatge-zoom\" src=\"http:\/\/wecreatedesign.co\/dev\/WP\/amec\/wp-content\/uploads\/2023\/03\/tecnalia-amec-redim-prop-w800-h500.jpeg\" alt=\"Tecnalia-amec\" width=\"800\" height=\"500\" \/><\/a><\/li>\n<li class=\"image-container column-image warea_31\"><a title=\"20220421-eneuntro-consejera-amec.jpg\" href=\"https:\/\/www.amec.es\/media\/site1\/cache\/images\/20220421-eneuntro-consejera-amec.jpg\" target=\"_blank\" rel=\"gallery noopener\"><img loading=\"lazy\" decoding=\"async\" class=\"imatge-zoom\" src=\"http:\/\/wecreatedesign.co\/dev\/WP\/amec\/wp-content\/uploads\/2023\/03\/20220421-eneuntro-consejera-amec-redim-prop-w800-h500.jpg\" alt=\"20220421-eneuntro-consejera-amec\" width=\"800\" height=\"500\" \/><\/a><\/li>\n<\/ul>\n<p><a title=\"20220421-TAPIA-CATALUNYA-129.jpg\" href=\"https:\/\/www.amec.es\/media\/site1\/cache\/images\/20220421-tapia-catalunya-129.jpg\" target=\"_blank\" rel=\"gallery noopener\"><img loading=\"lazy\" decoding=\"async\" class=\"imatge-zoom\" src=\"https:\/\/www.amec.es\/media\/site1\/cache\/images\/20220421-tapia-catalunya-129-redim-prop-w800-h500.jpg\" alt=\"20220421-TAPIA-CATALUNYA-129\" width=\"800\" height=\"500\" \/><\/a><\/li>\n<\/ul>\n<\/div>\n","protected":false},"excerpt":{"rendered":"<p>amec\u00a0es reuneix amb la consellera de Desenvolupament Econ\u00f2mic d&#8217;Euskadi, comunitat model en la seva aposta per la ind\u00fastria, despr\u00e9s de la celebraci\u00f3 de la Junta Directiva a Sant Sebasti\u00e0 amb la participaci\u00f3 d&#8217;empreses de l&#8217;entitat ubicades a Euskadi i Navarra. San Sebasti\u00e1n, 21 d\u2019abril de 2022.\u00a0La junta directiva d&#8217;amec, la comunitat de les empreses industrials [&hellip;]<\/p>\n","protected":false},"author":1,"featured_media":0,"comment_status":"open","ping_status":"open","sticky":false,"template":"","format":"standard","meta":{"inline_featured_image":false,"footnotes":""},"categories":[28],"tags":[],"class_list":["post-6677","post","type-post","status-publish","format-standard","hentry","category-notes-de-premsa"],"acf":[],"_links":{"self":[{"href":"https:\/\/en.amec.es\/index.php\/wp-json\/wp\/v2\/posts\/6677","targetHints":{"allow":["GET"]}}],"collection":[{"href":"https:\/\/en.amec.es\/index.php\/wp-json\/wp\/v2\/posts"}],"about":[{"href":"https:\/\/en.amec.es\/index.php\/wp-json\/wp\/v2\/types\/post"}],"author":[{"embeddable":true,"href":"https:\/\/en.amec.es\/index.php\/wp-json\/wp\/v2\/users\/1"}],"replies":[{"embeddable":true,"href":"https:\/\/en.amec.es\/index.php\/wp-json\/wp\/v2\/comments?post=6677"}],"version-history":[{"count":0,"href":"https:\/\/en.amec.es\/index.php\/wp-json\/wp\/v2\/posts\/6677\/revisions"}],"wp:attachment":[{"href":"https:\/\/en.amec.es\/index.php\/wp-json\/wp\/v2\/media?parent=6677"}],"wp:term":[{"taxonomy":"category","embeddable":true,"href":"https:\/\/en.amec.es\/index.php\/wp-json\/wp\/v2\/categories?post=6677"},{"taxonomy":"post_tag","embeddable":true,"href":"https:\/\/en.amec.es\/index.php\/wp-json\/wp\/v2\/tags?post=6677"}],"curies":[{"name":"wp","href":"https:\/\/api.w.org\/{rel}","templated":true}]}}