{"id":6698,"date":"2023-02-18T04:13:41","date_gmt":"2023-02-18T04:13:41","guid":{"rendered":"https:\/\/wecreatedesign.co\/dev\/WP\/amec\/?p=2473"},"modified":"2023-02-18T04:13:41","modified_gmt":"2023-02-18T04:13:41","slug":"nou-acord-dinversions-entre-la-ue-i-la-xina","status":"publish","type":"post","link":"https:\/\/en.amec.es\/index.php\/2023\/02\/18\/nou-acord-dinversions-entre-la-ue-i-la-xina\/","title":{"rendered":"Nou acord d&#8217;inversions entre la UE i la Xina"},"content":{"rendered":"","protected":false},"excerpt":{"rendered":"<p>La UE signa in extremis a l&#8217;\u00faltim dia de l&#8217;any un acord d&#8217;inversi\u00f3 amb la Xina que portava anys negociant, i que permetr\u00e0 a les empreses europees accedir a el sector manufacturer xin\u00e8s.<\/p>\n","protected":false},"author":1,"featured_media":2474,"comment_status":"open","ping_status":"open","sticky":false,"template":"","format":"standard","meta":{"inline_featured_image":false,"footnotes":""},"categories":[23],"tags":[],"class_list":["post-6698","post","type-post","status-publish","format-standard","has-post-thumbnail","hentry","category-alertes-i-oportunitats"],"acf":[],"_links":{"self":[{"href":"https:\/\/en.amec.es\/index.php\/wp-json\/wp\/v2\/posts\/6698","targetHints":{"allow":["GET"]}}],"collection":[{"href":"https:\/\/en.amec.es\/index.php\/wp-json\/wp\/v2\/posts"}],"about":[{"href":"https:\/\/en.amec.es\/index.php\/wp-json\/wp\/v2\/types\/post"}],"author":[{"embeddable":true,"href":"https:\/\/en.amec.es\/index.php\/wp-json\/wp\/v2\/users\/1"}],"replies":[{"embeddable":true,"href":"https:\/\/en.amec.es\/index.php\/wp-json\/wp\/v2\/comments?post=6698"}],"version-history":[{"count":0,"href":"https:\/\/en.amec.es\/index.php\/wp-json\/wp\/v2\/posts\/6698\/revisions"}],"wp:featuredmedia":[{"embeddable":true,"href":"https:\/\/en.amec.es\/index.php\/wp-json\/"}],"wp:attachment":[{"href":"https:\/\/en.amec.es\/index.php\/wp-json\/wp\/v2\/media?parent=6698"}],"wp:term":[{"taxonomy":"category","embeddable":true,"href":"https:\/\/en.amec.es\/index.php\/wp-json\/wp\/v2\/categories?post=6698"},{"taxonomy":"post_tag","embeddable":true,"href":"https:\/\/en.amec.es\/index.php\/wp-json\/wp\/v2\/tags?post=6698"}],"curies":[{"name":"wp","href":"https:\/\/api.w.org\/{rel}","templated":true}]}}