{"id":6709,"date":"2023-01-30T09:58:14","date_gmt":"2023-01-30T09:58:14","guid":{"rendered":"https:\/\/wecreatedesign.co\/dev\/WP\/amec\/?p=5729"},"modified":"2023-01-30T09:58:14","modified_gmt":"2023-01-30T09:58:14","slug":"amec-valora-les-ajudes-a-la-reindustralitzacio-que-ha-presentat-avui-la-conselleria-dempresa","status":"publish","type":"post","link":"https:\/\/en.amec.es\/index.php\/2023\/01\/30\/amec-valora-les-ajudes-a-la-reindustralitzacio-que-ha-presentat-avui-la-conselleria-dempresa\/","title":{"rendered":"amec valora les ajudes a la reindustralitzaci\u00f3 que ha presentat avui la conselleria d\u2019Empresa"},"content":{"rendered":"<ul>\n<li>Per al director general d\u2019<strong>amec<\/strong>, Joan Tristany, impulsar la ind\u00fastria suposa, a m\u00e9s de promoure les startups industrials i captar inversions estrangeres, posar l\u2019atenci\u00f3 en la ind\u00fastria aut\u00f2ctona que opera en el territori.<\/li>\n<li><strong>\u201cCom a pa\u00eds hem de fer front a un canvi de model productiu i per aix\u00f2 necessitem m\u00e9s empreses industrials compromeses, que l&#8217;administraci\u00f3 se sumi i cre\u00ef un entorn favorable per al desenvolupament de la ind\u00fastria positiva i que la societat sigui conscient del progr\u00e9s social que genera una economia m\u00e9s industrial\u201d<\/strong>, ha explicat Tristany.<\/li>\n<\/ul>\n<p><strong>Barcelona, 30 de gener de 2023.\u00a0<\/strong><strong>amec<\/strong>\u00a0ha valorat avui els nous ajuts per a la reindustralitzaci\u00f3 despr\u00e9s de la reuni\u00f3 amb el conseller d\u2019Empresa, Roger Torrent, i el director general d\u2019Ind\u00fastria, Oriol Alcoba, que ha mantingut aquest mat\u00ed a la seu de la conselleria juntament amb Foment del Treball i Pimec.<\/p>\n<p>&nbsp;<\/p>\n<p>El director general d\u2019<strong>amec<\/strong>, Joan Tristany, ha valorat que es tracta d\u2019uns ajuts que s\u2019han presentat comptant amb les aportacions que havia fet la ind\u00fastria a trav\u00e9s dels seus representants i que, per tant, poden ajustar-se m\u00e9s a les seves necessitats reals. Aix\u00ed, per al director general d\u2019<strong>amec<\/strong>, impulsar la ind\u00fastria suposa tamb\u00e9, a banda de promoure les startups industrials i captar inversions estrangeres, posar l\u2019atenci\u00f3 en les ind\u00fastries aut\u00f2ctones que operen en el territori.\u00a0<strong>\u201cAquest anunci \u00e9s una mostra de la important tasca que es pot desenvolupar mitjan\u00e7ant la col\u00b7laboraci\u00f3 p\u00fablico-privada\u201d<\/strong>, ha ressaltat Tristany.<\/p>\n<p>&nbsp;<\/p>\n<p>Aix\u00ed, els ajuts tenen en compte la demanda de renovaci\u00f3 de maquin\u00e0ria i la instal\u00b7laci\u00f3 de nous processos productius que havia reclamat la ind\u00fastria per tal d\u2019impulsar la digitalitzaci\u00f3 i la conversi\u00f3 cap a una ind\u00fastria 4.0 i fer front als nous reptes d\u2019efici\u00e8ncia energ\u00e8tica i sostenibilitat, contribuint d\u2019aquesta manera a mantenir la competitivitat de l\u2019economia.<\/p>\n<p>&nbsp;<\/p>\n<p>Aquesta aposta per la ind\u00fastria fa possible que moltes pimes industrials estiguin creant llocs de treball mitjan\u00e7ant l\u2019impuls de nous projectes que impliquen inversions per a una nova ind\u00fastria m\u00e9s sostenible.\u00a0<strong>\u201cCom a pa\u00eds hem de fer front a un canvi de model productiu i per aix\u00f2 necessitem m\u00e9s empreses industrials compromeses, que l&#8217;administraci\u00f3 se sumi i cre\u00ef un entorn favorable per al desenvolupament de la ind\u00fastria positiva i que la societat sigui conscient del progr\u00e9s social que genera una economia m\u00e9s industrial\u201d<\/strong>, ha explicat el director general d\u2019<strong>amec<\/strong>, Joan Tristany.<\/p>\n<p>&nbsp;<\/p>\n<p>Aix\u00f2 \u00e9s precisament el que defensa el moviment\u00a0<a href=\"https:\/\/positiveindustry.org\/es\/sumate.htm\"><strong>Positive Industry<\/strong><\/a>\u00a0que ha impulsat\u00a0<strong>amec<\/strong>, que veu necessari aquest reconeixement expl\u00edcit cap a l\u2019important paper que t\u00e9 la ind\u00fastria com un dels agents amb m\u00e9s poder de transformaci\u00f3 social i econ\u00f2mica. Considera que l\u2019actuaci\u00f3 de la ind\u00fastria ha de ser en benefici de tots, i les empreses adherides s\u00f3n empreses industrials compromeses amb un progr\u00e9s sostenible.<\/p>\n<p>&nbsp;<\/p>\n<p><strong>amec impulsa els nous factors clau de competitivitat en les empreses<\/strong><\/p>\n<p>La comunitat de les empreses industrials internacionalitzades\u00a0<strong>amec<\/strong>\u00a0impulsa els nous factors clau de competitivitat en les empreses de tot l\u2019Estat:\u00a0<a href=\"https:\/\/www.youtube.com\/watch?v=SDztjgsQdBk&amp;feature=youtu.be\"><strong>anticipaci\u00f3, adaptabilitat, col<\/strong><strong>\u00b7<\/strong><strong>laboraci<\/strong><strong>\u00f3<\/strong><strong>, glocalitzaci<\/strong><strong>\u00f3<\/strong><strong>\u00a0i sostenibilitat<\/strong><\/a>. S\u00f3n uns factors que estan esdevenint essencials en l\u2019actual situaci\u00f3 de crisi per l\u2019impacte de la Covid-19 en l\u2019activitat industrial del nostre pa\u00eds. Les empreses que formen part d\u2019<strong>amec<\/strong>\u00a0generen un volum d&#8217;exportaci\u00f3 superior als 6.200 milions d&#8217;euros, exporten una mitjana del 56,3% de la seva facturaci\u00f3 i inverteixen el 4,4% en innovaci\u00f3.<\/p>\n<p>&nbsp;<\/p>\n<p><img fetchpriority=\"high\" decoding=\"async\" src=\"http:\/\/wecreatedesign.co\/dev\/WP\/amec\/wp-content\/uploads\/2023\/03\/reunio-amec-empresa-red-redim-w1000-h750.jpg\" alt=\"reuni\u00f3-amec-empresa-red.jpg\" width=\"1000\" height=\"750\" \/><\/p>\n<p>Foto:\u00a0<a href=\"https:\/\/govern.cat\/salapremsa\/notes-premsa\/477502\/empresa-treball-destina-17-milions-deuros-ajuts-projectes-industrials-prioritzant-petites-mitjanes-empreses\" target=\"_blank\" rel=\"noopener\">Departament d&#8217;Empresa Generalitat<\/a><\/p>\n<p>&nbsp;<\/p>\n<p><strong>Per a m\u00e9s informaci\u00f3:<\/strong><\/p>\n<p>Gl\u00f2ria Ayuso\u00a0<a href=\"mailto:Gloria.ayuso@ga-binet.com\">Gloria.ayuso@ga-binet.com<\/a><\/p>\n<p>Tel. 654609518<\/p>\n<p>&nbsp;<\/p>\n","protected":false},"excerpt":{"rendered":"<p>Per al director general d\u2019amec, Joan Tristany, impulsar la ind\u00fastria suposa, a m\u00e9s de promoure les startups industrials i captar inversions estrangeres, posar l\u2019atenci\u00f3 en la ind\u00fastria aut\u00f2ctona que opera en el territori. \u201cCom a pa\u00eds hem de fer front a un canvi de model productiu i per aix\u00f2 necessitem m\u00e9s empreses industrials compromeses, que [&hellip;]<\/p>\n","protected":false},"author":1,"featured_media":0,"comment_status":"open","ping_status":"open","sticky":false,"template":"","format":"standard","meta":{"inline_featured_image":false,"footnotes":""},"categories":[28],"tags":[],"class_list":["post-6709","post","type-post","status-publish","format-standard","hentry","category-notes-de-premsa"],"acf":[],"_links":{"self":[{"href":"https:\/\/en.amec.es\/index.php\/wp-json\/wp\/v2\/posts\/6709","targetHints":{"allow":["GET"]}}],"collection":[{"href":"https:\/\/en.amec.es\/index.php\/wp-json\/wp\/v2\/posts"}],"about":[{"href":"https:\/\/en.amec.es\/index.php\/wp-json\/wp\/v2\/types\/post"}],"author":[{"embeddable":true,"href":"https:\/\/en.amec.es\/index.php\/wp-json\/wp\/v2\/users\/1"}],"replies":[{"embeddable":true,"href":"https:\/\/en.amec.es\/index.php\/wp-json\/wp\/v2\/comments?post=6709"}],"version-history":[{"count":0,"href":"https:\/\/en.amec.es\/index.php\/wp-json\/wp\/v2\/posts\/6709\/revisions"}],"wp:attachment":[{"href":"https:\/\/en.amec.es\/index.php\/wp-json\/wp\/v2\/media?parent=6709"}],"wp:term":[{"taxonomy":"category","embeddable":true,"href":"https:\/\/en.amec.es\/index.php\/wp-json\/wp\/v2\/categories?post=6709"},{"taxonomy":"post_tag","embeddable":true,"href":"https:\/\/en.amec.es\/index.php\/wp-json\/wp\/v2\/tags?post=6709"}],"curies":[{"name":"wp","href":"https:\/\/api.w.org\/{rel}","templated":true}]}}