{"id":6886,"date":"2021-05-21T09:17:12","date_gmt":"2021-05-21T09:17:12","guid":{"rendered":"https:\/\/en.amec.es\/?p=6886"},"modified":"2023-10-19T09:18:24","modified_gmt":"2023-10-19T09:18:24","slug":"certificado-digital-verde-europeo-operativo-a-partir-del-1-de-abril","status":"publish","type":"post","link":"https:\/\/en.amec.es\/index.php\/2021\/05\/21\/certificado-digital-verde-europeo-operativo-a-partir-del-1-de-abril\/","title":{"rendered":"Certificado Digital Verde europeo: operativo a partir del 1 de abril"},"content":{"rendered":"<div class=\"amplada-pagina fecha_pub\"><strong>21 de mayo de 2021<\/strong><\/div>\n<div class=\"amplada-pagina descripcion\">\n<p class=\"Remarca\">La propuesta lanzada por la Comisi\u00f3n Europea el pasado mes de marzo acerca del Certificado Digital Verde parece tener fecha de salida.<\/p>\n<p>A falta de la ratificaci\u00f3n formal, que tendr\u00e1 lugar en junio, todo hace indicar que <strong>a partir del 1 de julio de este mismo a\u00f1o estar\u00e1 operativo el\u00a0<a href=\"https:\/\/www.lavanguardia.com\/vida\/20210502\/7422653\/asi-funcionara-certificado-vacunas.html\">certificado de vacunaci\u00f3n<\/a>\u00a0que permitir\u00e1 agilizar la movilidad en el interior de la Uni\u00f3n Europea<\/strong>. Mediante dicho certificado, las personas podr\u00e1n corroborar haber sido vacunadas contra la COVID-19, haber desarrollado anticuerpos o haber realizado una prueba PCR con resultado negativo.<\/p>\n<p>\u00bfCu\u00e1les ser\u00e1n sus implicaciones y qu\u00e9 impacto tendr\u00e1 en la sociedad?<\/p>\n<p class=\"title_with_yellow_after\">Luces:<\/p>\n<ul>\n<li>Ser\u00e1 accesible y seguro para todos, no discriminatorio y tendr\u00e1 solo informaci\u00f3n esencial del pasajero. Ning\u00fan dato del pasajero permanecer\u00e1 en el estado miembro verificador por lo que\u00a0<strong>se garantizar\u00e1 la privacidad de los datos<\/strong>.<\/li>\n<li><strong>No supondr\u00e1 costes<\/strong> y podr\u00e1 ser en papel o digital, a trav\u00e9s de un c\u00f3digo QR. Adem\u00e1s, no ser\u00e1 una condici\u00f3n para la libertad de movimiento dentro de la UE, de tal modo que no se establecer\u00e1 su obligatoriedad.<\/li>\n<li><strong>Se prev\u00e9 que su uso sea\u00a0de car\u00e1cter temporal<\/strong> y sea suspendido una vez la Organizaci\u00f3n Mundial de la Salud declare el fin de la emergencia de salud p\u00fablica internacional por la COVID-19.<\/li>\n<\/ul>\n<p class=\"title_with_yellow_after\">Y sombras:<\/p>\n<ul>\n<li>El certificado <strong>s\u00f3lo sirve para notificar la situaci\u00f3n del propietario<\/strong>, no da ning\u00fan privilegio. Aunque puede facilitar la movilidad, no permitir\u00e1 autom\u00e1ticamente la entrada en los Estados miembro.<\/li>\n<li><strong>No hay gratuidad de los tests PCR<\/strong> como se ped\u00eda, aunque se destinan 100 millones para abaratar su coste. Asimismo, cada vez son m\u00e1s las personas vacunadas, por lo que menos tests ser\u00e1n necesarios y, por tanto, m\u00e1s se podr\u00e1n subvencionar.<\/li>\n<\/ul>\n<p>Veremos cu\u00e1l es su alcance en la recuperaci\u00f3n hacia \u201cla nueva normalidad\u201d que tanto deseamos todos.<\/p>\n<p><strong>M\u00e1s informaci\u00f3n<\/strong><\/p>\n<p>Certificado Digital Verde<\/p>\n<p><a href=\"https:\/\/ec.europa.eu\/commission\/presscorner\/detail\/es\/fs_21_1208\" target=\"_blank\" rel=\"noopener\">https:\/\/ec.europa.eu\/commission\/presscorner\/detail\/es\/fs_21_1208<\/a><\/p>\n<p>&nbsp;<\/p>\n<hr \/>\n<p><strong>Ferran Roura Caracuel<\/strong><\/p>\n<p><em><strong>Observatorio amec<\/strong><\/em><\/p>\n<p><a href=\"mailto:froura@amec.es\">froura@amec.es<\/a><\/p>\n<p>* Ferran Roura es estudiante de Negocios y Marketing Internacionales en ESCI<\/p>\n<\/div>\n","protected":false},"excerpt":{"rendered":"<p>21 de mayo de 2021 La propuesta lanzada por la Comisi\u00f3n Europea el pasado mes de marzo acerca del Certificado Digital Verde parece tener fecha de salida. A falta de la ratificaci\u00f3n formal, que tendr\u00e1 lugar en junio, todo hace indicar que a partir del 1 de julio de este mismo a\u00f1o estar\u00e1 operativo el\u00a0certificado [&hellip;]<\/p>\n","protected":false},"author":1,"featured_media":0,"comment_status":"open","ping_status":"open","sticky":false,"template":"","format":"standard","meta":{"inline_featured_image":false,"footnotes":""},"categories":[41],"tags":[],"class_list":["post-6886","post","type-post","status-publish","format-standard","hentry","category-pildoras-de-conocimiento"],"acf":[],"_links":{"self":[{"href":"https:\/\/en.amec.es\/index.php\/wp-json\/wp\/v2\/posts\/6886","targetHints":{"allow":["GET"]}}],"collection":[{"href":"https:\/\/en.amec.es\/index.php\/wp-json\/wp\/v2\/posts"}],"about":[{"href":"https:\/\/en.amec.es\/index.php\/wp-json\/wp\/v2\/types\/post"}],"author":[{"embeddable":true,"href":"https:\/\/en.amec.es\/index.php\/wp-json\/wp\/v2\/users\/1"}],"replies":[{"embeddable":true,"href":"https:\/\/en.amec.es\/index.php\/wp-json\/wp\/v2\/comments?post=6886"}],"version-history":[{"count":1,"href":"https:\/\/en.amec.es\/index.php\/wp-json\/wp\/v2\/posts\/6886\/revisions"}],"predecessor-version":[{"id":6889,"href":"https:\/\/en.amec.es\/index.php\/wp-json\/wp\/v2\/posts\/6886\/revisions\/6889"}],"wp:attachment":[{"href":"https:\/\/en.amec.es\/index.php\/wp-json\/wp\/v2\/media?parent=6886"}],"wp:term":[{"taxonomy":"category","embeddable":true,"href":"https:\/\/en.amec.es\/index.php\/wp-json\/wp\/v2\/categories?post=6886"},{"taxonomy":"post_tag","embeddable":true,"href":"https:\/\/en.amec.es\/index.php\/wp-json\/wp\/v2\/tags?post=6886"}],"curies":[{"name":"wp","href":"https:\/\/api.w.org\/{rel}","templated":true}]}}