{"id":6888,"date":"2021-05-13T09:17:14","date_gmt":"2021-05-13T09:17:14","guid":{"rendered":"https:\/\/en.amec.es\/?p=6888"},"modified":"2023-10-19T09:20:32","modified_gmt":"2023-10-19T09:20:32","slug":"nuevas-prioridades-industriales-en-europa-tras-la-covid-19","status":"publish","type":"post","link":"https:\/\/en.amec.es\/index.php\/2021\/05\/13\/nuevas-prioridades-industriales-en-europa-tras-la-covid-19\/","title":{"rendered":"Nuevas prioridades industriales en Europa tras la Covid-19"},"content":{"rendered":"<div class=\"amplada-pagina fecha_pub\"><strong>13 de mayo de 2021<\/strong><\/div>\n<div class=\"amplada-pagina descripcion\">\n<p>El d\u00eda despu\u00e9s de sentar las bases de una nueva estrategia industrial europea, la OMS declar\u00f3 la pandemia de la Covid-19. Ahora, la CE publica una actualizaci\u00f3n sobre la misma.<\/p>\n<p>El 10 de marzo de 2020, la Comisi\u00f3n Europea sent\u00f3 las bases de una estrategia industrial que busca impulsar una doble transici\u00f3n ecol\u00f3gica y digital, reforzar la competitividad industrial de la UE a nivel mundial y mejorar su autonom\u00eda estrat\u00e9gica. Al d\u00eda siguiente de la presentaci\u00f3n de la nueva estrategia industrial, la OMS declar\u00f3 la pandemia de COVID-19.<\/p>\n<p>M\u00e1s de un a\u00f1o despu\u00e9s, gran parte de los esfuerzos est\u00e1n ya en curso, pero <strong>requieren esfuerzos espec\u00edficos<\/strong>. La pandemia ha puesto de manifiesto la interdependencia de las cadenas globales de valor y la importancia de un mercado \u00fanico integrado. Sobre esta base, la estrategia industrial actualizada se centra en los siguientes aspectos:<\/p>\n<p class=\"Titol_Portada title_with_yellow_after\">Resiliencia del mercado \u00fanico<\/p>\n<ul>\n<li>Aplicaci\u00f3n de un <strong>instrumento de emergencia<\/strong> que permita la libre circulaci\u00f3n de personas, bienes y servicios en el contexto de posibles crisis futuras. (Q1 2022)<\/li>\n<li>Estudiar la <strong>armonizaci\u00f3n de normas<\/strong> para servicios industriales (en curso)<\/li>\n<li>Se trabaja para elaborar formulario\/plantilla com\u00fan para la declaraci\u00f3n del <strong>desplazamiento de trabajadores<\/strong> (Q1 2022)<\/li>\n<li>En el marco del programa InvestEU, se trabaja en el apoyo al capital y a la financiaci\u00f3n de fondos propios para <strong>apoyar a las PYMES<\/strong> (en curso)<\/li>\n<\/ul>\n<p class=\"title_with_yellow_after\">Refuerzo de la autonom\u00eda estrat\u00e9gica<\/p>\n<p>La UE es <strong>altamente dependiente<\/strong> de proveedores externos para productos estrat\u00e9gicos, que representan el 6% del valor de todas las importaciones. M\u00e1s de la mitad de estas dependencias corresponden a productos originarios de China y, en menor medida, de Vietnam y de Brasil.<\/p>\n<p>&nbsp;<\/p>\n<p><img fetchpriority=\"high\" decoding=\"async\" src=\"https:\/\/www.amec.es\/media\/site1\/cache\/images\/imports-ue-redim-w573-h262.png\" alt=\"imports UE.png\" width=\"573\" height=\"262\" \/><\/p>\n<p>&nbsp;<\/p>\n<p>Adem\u00e1s, hay seis \u00e1mbitos industriales estrat\u00e9gicos en los que la UE es dependiente del exterior: materias primas, bater\u00edas, ingredientes farmac\u00e9uticos activos, hidr\u00f3geno, semiconductores y tecnolog\u00edas de computaci\u00f3n en nube y borde.<\/p>\n<p>Para ello, <strong>la CE destaca las alianzas industriales<\/strong> como una herramienta adecuada para desarrollar actividad y atraer inversi\u00f3n. En este sentido, la Comisi\u00f3n est\u00e1 preparando:<\/p>\n<ul>\n<li>Puesta en marcha de la alianza sobre tecnolog\u00edas de procesadores y semiconductores, la alianza sobre datos industriales, computaci\u00f3n en el borde y la nube. (Q2 2021)<\/li>\n<li>Se estudia la posibilidad de preparar una alianza sobre lanzadores espaciales y otra sobre aviaci\u00f3n de cero emisiones. (en curso)<\/li>\n<\/ul>\n<p class=\"title_with_yellow_after\">\u00a0Aceleraci\u00f3n de la doble transici\u00f3n<\/p>\n<p>La doble transici\u00f3n ya est\u00e1 en marcha con la aprobaci\u00f3n del Green Deal Europeo y aprobaci\u00f3n del Mecanismo de Recuperaci\u00f3n y Resiliencia se pretende potenciar la transformaci\u00f3n verde y digital. Dentro de este marco de actuaci\u00f3n, la CE propone:<\/p>\n<ul>\n<li>Co-creaci\u00f3n de <strong>v\u00edas de transici\u00f3n verde y digital<\/strong> para ecosistemas relevantes, empezando por el turismo y las industrias de alto consumo energ\u00e9tico. (Q2 2021)<\/li>\n<li>Promoci\u00f3n de la <strong>compra de energ\u00edas renovables<\/strong> (Q2 2021)<\/li>\n<li>Apoyar los <strong>proyectos plurinacionales<\/strong> para maximizar las inversiones (en curso)<\/li>\n<li>Reunir fondos p\u00fablico-privados para la <strong>investigaci\u00f3n<\/strong> bajo el marco del programa Horizon Europe. (en curso)<\/li>\n<\/ul>\n<hr \/>\n<p><strong>Gerard Vall\u00e8s<\/strong><\/p>\n<p><em><strong>Observatorio amec<\/strong><\/em><\/p>\n<p><a href=\"mailto:sgonzalez@amec.es\">gvalles@amec.es<\/a><\/p>\n<\/div>\n","protected":false},"excerpt":{"rendered":"<p>13 de mayo de 2021 El d\u00eda despu\u00e9s de sentar las bases de una nueva estrategia industrial europea, la OMS declar\u00f3 la pandemia de la Covid-19. Ahora, la CE publica una actualizaci\u00f3n sobre la misma. El 10 de marzo de 2020, la Comisi\u00f3n Europea sent\u00f3 las bases de una estrategia industrial que busca impulsar una [&hellip;]<\/p>\n","protected":false},"author":1,"featured_media":0,"comment_status":"open","ping_status":"open","sticky":false,"template":"","format":"standard","meta":{"inline_featured_image":false,"footnotes":""},"categories":[41],"tags":[],"class_list":["post-6888","post","type-post","status-publish","format-standard","hentry","category-pildoras-de-conocimiento"],"acf":[],"_links":{"self":[{"href":"https:\/\/en.amec.es\/index.php\/wp-json\/wp\/v2\/posts\/6888","targetHints":{"allow":["GET"]}}],"collection":[{"href":"https:\/\/en.amec.es\/index.php\/wp-json\/wp\/v2\/posts"}],"about":[{"href":"https:\/\/en.amec.es\/index.php\/wp-json\/wp\/v2\/types\/post"}],"author":[{"embeddable":true,"href":"https:\/\/en.amec.es\/index.php\/wp-json\/wp\/v2\/users\/1"}],"replies":[{"embeddable":true,"href":"https:\/\/en.amec.es\/index.php\/wp-json\/wp\/v2\/comments?post=6888"}],"version-history":[{"count":1,"href":"https:\/\/en.amec.es\/index.php\/wp-json\/wp\/v2\/posts\/6888\/revisions"}],"predecessor-version":[{"id":6891,"href":"https:\/\/en.amec.es\/index.php\/wp-json\/wp\/v2\/posts\/6888\/revisions\/6891"}],"wp:attachment":[{"href":"https:\/\/en.amec.es\/index.php\/wp-json\/wp\/v2\/media?parent=6888"}],"wp:term":[{"taxonomy":"category","embeddable":true,"href":"https:\/\/en.amec.es\/index.php\/wp-json\/wp\/v2\/categories?post=6888"},{"taxonomy":"post_tag","embeddable":true,"href":"https:\/\/en.amec.es\/index.php\/wp-json\/wp\/v2\/tags?post=6888"}],"curies":[{"name":"wp","href":"https:\/\/api.w.org\/{rel}","templated":true}]}}